{"id":4586,"date":"2018-03-08T10:17:16","date_gmt":"2018-03-08T13:17:16","guid":{"rendered":"http:\/\/dsrmedios.com.ar\/diario\/?p=4586"},"modified":"2018-03-08T10:17:16","modified_gmt":"2018-03-08T13:17:16","slug":"se-abrieron-las-inscripciones-para-las-carreras-de-enfermeria","status":"publish","type":"post","link":"http:\/\/dsrmedios.com.ar\/diario\/archivos\/4586","title":{"rendered":"Se abrieron las inscripciones para las carreras de Enfermer\u00eda"},"content":{"rendered":"<p>Hasta el 12 de marzo est\u00e1 abierta la inscripci\u00f3n a la carrera de Enfermero Profesional en el Instituto Superior de Formaci\u00f3n San Jos\u00e9 de Carhu\u00e9 con la cooperaci\u00f3n del Municipio.<br \/>\nLa tecnicatura Profesional en Enfermer\u00eda dura 3 a\u00f1os y tiene salida laboral tanto en el \u00e1mbito p\u00fablico como privado.<br \/>\nLa inscripci\u00f3n se puede realizar todos los d\u00edas de 18 a 21hs en la Secretar\u00eda del Instituto San Jos\u00e9 ubicado en Col\u00f3n y Alsina.<br \/>\nLa carrera se llevar\u00e1 a cabo a partir del trabajo conjunto del Municipio y el Instituto para poder dar respuesta a una necesidad de estos profesionales en todo el distrito.<\/p>\n","protected":false},"excerpt":{"rendered":"<div class=\"mh-excerpt\"><p>Hasta el 12 de marzo est\u00e1 abierta la inscripci\u00f3n a la carrera de Enfermero Profesional en el Instituto Superior de Formaci\u00f3n San Jos\u00e9 de Carhu\u00e9 con la cooperaci\u00f3n del Municipio. La tecnicatura Profesional en Enfermer\u00eda dura 3 a\u00f1os y tiene salida laboral tanto en el \u00e1mbito p\u00fablico como privado. La inscripci\u00f3n se puede realizar todos los d\u00edas de 18 a 21hs en la Secretar\u00eda del Instituto San Jos\u00e9 ubicado en Col\u00f3n y Alsina. La carrera se llevar\u00e1 a cabo a partir del trabajo conjunto del Municipio y el Instituto para poder dar respuesta a una necesidad de estos profesionales en <a class=\"mh-excerpt-more\" href=\"http:\/\/dsrmedios.com.ar\/diario\/archivos\/4586\" title=\"Se abrieron las inscripciones para las carreras de Enfermer\u00eda\">[Leer m\u00e1s]<\/a><\/p>\n<\/div>","protected":false},"author":5,"featured_media":4587,"comment_status":"open","ping_status":"closed","sticky":false,"template":"","format":"standard","meta":{"_jetpack_newsletter_access":""},"categories":[2,18,5],"tags":[],"jetpack_featured_media_url":"http:\/\/dsrmedios.com.ar\/diario\/wp-content\/uploads\/2018\/03\/enfermeria.jpeg","jetpack_sharing_enabled":true,"jetpack_shortlink":"https:\/\/wp.me\/p9fihK-1bY","_links":{"self":[{"href":"http:\/\/dsrmedios.com.ar\/diario\/wp-json\/wp\/v2\/posts\/4586"}],"collection":[{"href":"http:\/\/dsrmedios.com.ar\/diario\/wp-json\/wp\/v2\/posts"}],"about":[{"href":"http:\/\/dsrmedios.com.ar\/diario\/wp-json\/wp\/v2\/types\/post"}],"author":[{"embeddable":true,"href":"http:\/\/dsrmedios.com.ar\/diario\/wp-json\/wp\/v2\/users\/5"}],"replies":[{"embeddable":true,"href":"http:\/\/dsrmedios.com.ar\/diario\/wp-json\/wp\/v2\/comments?post=4586"}],"version-history":[{"count":1,"href":"http:\/\/dsrmedios.com.ar\/diario\/wp-json\/wp\/v2\/posts\/4586\/revisions"}],"predecessor-version":[{"id":4588,"href":"http:\/\/dsrmedios.com.ar\/diario\/wp-json\/wp\/v2\/posts\/4586\/revisions\/4588"}],"wp:featuredmedia":[{"embeddable":true,"href":"http:\/\/dsrmedios.com.ar\/diario\/wp-json\/wp\/v2\/media\/4587"}],"wp:attachment":[{"href":"http:\/\/dsrmedios.com.ar\/diario\/wp-json\/wp\/v2\/media?parent=4586"}],"wp:term":[{"taxonomy":"category","embeddable":true,"href":"http:\/\/dsrmedios.com.ar\/diario\/wp-json\/wp\/v2\/categories?post=4586"},{"taxonomy":"post_tag","embeddable":true,"href":"http:\/\/dsrmedios.com.ar\/diario\/wp-json\/wp\/v2\/tags?post=4586"}],"curies":[{"name":"wp","href":"https:\/\/api.w.org\/{rel}","templated":true}]}}