{"id":4578,"date":"2018-03-07T09:49:33","date_gmt":"2018-03-07T12:49:33","guid":{"rendered":"http:\/\/dsrmedios.com.ar\/diario\/?p=4578"},"modified":"2018-03-07T09:49:33","modified_gmt":"2018-03-07T12:49:33","slug":"se-dio-comienzo-oficialmente-al-ciclo-lectivo-2018-en-el-distrito-de-adolfo-alsina","status":"publish","type":"post","link":"http:\/\/dsrmedios.com.ar\/diario\/archivos\/4578","title":{"rendered":"Se di\u00f3 comienzo oficialmente al ciclo lectivo 2018 en el Distrito de Adolfo Alsina"},"content":{"rendered":"<p>En Adolfo Alsina el tradicional acto de inicio de ciclo lectivo en el distrito se llev\u00f3 a cabo en la Escuela N\u00ba41, el Jard\u00edn n\u00ba 902 y el Instituto Mariano Moreno\u00a0de la localidad de Rivera y en la Escuela Secundaria N\u00ba2 de Carhu\u00e9.<br \/>\nCon la presencia de Claudio Kosak, Presidente del Consejo Escolar, Gabriela Actis, Directora de Cultura y Educaci\u00f3n del Municipio y Mariana Rodr\u00edguez, Jefa Distrital de Ense\u00f1anza, se dio comienzo al a\u00f1o escolar en nivel inicial, primario y secundario.<\/p>\n","protected":false},"excerpt":{"rendered":"<div class=\"mh-excerpt\"><p>En Adolfo Alsina el tradicional acto de inicio de ciclo lectivo en el distrito se llev\u00f3 a cabo en la Escuela N\u00ba41, el Jard\u00edn n\u00ba 902 y el Instituto Mariano Moreno\u00a0de la localidad de Rivera y en la Escuela Secundaria N\u00ba2 de Carhu\u00e9. Con la presencia de Claudio Kosak, Presidente del Consejo Escolar, Gabriela Actis, Directora de Cultura y Educaci\u00f3n del Municipio y Mariana Rodr\u00edguez, Jefa Distrital de Ense\u00f1anza, se dio comienzo al a\u00f1o escolar en nivel inicial, primario y secundario.<\/p>\n<\/div>","protected":false},"author":5,"featured_media":4581,"comment_status":"open","ping_status":"closed","sticky":false,"template":"","format":"standard","meta":{"_jetpack_newsletter_access":""},"categories":[18,5],"tags":[],"jetpack_featured_media_url":"http:\/\/dsrmedios.com.ar\/diario\/wp-content\/uploads\/2018\/03\/ciclo201.jpeg","jetpack_sharing_enabled":true,"jetpack_shortlink":"https:\/\/wp.me\/p9fihK-1bQ","_links":{"self":[{"href":"http:\/\/dsrmedios.com.ar\/diario\/wp-json\/wp\/v2\/posts\/4578"}],"collection":[{"href":"http:\/\/dsrmedios.com.ar\/diario\/wp-json\/wp\/v2\/posts"}],"about":[{"href":"http:\/\/dsrmedios.com.ar\/diario\/wp-json\/wp\/v2\/types\/post"}],"author":[{"embeddable":true,"href":"http:\/\/dsrmedios.com.ar\/diario\/wp-json\/wp\/v2\/users\/5"}],"replies":[{"embeddable":true,"href":"http:\/\/dsrmedios.com.ar\/diario\/wp-json\/wp\/v2\/comments?post=4578"}],"version-history":[{"count":1,"href":"http:\/\/dsrmedios.com.ar\/diario\/wp-json\/wp\/v2\/posts\/4578\/revisions"}],"predecessor-version":[{"id":4582,"href":"http:\/\/dsrmedios.com.ar\/diario\/wp-json\/wp\/v2\/posts\/4578\/revisions\/4582"}],"wp:featuredmedia":[{"embeddable":true,"href":"http:\/\/dsrmedios.com.ar\/diario\/wp-json\/wp\/v2\/media\/4581"}],"wp:attachment":[{"href":"http:\/\/dsrmedios.com.ar\/diario\/wp-json\/wp\/v2\/media?parent=4578"}],"wp:term":[{"taxonomy":"category","embeddable":true,"href":"http:\/\/dsrmedios.com.ar\/diario\/wp-json\/wp\/v2\/categories?post=4578"},{"taxonomy":"post_tag","embeddable":true,"href":"http:\/\/dsrmedios.com.ar\/diario\/wp-json\/wp\/v2\/tags?post=4578"}],"curies":[{"name":"wp","href":"https:\/\/api.w.org\/{rel}","templated":true}]}}