{"id":45754,"date":"2025-07-18T07:52:30","date_gmt":"2025-07-18T10:52:30","guid":{"rendered":"http:\/\/dsrmedios.com.ar\/diario\/?p=45754"},"modified":"2025-07-19T05:29:06","modified_gmt":"2025-07-19T08:29:06","slug":"entrevista-al-comerciante-ezequiel-schimdt","status":"publish","type":"post","link":"http:\/\/dsrmedios.com.ar\/diario\/archivos\/45754","title":{"rendered":"Entrevista al comerciante Ezequiel Schimdt"},"content":{"rendered":"\n<p>El joven propietario de una tienda en nuestra ciudad explic\u00f3 como se actualiza para ofrecer propuestas innovadoras y como enfrenta la cr\u00edsis que sufre el comercio minorista ante la recesi\u00f3n de las ventas y los agentes que se suman a las preocupaciones diarias.<\/p>\n\n\n\n<figure class=\"wp-block-embed is-type-video is-provider-youtube wp-block-embed-youtube wp-embed-aspect-16-9 wp-has-aspect-ratio\"><div class=\"wp-block-embed__wrapper\">\n<span class=\"embed-youtube\" style=\"text-align:center; display: block;\"><iframe loading=\"lazy\" class=\"youtube-player\" width=\"640\" height=\"360\" src=\"https:\/\/www.youtube.com\/embed\/haRXoDtQmeU?version=3&#038;rel=1&#038;showsearch=0&#038;showinfo=1&#038;iv_load_policy=1&#038;fs=1&#038;hl=es-ES&#038;autohide=2&#038;wmode=transparent\" allowfullscreen=\"true\" style=\"border:0;\" sandbox=\"allow-scripts allow-same-origin allow-popups allow-presentation\"><\/iframe><\/span>\n<\/div><\/figure>\n\n\n\n<figure class=\"wp-block-image size-large\"><a href=\"http:\/\/dsrmedios.com.ar\/diario\/wp-content\/uploads\/2025\/07\/b2.jpg\"><img decoding=\"async\" loading=\"lazy\" width=\"1024\" height=\"1008\" src=\"http:\/\/dsrmedios.com.ar\/diario\/wp-content\/uploads\/2025\/07\/b2-1024x1008.jpg\" alt=\"\" class=\"wp-image-45759\" srcset=\"http:\/\/dsrmedios.com.ar\/diario\/wp-content\/uploads\/2025\/07\/b2-1024x1008.jpg 1024w, http:\/\/dsrmedios.com.ar\/diario\/wp-content\/uploads\/2025\/07\/b2-300x295.jpg 300w, http:\/\/dsrmedios.com.ar\/diario\/wp-content\/uploads\/2025\/07\/b2-768x756.jpg 768w, http:\/\/dsrmedios.com.ar\/diario\/wp-content\/uploads\/2025\/07\/b2.jpg 1080w\" sizes=\"(max-width: 1024px) 100vw, 1024px\" \/><\/a><\/figure>\n\n\n\n<figure class=\"wp-block-image size-large\"><a href=\"http:\/\/dsrmedios.com.ar\/diario\/wp-content\/uploads\/2025\/07\/b1.jpg\"><img decoding=\"async\" loading=\"lazy\" width=\"1024\" height=\"1006\" src=\"http:\/\/dsrmedios.com.ar\/diario\/wp-content\/uploads\/2025\/07\/b1-1024x1006.jpg\" alt=\"\" class=\"wp-image-45760\" srcset=\"http:\/\/dsrmedios.com.ar\/diario\/wp-content\/uploads\/2025\/07\/b1-1024x1006.jpg 1024w, http:\/\/dsrmedios.com.ar\/diario\/wp-content\/uploads\/2025\/07\/b1-300x295.jpg 300w, http:\/\/dsrmedios.com.ar\/diario\/wp-content\/uploads\/2025\/07\/b1-768x754.jpg 768w, http:\/\/dsrmedios.com.ar\/diario\/wp-content\/uploads\/2025\/07\/b1.jpg 1080w\" sizes=\"(max-width: 1024px) 100vw, 1024px\" \/><\/a><\/figure>\n\n\n\n<figure class=\"wp-block-image size-large\"><a href=\"http:\/\/dsrmedios.com.ar\/diario\/wp-content\/uploads\/2025\/07\/b4.jpg\"><img decoding=\"async\" loading=\"lazy\" width=\"604\" height=\"1024\" src=\"http:\/\/dsrmedios.com.ar\/diario\/wp-content\/uploads\/2025\/07\/b4-604x1024.jpg\" alt=\"\" class=\"wp-image-45762\" srcset=\"http:\/\/dsrmedios.com.ar\/diario\/wp-content\/uploads\/2025\/07\/b4-604x1024.jpg 604w, http:\/\/dsrmedios.com.ar\/diario\/wp-content\/uploads\/2025\/07\/b4-177x300.jpg 177w, http:\/\/dsrmedios.com.ar\/diario\/wp-content\/uploads\/2025\/07\/b4-768x1302.jpg 768w, http:\/\/dsrmedios.com.ar\/diario\/wp-content\/uploads\/2025\/07\/b4-906x1536.jpg 906w, http:\/\/dsrmedios.com.ar\/diario\/wp-content\/uploads\/2025\/07\/b4.jpg 944w\" sizes=\"(max-width: 604px) 100vw, 604px\" \/><\/a><\/figure>\n","protected":false},"excerpt":{"rendered":"<div class=\"mh-excerpt\"><p>El joven propietario de una tienda en nuestra ciudad explic\u00f3 como se actualiza para ofrecer propuestas innovadoras y como enfrenta la cr\u00edsis que sufre el comercio minorista ante la recesi\u00f3n de las ventas y los agentes que se suman a las preocupaciones diarias.<\/p>\n<\/div>","protected":false},"author":5,"featured_media":45755,"comment_status":"open","ping_status":"closed","sticky":false,"template":"","format":"standard","meta":{"_jetpack_newsletter_access":""},"categories":[18,32],"tags":[],"jetpack_featured_media_url":"http:\/\/dsrmedios.com.ar\/diario\/wp-content\/uploads\/2025\/07\/Ezequiel-Smith-entrevista-18-julio-2025.jpeg","jetpack_sharing_enabled":true,"jetpack_shortlink":"https:\/\/wp.me\/p9fihK-bTY","_links":{"self":[{"href":"http:\/\/dsrmedios.com.ar\/diario\/wp-json\/wp\/v2\/posts\/45754"}],"collection":[{"href":"http:\/\/dsrmedios.com.ar\/diario\/wp-json\/wp\/v2\/posts"}],"about":[{"href":"http:\/\/dsrmedios.com.ar\/diario\/wp-json\/wp\/v2\/types\/post"}],"author":[{"embeddable":true,"href":"http:\/\/dsrmedios.com.ar\/diario\/wp-json\/wp\/v2\/users\/5"}],"replies":[{"embeddable":true,"href":"http:\/\/dsrmedios.com.ar\/diario\/wp-json\/wp\/v2\/comments?post=45754"}],"version-history":[{"count":2,"href":"http:\/\/dsrmedios.com.ar\/diario\/wp-json\/wp\/v2\/posts\/45754\/revisions"}],"predecessor-version":[{"id":45763,"href":"http:\/\/dsrmedios.com.ar\/diario\/wp-json\/wp\/v2\/posts\/45754\/revisions\/45763"}],"wp:featuredmedia":[{"embeddable":true,"href":"http:\/\/dsrmedios.com.ar\/diario\/wp-json\/wp\/v2\/media\/45755"}],"wp:attachment":[{"href":"http:\/\/dsrmedios.com.ar\/diario\/wp-json\/wp\/v2\/media?parent=45754"}],"wp:term":[{"taxonomy":"category","embeddable":true,"href":"http:\/\/dsrmedios.com.ar\/diario\/wp-json\/wp\/v2\/categories?post=45754"},{"taxonomy":"post_tag","embeddable":true,"href":"http:\/\/dsrmedios.com.ar\/diario\/wp-json\/wp\/v2\/tags?post=45754"}],"curies":[{"name":"wp","href":"https:\/\/api.w.org\/{rel}","templated":true}]}}