{"id":4572,"date":"2018-03-07T08:37:11","date_gmt":"2018-03-07T11:37:11","guid":{"rendered":"http:\/\/dsrmedios.com.ar\/diario\/?p=4572"},"modified":"2018-03-09T09:44:28","modified_gmt":"2018-03-09T12:44:28","slug":"el-contador-facundo-montenegro-asumira-la-intendencia-interinamente-hasta-el-24-de-marzo","status":"publish","type":"post","link":"http:\/\/dsrmedios.com.ar\/diario\/archivos\/4572","title":{"rendered":"El Contador Facundo Montenegro asumir\u00e1 la intendencia interinamente hasta el 24 de marzo"},"content":{"rendered":"<p>El Contador Facundo Montenegro jur\u00f3 el pasado lunes para asumir a partir del d\u00eda 9 de marzo la intendencia municipal interinamente hasta el 24 de marzo en reemplazo del jefe comunal David Hirtz quien se tomar\u00e1 vacaciones durante ese lapso.<\/p>\n<p>En el cargo de concejal que ocupa Montenegro, asumir\u00e1 el suplente Miguel Heffner de la localidad de San Miguel Arc\u00e1ngel.<\/p>\n<p>&nbsp;<\/p>\n","protected":false},"excerpt":{"rendered":"<div class=\"mh-excerpt\"><p>El Contador Facundo Montenegro jur\u00f3 el pasado lunes para asumir a partir del d\u00eda 9 de marzo la intendencia municipal interinamente hasta el 24 de marzo en reemplazo del jefe comunal David Hirtz quien se tomar\u00e1 vacaciones durante ese lapso. En el cargo de concejal que ocupa Montenegro, asumir\u00e1 el suplente Miguel Heffner de la localidad de San Miguel Arc\u00e1ngel. &nbsp;<\/p>\n<\/div>","protected":false},"author":5,"featured_media":4573,"comment_status":"open","ping_status":"closed","sticky":false,"template":"","format":"standard","meta":{"_jetpack_newsletter_access":""},"categories":[18],"tags":[],"jetpack_featured_media_url":"http:\/\/dsrmedios.com.ar\/diario\/wp-content\/uploads\/2018\/03\/montenegrointerino.jpg","jetpack_sharing_enabled":true,"jetpack_shortlink":"https:\/\/wp.me\/p9fihK-1bK","_links":{"self":[{"href":"http:\/\/dsrmedios.com.ar\/diario\/wp-json\/wp\/v2\/posts\/4572"}],"collection":[{"href":"http:\/\/dsrmedios.com.ar\/diario\/wp-json\/wp\/v2\/posts"}],"about":[{"href":"http:\/\/dsrmedios.com.ar\/diario\/wp-json\/wp\/v2\/types\/post"}],"author":[{"embeddable":true,"href":"http:\/\/dsrmedios.com.ar\/diario\/wp-json\/wp\/v2\/users\/5"}],"replies":[{"embeddable":true,"href":"http:\/\/dsrmedios.com.ar\/diario\/wp-json\/wp\/v2\/comments?post=4572"}],"version-history":[{"count":4,"href":"http:\/\/dsrmedios.com.ar\/diario\/wp-json\/wp\/v2\/posts\/4572\/revisions"}],"predecessor-version":[{"id":4585,"href":"http:\/\/dsrmedios.com.ar\/diario\/wp-json\/wp\/v2\/posts\/4572\/revisions\/4585"}],"wp:featuredmedia":[{"embeddable":true,"href":"http:\/\/dsrmedios.com.ar\/diario\/wp-json\/wp\/v2\/media\/4573"}],"wp:attachment":[{"href":"http:\/\/dsrmedios.com.ar\/diario\/wp-json\/wp\/v2\/media?parent=4572"}],"wp:term":[{"taxonomy":"category","embeddable":true,"href":"http:\/\/dsrmedios.com.ar\/diario\/wp-json\/wp\/v2\/categories?post=4572"},{"taxonomy":"post_tag","embeddable":true,"href":"http:\/\/dsrmedios.com.ar\/diario\/wp-json\/wp\/v2\/tags?post=4572"}],"curies":[{"name":"wp","href":"https:\/\/api.w.org\/{rel}","templated":true}]}}