{"id":45692,"date":"2025-05-30T06:40:24","date_gmt":"2025-05-30T09:40:24","guid":{"rendered":"http:\/\/dsrmedios.com.ar\/diario\/?p=45692"},"modified":"2025-05-30T06:40:27","modified_gmt":"2025-05-30T09:40:27","slug":"axel-kicillof-lanzo-su-propio-movimiento-derecho-al-futuro","status":"publish","type":"post","link":"http:\/\/dsrmedios.com.ar\/diario\/archivos\/45692","title":{"rendered":"Axel Kicillof lanz\u00f3 su propio movimiento &#8220;Derecho al Futuro&#8221;"},"content":{"rendered":"\n<p><\/p>\n\n\n\n<p>Fuente: www.latecla.com<\/p>\n\n\n\n<p>Con un debate previo en comisiones y un multitudinario acto en La Plata, el kicillofismo dio el puntapi\u00e9 inicial al plenario del Movimiento Derecho al Futuro de cara a las elecciones bonaerenses del pr\u00f3ximo 7 de septiembre.<\/p>\n\n\n\n<p>La cita se desarroll\u00f3 en el predio de UPCN de la capital bonaerense, donde desde temprano se dio cita una fuerte presencia militante. Tras las exposiciones en cada una de las comisiones tom\u00f3 la palabra el gobernador provincial que inici\u00f3: &#8220;Hoy nos ponemos en movimiento y cada vez somos m\u00e1s&#8221;.<\/p>\n\n\n\n<p>Kicillof:<\/p>\n\n\n\n<p>&#8220;Muchos dicen que esto est\u00e1 funcionando, que Milei est\u00e1 ordenando la macroeconom\u00eda, esto no es un modelo novedoso nuevo ni original. El que se est\u00e1 llevando adelante no es ni liberal libertario, ni anarco-capitalista, ni austr\u00edaco y hay que decirlo con todas las letras para que se entienda. El modelo de Milei es la continuidad de Mart\u00ednez de Hoz, es la continuidad de Domingo Felipe Cavallo, es la continuidad de las pol\u00edticas de Macri y es un modelo que consiste en unos pocos instrumentos como planchar el d\u00f3lar, reprimir los salarios, los ingresos, las jubilaciones, destruir la inversi\u00f3n p\u00fablica, aplicar tarifazos, abrir la econom\u00eda y desregular los mercados. Entonces la baja de la inflaci\u00f3n tiene dos explicaciones: d\u00f3lar planchado, salario destrozado&#8221; arremeti\u00f3 el mandatario.<\/p>\n\n\n\n<p>En esta l\u00ednea agreg\u00f3: &#8220;Salario m\u00ednimo que se derrumb\u00f3 en un 32%, jubilaciones en un 17%, se destruy\u00f3 la demanda y el poder de compra. Las ventas en supermercados, en centros comerciales, en mayoristas cayeron 10%-12% y que no nos enga\u00f1en, si se rompe el mercado interno, si no hay forma de vender entonces se desmorona la producci\u00f3n interna, se desmorona la inversi\u00f3n. Tenemos una industria que cay\u00f3 13%, la construcci\u00f3n un 30%, qu\u00e9 le voy a decir a ustedes, si a pesar de que lo escondan el desastre y la crisis que hay en la pesca, en los alimentos, en la industria textil, en la industria del calzado, en la industria de la vestimenta, en los cementos, los frigor\u00edficos, las metal\u00fargicas, despidos, suspensiones y cierres&#8221;.<\/p>\n","protected":false},"excerpt":{"rendered":"<div class=\"mh-excerpt\"><p>Fuente: www.latecla.com Con un debate previo en comisiones y un multitudinario acto en La Plata, el kicillofismo dio el puntapi\u00e9 inicial al plenario del Movimiento Derecho al Futuro de cara a las elecciones bonaerenses del pr\u00f3ximo 7 de septiembre. La cita se desarroll\u00f3 en el predio de UPCN de la capital bonaerense, donde desde temprano se dio cita una fuerte presencia militante. Tras las exposiciones en cada una de las comisiones tom\u00f3 la palabra el gobernador provincial que inici\u00f3: &#8220;Hoy nos ponemos en movimiento y cada vez somos m\u00e1s&#8221;. Kicillof: &#8220;Muchos dicen que esto est\u00e1 funcionando, que Milei est\u00e1 ordenando <a class=\"mh-excerpt-more\" href=\"http:\/\/dsrmedios.com.ar\/diario\/archivos\/45692\" title=\"Axel Kicillof lanz\u00f3 su propio movimiento &#8220;Derecho al Futuro&#8221;\">[Leer m\u00e1s]<\/a><\/p>\n<\/div>","protected":false},"author":5,"featured_media":45693,"comment_status":"open","ping_status":"closed","sticky":false,"template":"","format":"standard","meta":{"_jetpack_newsletter_access":""},"categories":[18,7],"tags":[],"jetpack_featured_media_url":"http:\/\/dsrmedios.com.ar\/diario\/wp-content\/uploads\/2025\/05\/kicillof2025.jpg","jetpack_sharing_enabled":true,"jetpack_shortlink":"https:\/\/wp.me\/p9fihK-bSY","_links":{"self":[{"href":"http:\/\/dsrmedios.com.ar\/diario\/wp-json\/wp\/v2\/posts\/45692"}],"collection":[{"href":"http:\/\/dsrmedios.com.ar\/diario\/wp-json\/wp\/v2\/posts"}],"about":[{"href":"http:\/\/dsrmedios.com.ar\/diario\/wp-json\/wp\/v2\/types\/post"}],"author":[{"embeddable":true,"href":"http:\/\/dsrmedios.com.ar\/diario\/wp-json\/wp\/v2\/users\/5"}],"replies":[{"embeddable":true,"href":"http:\/\/dsrmedios.com.ar\/diario\/wp-json\/wp\/v2\/comments?post=45692"}],"version-history":[{"count":1,"href":"http:\/\/dsrmedios.com.ar\/diario\/wp-json\/wp\/v2\/posts\/45692\/revisions"}],"predecessor-version":[{"id":45694,"href":"http:\/\/dsrmedios.com.ar\/diario\/wp-json\/wp\/v2\/posts\/45692\/revisions\/45694"}],"wp:featuredmedia":[{"embeddable":true,"href":"http:\/\/dsrmedios.com.ar\/diario\/wp-json\/wp\/v2\/media\/45693"}],"wp:attachment":[{"href":"http:\/\/dsrmedios.com.ar\/diario\/wp-json\/wp\/v2\/media?parent=45692"}],"wp:term":[{"taxonomy":"category","embeddable":true,"href":"http:\/\/dsrmedios.com.ar\/diario\/wp-json\/wp\/v2\/categories?post=45692"},{"taxonomy":"post_tag","embeddable":true,"href":"http:\/\/dsrmedios.com.ar\/diario\/wp-json\/wp\/v2\/tags?post=45692"}],"curies":[{"name":"wp","href":"https:\/\/api.w.org\/{rel}","templated":true}]}}