{"id":4560,"date":"2018-03-06T09:37:24","date_gmt":"2018-03-06T12:37:24","guid":{"rendered":"http:\/\/dsrmedios.com.ar\/diario\/?p=4560"},"modified":"2018-03-06T09:37:24","modified_gmt":"2018-03-06T12:37:24","slug":"nuestra-senora-de-lujan-arribara-el-proximo-jueves-a-nuestra-ciudad","status":"publish","type":"post","link":"http:\/\/dsrmedios.com.ar\/diario\/archivos\/4560","title":{"rendered":"Nuestra Se\u00f1ora de Luj\u00e1n arribar\u00e1 el pr\u00f3ximo jueves a nuestra ciudad"},"content":{"rendered":"<p>El jueves 8 y viernes 9 de marzo arribar\u00e1, proveniente de la ciudad de Macach\u00edn, la imagen de Nuestra Se\u00f1ora de Luj\u00e1n bendecida por el Papa Francisco. La imagen venerada en caravana por todo el pa\u00eds, ser\u00e1 recibida en el acceso a nuestra ciudad y trasladada a la Iglesia Nuestra Se\u00f1ora de los Desamparados donde ser\u00e1 exhibida durante algunas horas de la noche, para al d\u00eda siguiente presidir la Santa Misa y luego continuar viaje a la vecina ciudad de Pigu\u00e9.<\/p>\n","protected":false},"excerpt":{"rendered":"<div class=\"mh-excerpt\"><p>El jueves 8 y viernes 9 de marzo arribar\u00e1, proveniente de la ciudad de Macach\u00edn, la imagen de Nuestra Se\u00f1ora de Luj\u00e1n bendecida por el Papa Francisco. La imagen venerada en caravana por todo el pa\u00eds, ser\u00e1 recibida en el acceso a nuestra ciudad y trasladada a la Iglesia Nuestra Se\u00f1ora de los Desamparados donde ser\u00e1 exhibida durante algunas horas de la noche, para al d\u00eda siguiente presidir la Santa Misa y luego continuar viaje a la vecina ciudad de Pigu\u00e9.<\/p>\n<\/div>","protected":false},"author":5,"featured_media":4561,"comment_status":"open","ping_status":"closed","sticky":false,"template":"","format":"standard","meta":{"_jetpack_newsletter_access":""},"categories":[2,18],"tags":[],"jetpack_featured_media_url":"http:\/\/dsrmedios.com.ar\/diario\/wp-content\/uploads\/2018\/03\/papa.jpg","jetpack_sharing_enabled":true,"jetpack_shortlink":"https:\/\/wp.me\/p9fihK-1by","_links":{"self":[{"href":"http:\/\/dsrmedios.com.ar\/diario\/wp-json\/wp\/v2\/posts\/4560"}],"collection":[{"href":"http:\/\/dsrmedios.com.ar\/diario\/wp-json\/wp\/v2\/posts"}],"about":[{"href":"http:\/\/dsrmedios.com.ar\/diario\/wp-json\/wp\/v2\/types\/post"}],"author":[{"embeddable":true,"href":"http:\/\/dsrmedios.com.ar\/diario\/wp-json\/wp\/v2\/users\/5"}],"replies":[{"embeddable":true,"href":"http:\/\/dsrmedios.com.ar\/diario\/wp-json\/wp\/v2\/comments?post=4560"}],"version-history":[{"count":2,"href":"http:\/\/dsrmedios.com.ar\/diario\/wp-json\/wp\/v2\/posts\/4560\/revisions"}],"predecessor-version":[{"id":4563,"href":"http:\/\/dsrmedios.com.ar\/diario\/wp-json\/wp\/v2\/posts\/4560\/revisions\/4563"}],"wp:featuredmedia":[{"embeddable":true,"href":"http:\/\/dsrmedios.com.ar\/diario\/wp-json\/wp\/v2\/media\/4561"}],"wp:attachment":[{"href":"http:\/\/dsrmedios.com.ar\/diario\/wp-json\/wp\/v2\/media?parent=4560"}],"wp:term":[{"taxonomy":"category","embeddable":true,"href":"http:\/\/dsrmedios.com.ar\/diario\/wp-json\/wp\/v2\/categories?post=4560"},{"taxonomy":"post_tag","embeddable":true,"href":"http:\/\/dsrmedios.com.ar\/diario\/wp-json\/wp\/v2\/tags?post=4560"}],"curies":[{"name":"wp","href":"https:\/\/api.w.org\/{rel}","templated":true}]}}