{"id":4557,"date":"2018-03-06T09:22:11","date_gmt":"2018-03-06T12:22:11","guid":{"rendered":"http:\/\/dsrmedios.com.ar\/diario\/?p=4557"},"modified":"2018-03-06T09:22:11","modified_gmt":"2018-03-06T12:22:11","slug":"el-senador-horacio-lopez-se-refirio-a-las-palabras-de-la-gobernadora-en-la-apertura-de-sesiones-ordinarias","status":"publish","type":"post","link":"http:\/\/dsrmedios.com.ar\/diario\/archivos\/4557","title":{"rendered":"El Senador Horacio L\u00f3pez se refiri\u00f3 a las palabras de la Gobernadora en la apertura de Sesiones Ordinarias"},"content":{"rendered":"<p>Se inaugur\u00f3 el 146\u00b0 periodo de Sesiones Ordinarias de la Legislatura provincial. La Asamblea Legislativa fue el marco del discurso de la Gobernadora Mar\u00eda Eugenia Vidal, quien hizo un repaso del trabajo llevado a cabo por su gesti\u00f3n y de las proyecciones a futuro.<br \/>\nEl Senador Horacio L\u00f3pez, Vicepresidente I de la C\u00e1mara de Senadores, se encontr\u00f3 presente en el recinto de Diputados e hizo referencia a las palabras de la mandataria: \u201cNuestra Gobernadora sintetiz\u00f3 en una hora el gran esfuerzo que venimos realizando para cambiar el rumbo de la Provincia. Hay una inversi\u00f3n que comienza con la obra p\u00fablica, con la mejora profunda de la calidad educativa, con focalizar en las necesidades de los que menos tienen y solucionar sus dificultades, pero que tambi\u00e9n deriva en la oportunidad de reforzar las relaciones humanas, de establecer una mejor atenci\u00f3n p\u00fablica, de calidad.\u201d. Destac\u00f3 \u201cEs un orgullo tener a Vidal conduciendo el destino de todos los bonaerenses, porque va cumpliendo con las metas en las que nos comprometimos. Claramente, la Provincia no es la misma que recibi\u00f3 hace dos a\u00f1os y eso nos alienta a seguir trabajando. Por supuesto entendemos que no todos los problemas fueron superados, pero vemos avances y un cambio de paradigma en el concepto del Estado Provincial y sus funciones.\u201d.<br \/>\nEn cuanto al desarrollo de la Asamblea, el legislador coment\u00f3 \u201cLa concurrencia fue amplia, hubo representantes de los diferentes poderes y espacios pol\u00edticos, eso pudo observarse en los medios que dieron cobertura del evento. Hemos sentido el acompa\u00f1amiento de los presentes hacia la Gobernadora y el Vicegobernador Daniel Salvador. Lamentablemente, se han visto algunos Diputados actuando de manera indecorosa, olvidando el \u00e1mbito y la investidura que poseen, comport\u00e1ndose como verdaderos barrabravas frente a las declaraciones de una autoridad provincial, es una actitud que atrasa, por supuesto que se puede discrepar, pero la vociferaci\u00f3n no es el medio para manifestarse en ese \u00e1mbito.\u201d.<\/p>\n","protected":false},"excerpt":{"rendered":"<div class=\"mh-excerpt\"><p>Se inaugur\u00f3 el 146\u00b0 periodo de Sesiones Ordinarias de la Legislatura provincial. La Asamblea Legislativa fue el marco del discurso de la Gobernadora Mar\u00eda Eugenia Vidal, quien hizo un repaso del trabajo llevado a cabo por su gesti\u00f3n y de las proyecciones a futuro. El Senador Horacio L\u00f3pez, Vicepresidente I de la C\u00e1mara de Senadores, se encontr\u00f3 presente en el recinto de Diputados e hizo referencia a las palabras de la mandataria: \u201cNuestra Gobernadora sintetiz\u00f3 en una hora el gran esfuerzo que venimos realizando para cambiar el rumbo de la Provincia. Hay una inversi\u00f3n que comienza con la obra p\u00fablica, <a class=\"mh-excerpt-more\" href=\"http:\/\/dsrmedios.com.ar\/diario\/archivos\/4557\" title=\"El Senador Horacio L\u00f3pez se refiri\u00f3 a las palabras de la Gobernadora en la apertura de Sesiones Ordinarias\">[Leer m\u00e1s]<\/a><\/p>\n<\/div>","protected":false},"author":5,"featured_media":4558,"comment_status":"open","ping_status":"closed","sticky":false,"template":"","format":"standard","meta":{"_jetpack_newsletter_access":""},"categories":[1],"tags":[],"jetpack_featured_media_url":"http:\/\/dsrmedios.com.ar\/diario\/wp-content\/uploads\/2018\/03\/asamblea.jpg","jetpack_sharing_enabled":true,"jetpack_shortlink":"https:\/\/wp.me\/p9fihK-1bv","_links":{"self":[{"href":"http:\/\/dsrmedios.com.ar\/diario\/wp-json\/wp\/v2\/posts\/4557"}],"collection":[{"href":"http:\/\/dsrmedios.com.ar\/diario\/wp-json\/wp\/v2\/posts"}],"about":[{"href":"http:\/\/dsrmedios.com.ar\/diario\/wp-json\/wp\/v2\/types\/post"}],"author":[{"embeddable":true,"href":"http:\/\/dsrmedios.com.ar\/diario\/wp-json\/wp\/v2\/users\/5"}],"replies":[{"embeddable":true,"href":"http:\/\/dsrmedios.com.ar\/diario\/wp-json\/wp\/v2\/comments?post=4557"}],"version-history":[{"count":1,"href":"http:\/\/dsrmedios.com.ar\/diario\/wp-json\/wp\/v2\/posts\/4557\/revisions"}],"predecessor-version":[{"id":4559,"href":"http:\/\/dsrmedios.com.ar\/diario\/wp-json\/wp\/v2\/posts\/4557\/revisions\/4559"}],"wp:featuredmedia":[{"embeddable":true,"href":"http:\/\/dsrmedios.com.ar\/diario\/wp-json\/wp\/v2\/media\/4558"}],"wp:attachment":[{"href":"http:\/\/dsrmedios.com.ar\/diario\/wp-json\/wp\/v2\/media?parent=4557"}],"wp:term":[{"taxonomy":"category","embeddable":true,"href":"http:\/\/dsrmedios.com.ar\/diario\/wp-json\/wp\/v2\/categories?post=4557"},{"taxonomy":"post_tag","embeddable":true,"href":"http:\/\/dsrmedios.com.ar\/diario\/wp-json\/wp\/v2\/tags?post=4557"}],"curies":[{"name":"wp","href":"https:\/\/api.w.org\/{rel}","templated":true}]}}