{"id":4544,"date":"2018-03-05T09:01:03","date_gmt":"2018-03-05T12:01:03","guid":{"rendered":"http:\/\/dsrmedios.com.ar\/diario\/?p=4544"},"modified":"2018-03-05T09:01:03","modified_gmt":"2018-03-05T12:01:03","slug":"inician-un-paro-de-48-horas-los-gremios-docentes-de-la-provincia-de-buenos-aires","status":"publish","type":"post","link":"http:\/\/dsrmedios.com.ar\/diario\/archivos\/4544","title":{"rendered":"Inician un paro de 48 horas los gremios docentes de la provincia de Buenos Aires"},"content":{"rendered":"<p>Los gremios docentes bonaerenses iniciaron este lunes un paro de 48 horas, en el comienzo del ciclo lectivo, en rechazo a la oferta salarial de un 15% realizada por el Gobierno bonaerense, mientras esperan una nueva convocatoria que, seguramente, llegar\u00e1 despu\u00e9s que finalice la medida de fuerza.<\/p>\n<p>Al igual que en 2017, el inicio de las clases se ve hoy afectado por una medida de protesta impulsada por la mayor\u00eda de los gremios docentes, quienes consideran que la administraci\u00f3n de Vidal a\u00fan no hizo una propuesta salarial &#8220;digna&#8221; para poner a consideraci\u00f3n.<\/p>\n<p>Suteba, FEB y Udocba mantendr\u00e1n el cese de actividades por 48 horas, mientras que Sadop (el gremio de los maestros privados) acatar\u00e1 s\u00f3lo a la primera jornada. En tanto, no har\u00e1n paro Amet (escuelas t\u00e9cnicas) y UDA, aunque esta \u00faltima organizaci\u00f3n marchar\u00e1 por mandato nacional al ministerio de Educaci\u00f3n para pedir por &#8220;la urgente recuperaci\u00f3n del \u00e1mbito paritario&#8221; a nivel federal.<\/p>\n<p>Por su parte el gremio que lidera Roberto Baradel tambi\u00e9n responder\u00e1 a la organizaci\u00f3n que lo nuclea (Ctera) y movilizar\u00e1 desde el Congreso a partir de las 11 de la ma\u00f1ana.<\/p>\n<p>Por otro lado, los gremios bonaerenses que componen el Frente de Unidad Docente (FUD) -Suteba, FEB, Sadop, Amet y Udocba- podr\u00edan preparar una movilizaci\u00f3n en conjunto para las pr\u00f3ximas semanas, aunque a\u00fan no hay &#8220;nada cerrado&#8221;.<\/p>\n<p>El \u00faltimo mi\u00e9rcoles los sindicatos docentes volvieron a rechazar una oferta de 15% de aumento, con plus por presentismo y una cl\u00e1usula de revisi\u00f3n. Los gremios reclaman que la administraci\u00f3n vidalista suba el porcentaje de incremento que est\u00e9 por arriba de un 20% e incluya en la propuesta la cl\u00e1usula gatillo, algo que consideran fundamental para no perder ingresos por la inflaci\u00f3n.<\/p>\n<p>fuente:www.aninoticias.com<\/p>\n","protected":false},"excerpt":{"rendered":"<div class=\"mh-excerpt\"><p>Los gremios docentes bonaerenses iniciaron este lunes un paro de 48 horas, en el comienzo del ciclo lectivo, en rechazo a la oferta salarial de un 15% realizada por el Gobierno bonaerense, mientras esperan una nueva convocatoria que, seguramente, llegar\u00e1 despu\u00e9s que finalice la medida de fuerza. Al igual que en 2017, el inicio de las clases se ve hoy afectado por una medida de protesta impulsada por la mayor\u00eda de los gremios docentes, quienes consideran que la administraci\u00f3n de Vidal a\u00fan no hizo una propuesta salarial &#8220;digna&#8221; para poner a consideraci\u00f3n. Suteba, FEB y Udocba mantendr\u00e1n el cese de <a class=\"mh-excerpt-more\" href=\"http:\/\/dsrmedios.com.ar\/diario\/archivos\/4544\" title=\"Inician un paro de 48 horas los gremios docentes de la provincia de Buenos Aires\">[Leer m\u00e1s]<\/a><\/p>\n<\/div>","protected":false},"author":5,"featured_media":4545,"comment_status":"open","ping_status":"closed","sticky":false,"template":"","format":"standard","meta":{"_jetpack_newsletter_access":""},"categories":[18,7],"tags":[],"jetpack_featured_media_url":"http:\/\/dsrmedios.com.ar\/diario\/wp-content\/uploads\/2018\/03\/aula_11.jpg","jetpack_sharing_enabled":true,"jetpack_shortlink":"https:\/\/wp.me\/p9fihK-1bi","_links":{"self":[{"href":"http:\/\/dsrmedios.com.ar\/diario\/wp-json\/wp\/v2\/posts\/4544"}],"collection":[{"href":"http:\/\/dsrmedios.com.ar\/diario\/wp-json\/wp\/v2\/posts"}],"about":[{"href":"http:\/\/dsrmedios.com.ar\/diario\/wp-json\/wp\/v2\/types\/post"}],"author":[{"embeddable":true,"href":"http:\/\/dsrmedios.com.ar\/diario\/wp-json\/wp\/v2\/users\/5"}],"replies":[{"embeddable":true,"href":"http:\/\/dsrmedios.com.ar\/diario\/wp-json\/wp\/v2\/comments?post=4544"}],"version-history":[{"count":1,"href":"http:\/\/dsrmedios.com.ar\/diario\/wp-json\/wp\/v2\/posts\/4544\/revisions"}],"predecessor-version":[{"id":4546,"href":"http:\/\/dsrmedios.com.ar\/diario\/wp-json\/wp\/v2\/posts\/4544\/revisions\/4546"}],"wp:featuredmedia":[{"embeddable":true,"href":"http:\/\/dsrmedios.com.ar\/diario\/wp-json\/wp\/v2\/media\/4545"}],"wp:attachment":[{"href":"http:\/\/dsrmedios.com.ar\/diario\/wp-json\/wp\/v2\/media?parent=4544"}],"wp:term":[{"taxonomy":"category","embeddable":true,"href":"http:\/\/dsrmedios.com.ar\/diario\/wp-json\/wp\/v2\/categories?post=4544"},{"taxonomy":"post_tag","embeddable":true,"href":"http:\/\/dsrmedios.com.ar\/diario\/wp-json\/wp\/v2\/tags?post=4544"}],"curies":[{"name":"wp","href":"https:\/\/api.w.org\/{rel}","templated":true}]}}