{"id":4538,"date":"2018-03-05T08:43:07","date_gmt":"2018-03-05T11:43:07","guid":{"rendered":"http:\/\/dsrmedios.com.ar\/diario\/?p=4538"},"modified":"2018-03-05T08:43:07","modified_gmt":"2018-03-05T11:43:07","slug":"firmo-hirtz-convenios-para-mejoras-edilicias-en-establecimientos-educativos-del-distrito","status":"publish","type":"post","link":"http:\/\/dsrmedios.com.ar\/diario\/archivos\/4538","title":{"rendered":"Firm\u00f3 Hirtz convenios para mejoras edilicias en establecimientos educativos del distrito"},"content":{"rendered":"<p>El Intendente David Hirtz se reuni\u00f3 con Florencia Castro, Subsecretaria de Pol\u00edticas Docentes y Gesti\u00f3n Territorial donde firm\u00f3 el convenio para las mejoras edilicias de los establecimientos educativos de todo el distrito.<br \/>\nEl Convenio tiene como base el proyecto en el que trabajaron en conjunto el Municipio, Consejo Escolar y Jefatura Distrital de Ense\u00f1anza para reconocer las necesidades de mejoras en cada una de las instituciones y donde detallaron las obras que se realizar\u00edan a trav\u00e9s del Fondo Educativo y cu\u00e1les estar\u00e1n bajo la \u00f3rtiba de la provincia.<\/p>\n","protected":false},"excerpt":{"rendered":"<div class=\"mh-excerpt\"><p>El Intendente David Hirtz se reuni\u00f3 con Florencia Castro, Subsecretaria de Pol\u00edticas Docentes y Gesti\u00f3n Territorial donde firm\u00f3 el convenio para las mejoras edilicias de los establecimientos educativos de todo el distrito. El Convenio tiene como base el proyecto en el que trabajaron en conjunto el Municipio, Consejo Escolar y Jefatura Distrital de Ense\u00f1anza para reconocer las necesidades de mejoras en cada una de las instituciones y donde detallaron las obras que se realizar\u00edan a trav\u00e9s del Fondo Educativo y cu\u00e1les estar\u00e1n bajo la \u00f3rtiba de la provincia.<\/p>\n<\/div>","protected":false},"author":5,"featured_media":4539,"comment_status":"open","ping_status":"closed","sticky":false,"template":"","format":"standard","meta":{"_jetpack_newsletter_access":""},"categories":[18,5],"tags":[],"jetpack_featured_media_url":"http:\/\/dsrmedios.com.ar\/diario\/wp-content\/uploads\/2018\/03\/EDICLIOS.jpeg","jetpack_sharing_enabled":true,"jetpack_shortlink":"https:\/\/wp.me\/p9fihK-1bc","_links":{"self":[{"href":"http:\/\/dsrmedios.com.ar\/diario\/wp-json\/wp\/v2\/posts\/4538"}],"collection":[{"href":"http:\/\/dsrmedios.com.ar\/diario\/wp-json\/wp\/v2\/posts"}],"about":[{"href":"http:\/\/dsrmedios.com.ar\/diario\/wp-json\/wp\/v2\/types\/post"}],"author":[{"embeddable":true,"href":"http:\/\/dsrmedios.com.ar\/diario\/wp-json\/wp\/v2\/users\/5"}],"replies":[{"embeddable":true,"href":"http:\/\/dsrmedios.com.ar\/diario\/wp-json\/wp\/v2\/comments?post=4538"}],"version-history":[{"count":1,"href":"http:\/\/dsrmedios.com.ar\/diario\/wp-json\/wp\/v2\/posts\/4538\/revisions"}],"predecessor-version":[{"id":4540,"href":"http:\/\/dsrmedios.com.ar\/diario\/wp-json\/wp\/v2\/posts\/4538\/revisions\/4540"}],"wp:featuredmedia":[{"embeddable":true,"href":"http:\/\/dsrmedios.com.ar\/diario\/wp-json\/wp\/v2\/media\/4539"}],"wp:attachment":[{"href":"http:\/\/dsrmedios.com.ar\/diario\/wp-json\/wp\/v2\/media?parent=4538"}],"wp:term":[{"taxonomy":"category","embeddable":true,"href":"http:\/\/dsrmedios.com.ar\/diario\/wp-json\/wp\/v2\/categories?post=4538"},{"taxonomy":"post_tag","embeddable":true,"href":"http:\/\/dsrmedios.com.ar\/diario\/wp-json\/wp\/v2\/tags?post=4538"}],"curies":[{"name":"wp","href":"https:\/\/api.w.org\/{rel}","templated":true}]}}