{"id":4529,"date":"2018-03-05T07:01:05","date_gmt":"2018-03-05T10:01:05","guid":{"rendered":"http:\/\/dsrmedios.com.ar\/diario\/?p=4529"},"modified":"2018-03-04T08:21:48","modified_gmt":"2018-03-04T11:21:48","slug":"la-vision-de-una-periodista-britanica-que-asegura-que-argentina-crecera-a-partir-de-este-ano","status":"publish","type":"post","link":"http:\/\/dsrmedios.com.ar\/diario\/archivos\/4529","title":{"rendered":"La visi\u00f3n de una periodista brit\u00e1nica que asegura que Argentina crecer\u00e1 a partir de este a\u00f1o"},"content":{"rendered":"<p>El prestigioso semanario brit\u00e1nico The Economist proyect\u00f3 una visi\u00f3n positiva para la econom\u00eda argentina para los pr\u00f3ximos a\u00f1os. Incluso, anticip\u00f3 una reelecci\u00f3n del presidente Mauricio Macri en 2019, a ra\u00edz de la evoluci\u00f3n favorable de varios indicadores clave, como la inflaci\u00f3n y el crecimiento del PBI.<\/p>\n<p>El diagn\u00f3stico lo traz\u00f3 ayer Fiona Mackie, directora regional para Latinom\u00e9rica y el Caribe de la revista inglesa, en una conferencia online sobre panorama local.<\/p>\n<p>En su visi\u00f3n, el pa\u00eds transitar\u00e1 un &#8220;crecimiento sostenido&#8221; en 2018 y 2019 tras las pol\u00edticas de sinceramiento de la econom\u00eda aplicadas desde el inicio del mandato de Cambiemos, cambiando la l\u00f3gica de ciclo &#8220;stop and go&#8221; (freno y arranque) de las d\u00e9cadas pasadas.<\/p>\n<p>En esta sinton\u00eda, proyect\u00f3 que se acentuar\u00e1 la baja de la inflaci\u00f3n, aunque matiz\u00f3 al afirmar que los dos primeros cuatrimestres del 2018 ser\u00e1n complicados.<\/p>\n<p>Finalizado ese per\u00edodo, mejorar\u00e1 el ritmo inflacionario aunque el proceso depender\u00e1 de una mayor reducci\u00f3n del d\u00e9ficit fiscal, al que defini\u00f3 como &#8220;crucial&#8221;, y marc\u00f3 como claves los subsidios, la depreciaci\u00f3n del peso y un endeudamiento del sector p\u00fablico moderado.<\/p>\n<p><strong>Crecimiento sostenido<\/strong><\/p>\n<p>Otro punto destacado por Mackie es que el crecimiento tendr\u00e1 un aumento anual del 3% del producto bruto interno (PBI). El fen\u00f3meno tendr\u00e1 como causa principal el hecho de que la econom\u00eda mundial est\u00e1 en un &#8220;momento dulce&#8221;.<\/p>\n<p>Sin embargo, Mackie plante\u00f3 que el desaf\u00edo es construir un colch\u00f3n de reservas en moneda extranjera y mantener una pol\u00edtica monetaria m\u00e1s flexible.<\/p>\n<p><strong>Clima de negocios<\/strong><\/p>\n<p>&#8220;Argentina est\u00e1 cara&#8221;, reconoci\u00f3 la directora regional de The Economist con respecto al costo de los bienes de consumo diario.<\/p>\n<p>Por otro lado, resalt\u00f3 una clara mejora en el clima de negocios del pa\u00eds, aunque manifest\u00f3 que Chile contin\u00faa siendo la naci\u00f3n con mejor desempe\u00f1o en esa \u00e1rea.<\/p>\n<p>Pese a ello, marc\u00f3 que la Argentina cuenta comparativamente un mejor &#8220;mercado de oportunidades&#8221;, por lo que es &#8220;cuesti\u00f3n de tiempo&#8221; que se pueda posicionar y competir con el territorio trasandino.<\/p>\n<p><strong>Reelecci\u00f3n<\/strong><\/p>\n<p>En el plano pol\u00edtico, The Economist da por sentado que Mauricio Macri lograr\u00e1 un nuevo mandato presidencial en 2019.<\/p>\n<p>Antes que llegue el turno electoral del pr\u00f3ximo, habr\u00e1 expectativa -incluso defini\u00f3 como &#8220;ansiedad&#8221; en si el Gobierno avanzar\u00e1 con la profundizaci\u00f3n de las reformas estructurales, entre ellas, las reformas fiscal, de mercado de capitales y la laboral.<\/p>\n<p>Pero antes la dirigencia pol\u00edtica y econ\u00f3mica local &#8220;estar\u00e1 pendiente&#8221; de lo que suceda en octubre con las elecciones presidenciales en Brasil, consider\u00f3 Mackie, donde falta definirse la participaci\u00f3n del ex mandatario Lula da Silva.<\/p>\n<p>La proyecci\u00f3n de Brasil apunta a una vitalidad del consumo en sus indicadores, pero la econom\u00eda brasile\u00f1a presenta &#8220;riesgo pol\u00edtico&#8221; en el horizonte, consider\u00f3.<\/p>\n<p>&#8220;Nuestro supuesto de un segundo t\u00e9rmino para Macri en 2019, que permite la continuaci\u00f3n del proceso de transformaci\u00f3n econ\u00f3mica, supone un avance en todas estas \u00e1reas&#8221;, afirm\u00f3 la directora regional de The Economist sobre las reformas economicas en curso. Pero alert\u00f3: &#8220;Hay riesgos claros para esta suposici\u00f3n benignaFuente:www.infobae.com<\/p>\n","protected":false},"excerpt":{"rendered":"<div class=\"mh-excerpt\"><p>El prestigioso semanario brit\u00e1nico The Economist proyect\u00f3 una visi\u00f3n positiva para la econom\u00eda argentina para los pr\u00f3ximos a\u00f1os. Incluso, anticip\u00f3 una reelecci\u00f3n del presidente Mauricio Macri en 2019, a ra\u00edz de la evoluci\u00f3n favorable de varios indicadores clave, como la inflaci\u00f3n y el crecimiento del PBI. El diagn\u00f3stico lo traz\u00f3 ayer Fiona Mackie, directora regional para Latinom\u00e9rica y el Caribe de la revista inglesa, en una conferencia online sobre panorama local. En su visi\u00f3n, el pa\u00eds transitar\u00e1 un &#8220;crecimiento sostenido&#8221; en 2018 y 2019 tras las pol\u00edticas de sinceramiento de la econom\u00eda aplicadas desde el inicio del mandato de Cambiemos, <a class=\"mh-excerpt-more\" href=\"http:\/\/dsrmedios.com.ar\/diario\/archivos\/4529\" title=\"La visi\u00f3n de una periodista brit\u00e1nica que asegura que Argentina crecer\u00e1 a partir de este a\u00f1o\">[Leer m\u00e1s]<\/a><\/p>\n<\/div>","protected":false},"author":5,"featured_media":4530,"comment_status":"open","ping_status":"closed","sticky":false,"template":"","format":"standard","meta":{"_jetpack_newsletter_access":""},"categories":[18,6],"tags":[],"jetpack_featured_media_url":"http:\/\/dsrmedios.com.ar\/diario\/wp-content\/uploads\/2018\/03\/fiona.jpg","jetpack_sharing_enabled":true,"jetpack_shortlink":"https:\/\/wp.me\/p9fihK-1b3","_links":{"self":[{"href":"http:\/\/dsrmedios.com.ar\/diario\/wp-json\/wp\/v2\/posts\/4529"}],"collection":[{"href":"http:\/\/dsrmedios.com.ar\/diario\/wp-json\/wp\/v2\/posts"}],"about":[{"href":"http:\/\/dsrmedios.com.ar\/diario\/wp-json\/wp\/v2\/types\/post"}],"author":[{"embeddable":true,"href":"http:\/\/dsrmedios.com.ar\/diario\/wp-json\/wp\/v2\/users\/5"}],"replies":[{"embeddable":true,"href":"http:\/\/dsrmedios.com.ar\/diario\/wp-json\/wp\/v2\/comments?post=4529"}],"version-history":[{"count":1,"href":"http:\/\/dsrmedios.com.ar\/diario\/wp-json\/wp\/v2\/posts\/4529\/revisions"}],"predecessor-version":[{"id":4531,"href":"http:\/\/dsrmedios.com.ar\/diario\/wp-json\/wp\/v2\/posts\/4529\/revisions\/4531"}],"wp:featuredmedia":[{"embeddable":true,"href":"http:\/\/dsrmedios.com.ar\/diario\/wp-json\/wp\/v2\/media\/4530"}],"wp:attachment":[{"href":"http:\/\/dsrmedios.com.ar\/diario\/wp-json\/wp\/v2\/media?parent=4529"}],"wp:term":[{"taxonomy":"category","embeddable":true,"href":"http:\/\/dsrmedios.com.ar\/diario\/wp-json\/wp\/v2\/categories?post=4529"},{"taxonomy":"post_tag","embeddable":true,"href":"http:\/\/dsrmedios.com.ar\/diario\/wp-json\/wp\/v2\/tags?post=4529"}],"curies":[{"name":"wp","href":"https:\/\/api.w.org\/{rel}","templated":true}]}}