{"id":45265,"date":"2024-11-28T17:39:43","date_gmt":"2024-11-28T20:39:43","guid":{"rendered":"http:\/\/dsrmedios.com.ar\/diario\/?p=45265"},"modified":"2024-11-28T17:39:46","modified_gmt":"2024-11-28T20:39:46","slug":"cuenta-regresiva-que-pasara-con-las-paso-en-nacion-y-en-la-provincia","status":"publish","type":"post","link":"http:\/\/dsrmedios.com.ar\/diario\/archivos\/45265","title":{"rendered":"Cuenta regresiva: qu\u00e9 pasar\u00e1 con las PASO en Naci\u00f3n y en la Provincia"},"content":{"rendered":"\n<p>La realizaci\u00f3n de las primarias para el a\u00f1o pr\u00f3ximo se encuentran en duda. Crece la expectativa por la definici\u00f3n sobre desdoblar o no los comicios en territorio bonaerense y se espera la definici\u00f3n de Axel Kicillof.<br>Cuenta regresiva: qu\u00e9 pasar\u00e1 con las PASO en Naci\u00f3n y en la ProvinciaCuenta regresiva: qu\u00e9 pasar\u00e1 con las PASO en Naci\u00f3n y en la Provincia<br>Compartir<br>La realizaci\u00f3n de las PASO para el 2025 se encuentran en duda a ra\u00edz de la propuesta de La Libertad Avanza de eliminarlas. En la provincia de Buenos Aires, en el peronismo buscan suspenderlas y encuentra puntos de contacto con libertarios. Mientras tanto, crece la expectativa por la definici\u00f3n sobre desdoblar o no los comicios en territorio bonaerense y se espera la definici\u00f3n de Axel Kicillof al respecto.<\/p>\n\n\n\n<p>El Gobierno mand\u00f3 al Congreso el proyecto para eliminar las elecciones Primarias, Abiertas, Simult\u00e1neas y Obligatorias (PASO), y si bien todav\u00eda La Libertad Avanza no cuenta con los votos para convertirlo en ley, el jefe de Gabinete nacional, Guillermo Francos, se mostr\u00f3 optimista en poder lograrlo. El PRO, principal aliado de Javier Milei, pugn\u00f3 por su derogaci\u00f3n pero ahora no se muestra tan seguro. La UCR\u2008prefiere conservarlas. \u00bfSer\u00e1 con los votos de Uni\u00f3n por la Patria? En el Congreso circula la versi\u00f3n de que la ca\u00edda de Ficha Limpia tiene mucho que ver con el gui\u00f1o peronista al fin de las Primarias. Desde ambos lados niegan la versi\u00f3n, pero el r\u00edo suena fuerte.<\/p>\n\n\n\n<p>\u201cEntendemos que no han servido para nada, no han sido \u00fatiles y solamente han complicado y generado hast\u00edo en la gente\u201d, sostuvo Francos sobre las PASO; y apunt\u00f3 que significan \u201cun gasto absolutamente innecesario\u201d.<\/p>\n\n\n\n<p>Mart\u00edn Menem, presidente de la C\u00e1mara de Diputados, dijo que \u201cson una herramienta costosa, distorsiva, le molestan a la poblaci\u00f3n y son un gastadero de guita infernal. Creo que no hay discusi\u00f3n respecto de que las PASO deben ser eliminadas en alg\u00fan momento y que el Estado deje de financiar las diferencias que tienen los partidos pol\u00edticos adentro\u201d.<\/p>\n\n\n\n<p>Por el lado del PRO proponen una salida intermedia. \u201cNosotros tenemos un proyecto de Mar\u00eda Eugenia Vidal, que es que las PASO sigan existiendo, pero que dejen de ser obligatorias, que sean PAS en vez de PASO. El gobierno est\u00e1 haciendo una jugada muy arriesgada con este proyecto que mand\u00f3, porque no hay un consenso amplio sobre el tema, y es algo que requiere mucha discusi\u00f3n\u201d le dijo a La Tecla un diputado nacional amarillo.<\/p>\n\n\n\n<p>En la Provincia el oficialismo busca que las Primarias sean suspendidas<\/p>\n\n\n\n<p>Rub\u00e9n Eslaiman, diputado bonaerense del Frente Renovador, present\u00f3 un proyecto de ley en el cual su \u00fanico art\u00edculo reza: \u201cSusp\u065e\u00e9ndase para el a\u00f1o 2025 la aplicaci\u00f3n de del R\u00e9gimen de elecciones primarias, abiertas, obligatorias y simult\u00e1neas (EPAOS) para la selecci\u00f3n de candidatos a cargos p\u00fablicos electivos, dispuesto por la Ley N\u00b0 14.086\u201d.<\/p>\n\n\n\n<p>En los fundamentos se sostiene que \u201cpasaron 14 a\u00f1os desde el momento de su implementaci\u00f3n, la situaci\u00f3n y paradigma actual han cambiado enormemente, estamos situados en un escenario en el que impera poner pausa a tal aplicaci\u00f3n, lo cual no solo deviene de una situaci\u00f3n econ\u00f3mica cr\u00edtica para la provincia de Buenos Aires sino tambi\u00e9n para todo el pa\u00eds\u201d.<\/p>\n\n\n\n<p>\u201cLa suspensi\u00f3n temporal de las PASO debe verse como un acto preventivo, ante este escenario complejo y la propuesta a debatirse en el Congreso\u201d, dice Eslaiman.<\/p>\n\n\n\n<p>Seg\u00fan contaron a La Tecla, la idea fue consensuada con Kicillof, quien la aval\u00f3. Antes, desde la bancada aliada de Uni\u00f3n, Renovaci\u00f3n y Fe hab\u00edan presentado un proyecto de reforma pol\u00edtica m\u00e1s amplio, que tiene como punto de partida la eliminaci\u00f3n de las EPAOS. Otro debate que queda abierto.<\/p>\n","protected":false},"excerpt":{"rendered":"<div class=\"mh-excerpt\"><p>La realizaci\u00f3n de las primarias para el a\u00f1o pr\u00f3ximo se encuentran en duda. Crece la expectativa por la definici\u00f3n sobre desdoblar o no los comicios en territorio bonaerense y se espera la definici\u00f3n de Axel Kicillof.Cuenta regresiva: qu\u00e9 pasar\u00e1 con las PASO en Naci\u00f3n y en la ProvinciaCuenta regresiva: qu\u00e9 pasar\u00e1 con las PASO en Naci\u00f3n y en la ProvinciaCompartirLa realizaci\u00f3n de las PASO para el 2025 se encuentran en duda a ra\u00edz de la propuesta de La Libertad Avanza de eliminarlas. En la provincia de Buenos Aires, en el peronismo buscan suspenderlas y encuentra puntos de contacto con libertarios. <a class=\"mh-excerpt-more\" href=\"http:\/\/dsrmedios.com.ar\/diario\/archivos\/45265\" title=\"Cuenta regresiva: qu\u00e9 pasar\u00e1 con las PASO en Naci\u00f3n y en la Provincia\">[Leer m\u00e1s]<\/a><\/p>\n<\/div>","protected":false},"author":5,"featured_media":12607,"comment_status":"open","ping_status":"closed","sticky":false,"template":"","format":"standard","meta":{"_jetpack_newsletter_access":""},"categories":[18,7],"tags":[],"jetpack_featured_media_url":"http:\/\/dsrmedios.com.ar\/diario\/wp-content\/uploads\/2019\/04\/elecciones-2019.jpg","jetpack_sharing_enabled":true,"jetpack_shortlink":"https:\/\/wp.me\/p9fihK-bM5","_links":{"self":[{"href":"http:\/\/dsrmedios.com.ar\/diario\/wp-json\/wp\/v2\/posts\/45265"}],"collection":[{"href":"http:\/\/dsrmedios.com.ar\/diario\/wp-json\/wp\/v2\/posts"}],"about":[{"href":"http:\/\/dsrmedios.com.ar\/diario\/wp-json\/wp\/v2\/types\/post"}],"author":[{"embeddable":true,"href":"http:\/\/dsrmedios.com.ar\/diario\/wp-json\/wp\/v2\/users\/5"}],"replies":[{"embeddable":true,"href":"http:\/\/dsrmedios.com.ar\/diario\/wp-json\/wp\/v2\/comments?post=45265"}],"version-history":[{"count":1,"href":"http:\/\/dsrmedios.com.ar\/diario\/wp-json\/wp\/v2\/posts\/45265\/revisions"}],"predecessor-version":[{"id":45266,"href":"http:\/\/dsrmedios.com.ar\/diario\/wp-json\/wp\/v2\/posts\/45265\/revisions\/45266"}],"wp:featuredmedia":[{"embeddable":true,"href":"http:\/\/dsrmedios.com.ar\/diario\/wp-json\/wp\/v2\/media\/12607"}],"wp:attachment":[{"href":"http:\/\/dsrmedios.com.ar\/diario\/wp-json\/wp\/v2\/media?parent=45265"}],"wp:term":[{"taxonomy":"category","embeddable":true,"href":"http:\/\/dsrmedios.com.ar\/diario\/wp-json\/wp\/v2\/categories?post=45265"},{"taxonomy":"post_tag","embeddable":true,"href":"http:\/\/dsrmedios.com.ar\/diario\/wp-json\/wp\/v2\/tags?post=45265"}],"curies":[{"name":"wp","href":"https:\/\/api.w.org\/{rel}","templated":true}]}}