{"id":45219,"date":"2024-11-14T17:48:27","date_gmt":"2024-11-14T20:48:27","guid":{"rendered":"http:\/\/dsrmedios.com.ar\/diario\/?p=45219"},"modified":"2024-11-14T17:48:30","modified_gmt":"2024-11-14T20:48:30","slug":"se-celebro-la-fiesta-de-la-masa-en-villa-maza","status":"publish","type":"post","link":"http:\/\/dsrmedios.com.ar\/diario\/archivos\/45219","title":{"rendered":"Se celebr\u00f3 la Fiesta de la Masa en Villa Maza"},"content":{"rendered":"\n<p>En la localidad de Villa Maza se llev\u00f3 a cabo la Fiesta de la Masa con una gran repersuci\u00f3n compartieron junto a pobladores y recibieron la visita del intendente y concejales. En la oportunidad se realizaron Competencia de Masas, Patio Gastron\u00f3mico, M\u00fasica en Vivo, Exposici\u00f3n de Fotograf\u00edas, Mates, Charlas y Buena compa\u00f1\u00eda<\/p>\n","protected":false},"excerpt":{"rendered":"<div class=\"mh-excerpt\"><p>En la localidad de Villa Maza se llev\u00f3 a cabo la Fiesta de la Masa con una gran repersuci\u00f3n compartieron junto a pobladores y recibieron la visita del intendente y concejales. En la oportunidad se realizaron Competencia de Masas, Patio Gastron\u00f3mico, M\u00fasica en Vivo, Exposici\u00f3n de Fotograf\u00edas, Mates, Charlas y Buena compa\u00f1\u00eda<\/p>\n<\/div>","protected":false},"author":5,"featured_media":45220,"comment_status":"open","ping_status":"closed","sticky":false,"template":"","format":"standard","meta":{"_jetpack_newsletter_access":""},"categories":[18,31],"tags":[],"jetpack_featured_media_url":"http:\/\/dsrmedios.com.ar\/diario\/wp-content\/uploads\/2024\/11\/466598444_989422699887550_1351330637077946053_n.jpg","jetpack_sharing_enabled":true,"jetpack_shortlink":"https:\/\/wp.me\/p9fihK-bLl","_links":{"self":[{"href":"http:\/\/dsrmedios.com.ar\/diario\/wp-json\/wp\/v2\/posts\/45219"}],"collection":[{"href":"http:\/\/dsrmedios.com.ar\/diario\/wp-json\/wp\/v2\/posts"}],"about":[{"href":"http:\/\/dsrmedios.com.ar\/diario\/wp-json\/wp\/v2\/types\/post"}],"author":[{"embeddable":true,"href":"http:\/\/dsrmedios.com.ar\/diario\/wp-json\/wp\/v2\/users\/5"}],"replies":[{"embeddable":true,"href":"http:\/\/dsrmedios.com.ar\/diario\/wp-json\/wp\/v2\/comments?post=45219"}],"version-history":[{"count":1,"href":"http:\/\/dsrmedios.com.ar\/diario\/wp-json\/wp\/v2\/posts\/45219\/revisions"}],"predecessor-version":[{"id":45221,"href":"http:\/\/dsrmedios.com.ar\/diario\/wp-json\/wp\/v2\/posts\/45219\/revisions\/45221"}],"wp:featuredmedia":[{"embeddable":true,"href":"http:\/\/dsrmedios.com.ar\/diario\/wp-json\/wp\/v2\/media\/45220"}],"wp:attachment":[{"href":"http:\/\/dsrmedios.com.ar\/diario\/wp-json\/wp\/v2\/media?parent=45219"}],"wp:term":[{"taxonomy":"category","embeddable":true,"href":"http:\/\/dsrmedios.com.ar\/diario\/wp-json\/wp\/v2\/categories?post=45219"},{"taxonomy":"post_tag","embeddable":true,"href":"http:\/\/dsrmedios.com.ar\/diario\/wp-json\/wp\/v2\/tags?post=45219"}],"curies":[{"name":"wp","href":"https:\/\/api.w.org\/{rel}","templated":true}]}}