{"id":45180,"date":"2024-10-31T19:19:19","date_gmt":"2024-10-31T22:19:19","guid":{"rendered":"http:\/\/dsrmedios.com.ar\/diario\/?p=45180"},"modified":"2024-10-31T19:19:22","modified_gmt":"2024-10-31T22:19:22","slug":"interesante-entrevista-a-uno-de-los-comercios-mas-tradicionales-de-nuestra-ciudad-la-francesa","status":"publish","type":"post","link":"http:\/\/dsrmedios.com.ar\/diario\/archivos\/45180","title":{"rendered":"Interesante entrevista a uno de los comercios m\u00e1s tradicionales de nuestra ciudad La Francesa"},"content":{"rendered":"\n<h6><img decoding=\"async\" loading=\"lazy\" height=\"80\" width=\"80\" src=\"https:\/\/bichosdecampo.com\/wp-content\/uploads\/2023\/07\/ludmila-pavot.jpg\" alt=\"Liudmila Pavot\">\u00a0por\u00a0<a href=\"https:\/\/bichosdecampo.com\/author\/ludmila-pavot\/\">Liudmila Pavot<\/a> para el portal BICHOS DE CAMPO<\/h6>\n\n\n\n<p>\u00a0<a href=\"https:\/\/bichosdecampo.com\/wp-content\/uploads\/2024\/10\/IMG_20241006_120211478-e1730546582414.jpg\"><\/a><\/p>\n\n\n\n<figure class=\"wp-block-image\"><a href=\"https:\/\/bichosdecampo.com\/wp-content\/uploads\/2024\/10\/IMG_20241006_120211478-e1730546582414.jpg\"><img decoding=\"async\" src=\"https:\/\/bichosdecampo.com\/wp-content\/uploads\/2024\/10\/IMG_20241006_120211478-e1730546582414-750x375.jpg\" alt=\"\"\/><\/a><\/figure>\n\n\n\n<p><a href=\"http:\/\/www.facebook.com\/sharer.php?u=https%3A%2F%2Fbichosdecampo.com%2Fde-panaderia-a-pasteleria-al-frente-de-un-local-casi-tan-antiguo-como-la-localidad-de-carhue-la-francesa-luli-partarrieu-resume-la-historia-de-las-panaderias-y-tambien-su-evolucion%2F\"><\/a><a href=\"https:\/\/twitter.com\/intent\/tweet?text=De%20panader%C3%ADa%20a%20pasteler%C3%ADa%3A%20Al%20frente%20de%20un%20local%20casi%20tan%20antiguo%20como%20la%20localidad%20de%20Carhu%C3%A9%2C%20%E2%80%9Cla%20francesa%E2%80%9D%20Luli%20Partarrieu%20resume%20la%20historia%20de%20las%20panader%C3%ADas%20y%20tambi%C3%A9n%20su%20evoluci%C3%B3n%20via%20%40bichosdecampo&amp;url=https%3A%2F%2Fbichosdecampo.com%2Fde-panaderia-a-pasteleria-al-frente-de-un-local-casi-tan-antiguo-como-la-localidad-de-carhue-la-francesa-luli-partarrieu-resume-la-historia-de-las-panaderias-y-tambien-su-evolucion%2F\"><em><\/em><\/a><a href=\"https:\/\/api.whatsapp.com\/send?text=De%20panader%C3%ADa%20a%20pasteler%C3%ADa%3A%20Al%20frente%20de%20un%20local%20casi%20tan%20antiguo%20como%20la%20localidad%20de%20Carhu%C3%A9%2C%20%E2%80%9Cla%20francesa%E2%80%9D%20Luli%20Partarrieu%20resume%20la%20historia%20de%20las%20panader%C3%ADas%20y%20tambi%C3%A9n%20su%20evoluci%C3%B3n%0Ahttps%3A%2F%2Fbichosdecampo.com%2Fde-panaderia-a-pasteleria-al-frente-de-un-local-casi-tan-antiguo-como-la-localidad-de-carhue-la-francesa-luli-partarrieu-resume-la-historia-de-las-panaderias-y-tambien-su-evolucion%2F\"><\/a><a href=\"mailto:?subject=De%20panader%C3%ADa%20a%20pasteler%C3%ADa%3A%20Al%20frente%20de%20un%20local%20casi%20tan%20antiguo%20como%20la%20localidad%20de%20Carhu%C3%A9%2C%20%E2%80%9Cla%20francesa%E2%80%9D%20Luli%20Partarrieu%20resume%20la%20historia%20de%20las%20panader%C3%ADas%20y%20tambi%C3%A9n%20su%20evoluci%C3%B3n&amp;body=https%3A%2F%2Fbichosdecampo.com%2Fde-panaderia-a-pasteleria-al-frente-de-un-local-casi-tan-antiguo-como-la-localidad-de-carhue-la-francesa-luli-partarrieu-resume-la-historia-de-las-panaderias-y-tambien-su-evolucion%2F\"><\/a><a href=\"https:\/\/www.linkedin.com\/shareArticle?url=https%3A%2F%2Fbichosdecampo.com%2Fde-panaderia-a-pasteleria-al-frente-de-un-local-casi-tan-antiguo-como-la-localidad-de-carhue-la-francesa-luli-partarrieu-resume-la-historia-de-las-panaderias-y-tambien-su-evolucion%2F&amp;title=De%20panader%C3%ADa%20a%20pasteler%C3%ADa%3A%20Al%20frente%20de%20un%20local%20casi%20tan%20antiguo%20como%20la%20localidad%20de%20Carhu%C3%A9%2C%20%E2%80%9Cla%20francesa%E2%80%9D%20Luli%20Partarrieu%20resume%20la%20historia%20de%20las%20panader%C3%ADas%20y%20tambi%C3%A9n%20su%20evoluci%C3%B3n\"><\/a><a href=\"https:\/\/bichosdecampo.com\/de-panaderia-a-pasteleria-al-frente-de-un-local-casi-tan-antiguo-como-la-localidad-de-carhue-la-francesa-luli-partarrieu-resume-la-historia-de-las-panaderias-y-tambien-su-evolucion\/?fbclid=IwY2xjawGVm1JleHRuA2FlbQIxMQABHXm3JSfgu0fsm5Q4nEkOKx7E0HCVzXK2c6jtj7NAQM3Drgbae4F0TAp_fw_aem_E2SV-NE8PPWSSMndepQZsQ#\"><\/a><\/p>\n\n\n\n<p>Justo cuando la industria del trigo se iniciaba en la localidad de Carhu\u00e9 y se levantaba el molino hom\u00f3nimo, hacia la d\u00e9cada de 1880, tambi\u00e9n nac\u00eda la primera panader\u00eda que tuvo esa localidad del oeste bonaerense. Se trata de La Francesa, ubicada en el centro de ese pueblo, exactamente en frente de la plaza que tambi\u00e9n engalana el extra\u00f1o edificio municipal perge\u00f1ado por el ingeniero Francisco Salamone.<\/p>\n\n\n\n<p>En&nbsp;<a href=\"https:\/\/www.museocarhue.gob.ar\/archivo-historico\/investigaciones\/un-lugar-con-historia-panaderia-francesa\">la p\u00e1gina del museo regional Adolfo Alsina<\/a>&nbsp;se cuenta esta historia:&nbsp; Denominada originalmente \u201cFrancesa\u201d, la panader\u00eda \u201ctiene sus or\u00edgenes en 1884\u201d y \u201ces de suponer que su primer propietario fue Juan Argel y que mantuvo su ubicaci\u00f3n en la misma cuadra siempre\u201d. Lo que es decir, hace 140 a\u00f1os.<\/p>\n\n\n\n<p>Juan Cipriano Partarrieu, un emprendedor de Tres Lomas que tambi\u00e9n ten\u00eda apellido galo dice el museo que \u201cde pasada por aqu\u00ed, seguramente en el verano de Epecuen, se anoticia de la venta de este negocio, cerrando el trato en marzo de 1950 y radic\u00e1ndose el matrimonio con dos de sus tres hijos, Nora Elisa y Carlos Luis\u201d. Este \u00faltimo ser\u00eda luego quien siguiera los pasos de su padre panadero.<\/p>\n\n\n\n<p>Durante todo esta historia los pobladores de Carhu\u00e9 pudieron adquirir los tradicionales productos de una panader\u00eda argentina. Por supuesto el pan franc\u00e9s, pero tambi\u00e9n los grisines, polvorones, galletas y medialunas.<\/p>\n\n\n\n<figure class=\"wp-block-image\"><img decoding=\"async\" src=\"https:\/\/bichosdecampo.com\/wp-content\/uploads\/2024\/10\/la-francesa-e1730545864500.jpg\" alt=\"\" class=\"wp-image-201162\"\/><\/figure>\n\n\n\n<p>Pero como en la historia de las panader\u00edas en el pa\u00eds, La Francesa tambi\u00e9n cambi\u00f3 y ahora suma las nuevas tendencias de la panader\u00eda moderna, con las creaciones de Luli Partarrieu, la tercera generaci\u00f3n de esa familia panadera, quien decidi\u00f3 incorporar \u201cla pasteler\u00eda\u201d a la paleta de productos. La mujer, que se define pastelera y no repostera, volvi\u00f3 a su localidad para hacerse cargo del local despu\u00e9s del fallecimiento de su padre.<\/p>\n\n\n\n<p>\u201cMi abuelo compr\u00f3 la panader\u00eda en 1950. Mi pap\u00e1 despu\u00e9s sigui\u00f3 con ese rubro panadero y en el 2013 me hice cargo yo. Yo hab\u00eda estudiado pasteler\u00eda y bueno tuve que aprender todo el rubro panadero. Y lo mantuve unos a\u00f1os hasta que me fui perfeccionando m\u00e1s en lo que es la pasteler\u00eda y salir un poco de ese rubro&nbsp; tradicional\u201d, cont\u00f3 Luli a&nbsp;<strong>Bichos de Campo<\/strong>, durante la primera edici\u00f3n de la Fiesta del Pan que se realiz\u00f3 en Carhu\u00e9.<\/p>\n\n\n\n<p>Ya un poco m\u00e1s c\u00f3moda en las labores, Luli se sigue profesionalizando en la pasteler\u00eda, pues aspira a agradar el paladar de sus vecinos, llev\u00e1ndoles productos m\u00e1s contempor\u00e1neos, como son los elaborados con masa madre, por mencionar algunos.<\/p>\n\n\n\n<p>Mir\u00e1 la entrevista completa a Luli&nbsp;Partarrieu:<\/p>\n\n\n\n<figure class=\"wp-block-embed is-type-rich is-provider-gestor-del-servicio wp-block-embed-gestor-del-servicio wp-embed-aspect-16-9 wp-has-aspect-ratio\"><div class=\"wp-block-embed__wrapper\">\n<span class=\"embed-youtube\" style=\"text-align:center; display: block;\"><iframe loading=\"lazy\" class=\"youtube-player\" width=\"640\" height=\"360\" src=\"https:\/\/www.youtube.com\/embed\/iKaOLmk-KpA?feature=oembed&#038;version=3&#038;rel=1&#038;showsearch=0&#038;showinfo=1&#038;iv_load_policy=1&#038;fs=1&#038;hl=es-ES&#038;autohide=2&#038;wmode=transparent\" allowfullscreen=\"true\" style=\"border:0;\" sandbox=\"allow-scripts allow-same-origin allow-popups allow-presentation\"><\/iframe><\/span>\n<\/div><\/figure>\n\n\n\n<p>\u201cYo hoy me dedico a lo que son panes artesanales que vienen con masa madre, con semillas, apuesto a toda esta movida. Y bueno despu\u00e9s sigo haciendo medialunas&nbsp; y laminados.&nbsp;Ahora estoy haciendo cursos y aprendiendo cosas que ac\u00e1 por ah\u00ed no se ven mucho. Me gusta innovar y tratar de insertar cosas nuevas en Carhu\u00e9\u201d, dijo la joven pastelera.<\/p>\n\n\n\n<p>En la b\u00fasqueda de un sello propio en sus creaciones, la joven no deja de lado la harina convencional que le provee el molino Carhu\u00e9, sino que juega con los nuevos modos de usarla para elaborar un producto m\u00e1s atractivo.&nbsp;\u201cLa harina est\u00e1 presente siempre, porque en todo lo que es laminado, las medialunas o el croissant,&nbsp; est\u00e1 presente la harina. En todo lo que es pasteler\u00eda tambi\u00e9n. Pero siempre d\u00e1ndole una vuelta y buscando mi identidad\u201d, precis\u00f3.&nbsp;<\/p>\n\n\n\n<p>Por suerte para Luli su negocio est\u00e1 muy est\u00e1 cerca de su materia prima prima principal: la harina. Y as\u00ed como busca revolucionar sus ofertas, celebra contra con oferta de trigo y harina cercana.<\/p>\n\n\n\n<p><img decoding=\"async\" loading=\"lazy\" src=\"https:\/\/bichosdecampo.com\/wp-content\/uploads\/2024\/10\/la-francesa-1-e1730300526268.jpg\" alt=\"\" width=\"1343\" height=\"843\" srcset=\"https:\/\/bichosdecampo.com\/wp-content\/uploads\/2024\/10\/la-francesa-1-e1730300526268.jpg 1343w, https:\/\/bichosdecampo.com\/wp-content\/uploads\/2024\/10\/la-francesa-1-e1730300526268-768x482.jpg 768w\">\u201cToda la vida trabaj\u00e9y mi pap\u00e1 tambi\u00e9n con el molino de Carhu\u00e9. Antes en la \u00e9poca de mi viejo hab\u00eda solo harina tres cero y cuatro cero, no hab\u00eda mucha opci\u00f3n. Hoy tienen mucha variedad de harinas: taperas, para pastas, para pasteler\u00eda. han ido evolucionando a la par del consumo de la gente. Entonces ah\u00ed pod\u00e9s encontrar diversas harinas para cada cosa. As\u00ed que yo de ac\u00e1 siempre labur\u00e9 con el molino\u201d, cont\u00f3 sobre los cambios.<\/p>\n\n\n\n<p>Por supuesto que en esto de innovar y ofrecer productos m\u00e1s sofisticados, la tecnolog\u00eda tiene un rol fundamental. \u201cHoy creo que es m\u00e1s f\u00e1cil ser panadero o pastelero que antes. Antes se necesitaba m\u00e1s espacio. Nosotros en la panader\u00eda tenemos el horno viejo de barro que no se usa m\u00e1s. Despu\u00e9s mi pap\u00e1 lo hizo a gas. Nosotros en el 2017 lo dimos de baja y yo empec\u00e9 a usar un horno pastelero. Ya con eso me arreglo. Hoy los mobiliarios son mucho m\u00e1s peque\u00f1os, cualquiera en un espacio reducido puede tener unas maquinitas y dedicarse a la panader\u00eda\u201d, explic\u00f3 la pastelera.<\/p>\n\n\n\n<figure class=\"wp-block-image\"><img decoding=\"async\" src=\"https:\/\/bichosdecampo.com\/wp-content\/uploads\/2024\/10\/la-francesa-4-e1730300677392.jpg\" alt=\"\" class=\"wp-image-201159\"\/><\/figure>\n\n\n\n<p><strong>-Vos dijiste que tuviste que seguir en poco con la panader\u00eda tradicional en tus inicios. \u00bfSent\u00eds que la demanda Y&nbsp; el consumidor van evolucionando tambi\u00e9n?<\/strong><\/p>\n\n\n\n<p>\u2013Me cost\u00f3 muchos a\u00f1os involucrar todo lo que es pasteler\u00eda. Cuando yo llegu\u00e9 en el 2011, no se sab\u00eda lo que era la palabra pasteler\u00eda, no estaba muy insertado ac\u00e1, se ve\u00eda m\u00e1s en la ciudad. Hoy est\u00e1 mucho m\u00e1s abierto, pero s\u00ed cuesta insertar productos nuevos y que la gente los conozca. Entonces es un trabajo que me llevo mucho, estuve haciendo peque\u00f1as cantidades por muchos a\u00f1os. Desde&nbsp;el 2020 en adelante me dediqu\u00e9 exclusivamente a lo que es pasteler\u00eda, alfajores artesanales y todas estas cuestiones nuevas y ah\u00ed vamos entrando en el rubro pastelero.<\/p>\n\n\n\n<p>Para Luli&nbsp; instalarse con sus creaciones en el paladar de los pobladores de Carhu\u00e9 sin que se remitieran al sabor y los productos de \u201cla panader\u00eda de Carlitos\u201d sigue siendo un desaf\u00edo. Su padre, con las recetas de su abuelo, hab\u00eda logrado conquistar el gusto de sus vecinos.<\/p>\n\n\n\n<figure class=\"wp-block-image\"><img decoding=\"async\" src=\"https:\/\/bichosdecampo.com\/wp-content\/uploads\/2024\/10\/la-francesa-5-e1730300708128.jpg\" alt=\"\" class=\"wp-image-201158\"\/><\/figure>\n\n\n\n<p><strong>-\u00bfY qu\u00e9 es lo m\u00e1s novedoso que se te ocurri\u00f3 hacer para un pueblo como Carhu\u00e9?<\/strong><\/p>\n\n\n\n<p>-En estos momentos estoy con todo lo que es laminado, que no es m\u00e1s que hacer un hojaldre con muchas, muchas capas. Este es un trabajo que demanda tres d\u00edas, que por ah\u00ed ac\u00e1 no se sabe. El primer d\u00eda amas\u00e1s,&nbsp; el segundo l\u00e1minas y es cuando pon\u00e9s la manteca y hac\u00e9s las vueltas del hojaldre, y el tercero arm\u00e1s y cocinas el croissant o la medialuna.&nbsp;Entonces, estoy en ese proceso de insertar esas cuestiones que es lo que est\u00e1 hoy de moda, como las cookies, el laminado. Son cosas modernas que vas viendo afuera y que quiero insertar ac\u00e1.<\/p>\n\n\n\n<p><strong>-Esta panader\u00eda casi naci\u00f3 con la ciudad de Carhu\u00e9 y con el propio molino Con tantos a\u00f1os en la vida de los pobladores de esta localidad, \u00bfno te da miedo desafiar la historia?<\/strong><\/p>\n\n\n\n<p>\u2013No, por el contrario, me encanta ponerle mi impronta, mi identidad.&nbsp;Vamos a seguir escribiendo la historia y seguir con el apellido dentro del rubro, aunque creo que soy la \u00faltima porque no tenemos continuidad. Mi hermano tiene un hijo, pero no creo que siga este rubro, as\u00ed que creo que voy a ser la \u00faltima.<\/p>\n","protected":false},"excerpt":{"rendered":"<div class=\"mh-excerpt\"><p>\u00a0por\u00a0Liudmila Pavot para el portal BICHOS DE CAMPO \u00a0 Justo cuando la industria del trigo se iniciaba en la localidad de Carhu\u00e9 y se levantaba el molino hom\u00f3nimo, hacia la d\u00e9cada de 1880, tambi\u00e9n nac\u00eda la primera panader\u00eda que tuvo esa localidad del oeste bonaerense. Se trata de La Francesa, ubicada en el centro de ese pueblo, exactamente en frente de la plaza que tambi\u00e9n engalana el extra\u00f1o edificio municipal perge\u00f1ado por el ingeniero Francisco Salamone. En&nbsp;la p\u00e1gina del museo regional Adolfo Alsina&nbsp;se cuenta esta historia:&nbsp; Denominada originalmente \u201cFrancesa\u201d, la panader\u00eda \u201ctiene sus or\u00edgenes en 1884\u201d y \u201ces de suponer <a class=\"mh-excerpt-more\" href=\"http:\/\/dsrmedios.com.ar\/diario\/archivos\/45180\" title=\"Interesante entrevista a uno de los comercios m\u00e1s tradicionales de nuestra ciudad La Francesa\">[Leer m\u00e1s]<\/a><\/p>\n<\/div>","protected":false},"author":5,"featured_media":45181,"comment_status":"open","ping_status":"closed","sticky":false,"template":"","format":"standard","meta":{"_jetpack_newsletter_access":""},"categories":[18,31],"tags":[],"jetpack_featured_media_url":"http:\/\/dsrmedios.com.ar\/diario\/wp-content\/uploads\/2024\/10\/la-francesa-e1730545864500.jpg","jetpack_sharing_enabled":true,"jetpack_shortlink":"https:\/\/wp.me\/p9fihK-bKI","_links":{"self":[{"href":"http:\/\/dsrmedios.com.ar\/diario\/wp-json\/wp\/v2\/posts\/45180"}],"collection":[{"href":"http:\/\/dsrmedios.com.ar\/diario\/wp-json\/wp\/v2\/posts"}],"about":[{"href":"http:\/\/dsrmedios.com.ar\/diario\/wp-json\/wp\/v2\/types\/post"}],"author":[{"embeddable":true,"href":"http:\/\/dsrmedios.com.ar\/diario\/wp-json\/wp\/v2\/users\/5"}],"replies":[{"embeddable":true,"href":"http:\/\/dsrmedios.com.ar\/diario\/wp-json\/wp\/v2\/comments?post=45180"}],"version-history":[{"count":1,"href":"http:\/\/dsrmedios.com.ar\/diario\/wp-json\/wp\/v2\/posts\/45180\/revisions"}],"predecessor-version":[{"id":45182,"href":"http:\/\/dsrmedios.com.ar\/diario\/wp-json\/wp\/v2\/posts\/45180\/revisions\/45182"}],"wp:featuredmedia":[{"embeddable":true,"href":"http:\/\/dsrmedios.com.ar\/diario\/wp-json\/wp\/v2\/media\/45181"}],"wp:attachment":[{"href":"http:\/\/dsrmedios.com.ar\/diario\/wp-json\/wp\/v2\/media?parent=45180"}],"wp:term":[{"taxonomy":"category","embeddable":true,"href":"http:\/\/dsrmedios.com.ar\/diario\/wp-json\/wp\/v2\/categories?post=45180"},{"taxonomy":"post_tag","embeddable":true,"href":"http:\/\/dsrmedios.com.ar\/diario\/wp-json\/wp\/v2\/tags?post=45180"}],"curies":[{"name":"wp","href":"https:\/\/api.w.org\/{rel}","templated":true}]}}