{"id":45156,"date":"2024-10-16T22:51:49","date_gmt":"2024-10-17T01:51:49","guid":{"rendered":"http:\/\/dsrmedios.com.ar\/diario\/?p=45156"},"modified":"2024-10-16T22:51:52","modified_gmt":"2024-10-17T01:51:52","slug":"juntan-en-carhue-firmas-para-reclamar-por-el-tarifazo-electrico","status":"publish","type":"post","link":"http:\/\/dsrmedios.com.ar\/diario\/archivos\/45156","title":{"rendered":"Juntan en Carhue firmas para reclamar por el tarifazo el\u00e9ctrico"},"content":{"rendered":"\n<p>Encabezado por los concejales de Iniciativa Vecinal y Union por la Patria, se est\u00e1 llevando a cabo en nuestr aciudad una recolecci\u00f3n de firmas para pedir al gobierno que desista con los tarifazos el\u00e9ctricos que han causado mucho malestar y preocupaci\u00f3n entre los vecinos, comercios e industrias locales. La misma se refelejar\u00e1 en un apagon que se realizara el pr\u00f3ximo 31 de octubre. Conversamos con el Concejal Leandro Varela al respecto.<\/p>\n\n\n\n<figure class=\"wp-block-audio\"><audio controls src=\"http:\/\/dsrmedios.com.ar\/diario\/wp-content\/uploads\/2024\/10\/Leandro-Apagon.mp3\"><\/audio><\/figure>\n","protected":false},"excerpt":{"rendered":"<div class=\"mh-excerpt\"><p>Encabezado por los concejales de Iniciativa Vecinal y Union por la Patria, se est\u00e1 llevando a cabo en nuestr aciudad una recolecci\u00f3n de firmas para pedir al gobierno que desista con los tarifazos el\u00e9ctricos que han causado mucho malestar y preocupaci\u00f3n entre los vecinos, comercios e industrias locales. La misma se refelejar\u00e1 en un apagon que se realizara el pr\u00f3ximo 31 de octubre. Conversamos con el Concejal Leandro Varela al respecto.<\/p>\n<\/div>","protected":false},"author":5,"featured_media":3915,"comment_status":"open","ping_status":"closed","sticky":false,"template":"","format":"standard","meta":{"_jetpack_newsletter_access":""},"categories":[1],"tags":[],"jetpack_featured_media_url":"http:\/\/dsrmedios.com.ar\/diario\/wp-content\/uploads\/2018\/01\/luz_3-1.jpg","jetpack_sharing_enabled":true,"jetpack_shortlink":"https:\/\/wp.me\/p9fihK-bKk","_links":{"self":[{"href":"http:\/\/dsrmedios.com.ar\/diario\/wp-json\/wp\/v2\/posts\/45156"}],"collection":[{"href":"http:\/\/dsrmedios.com.ar\/diario\/wp-json\/wp\/v2\/posts"}],"about":[{"href":"http:\/\/dsrmedios.com.ar\/diario\/wp-json\/wp\/v2\/types\/post"}],"author":[{"embeddable":true,"href":"http:\/\/dsrmedios.com.ar\/diario\/wp-json\/wp\/v2\/users\/5"}],"replies":[{"embeddable":true,"href":"http:\/\/dsrmedios.com.ar\/diario\/wp-json\/wp\/v2\/comments?post=45156"}],"version-history":[{"count":1,"href":"http:\/\/dsrmedios.com.ar\/diario\/wp-json\/wp\/v2\/posts\/45156\/revisions"}],"predecessor-version":[{"id":45157,"href":"http:\/\/dsrmedios.com.ar\/diario\/wp-json\/wp\/v2\/posts\/45156\/revisions\/45157"}],"wp:featuredmedia":[{"embeddable":true,"href":"http:\/\/dsrmedios.com.ar\/diario\/wp-json\/wp\/v2\/media\/3915"}],"wp:attachment":[{"href":"http:\/\/dsrmedios.com.ar\/diario\/wp-json\/wp\/v2\/media?parent=45156"}],"wp:term":[{"taxonomy":"category","embeddable":true,"href":"http:\/\/dsrmedios.com.ar\/diario\/wp-json\/wp\/v2\/categories?post=45156"},{"taxonomy":"post_tag","embeddable":true,"href":"http:\/\/dsrmedios.com.ar\/diario\/wp-json\/wp\/v2\/tags?post=45156"}],"curies":[{"name":"wp","href":"https:\/\/api.w.org\/{rel}","templated":true}]}}