{"id":45153,"date":"2024-10-16T05:58:31","date_gmt":"2024-10-16T08:58:31","guid":{"rendered":"http:\/\/dsrmedios.com.ar\/diario\/?p=45153"},"modified":"2024-10-16T05:58:34","modified_gmt":"2024-10-16T08:58:34","slug":"ofrecen-aumento-salarial-a-docentes-de-nuestra-provincia","status":"publish","type":"post","link":"http:\/\/dsrmedios.com.ar\/diario\/archivos\/45153","title":{"rendered":"Ofrecen aumento salarial a docentes de nuestra provincia"},"content":{"rendered":"\n<p>El gobierno de&nbsp;<a href=\"https:\/\/infocielo.com\/axel-kicillof\" class=\"\">Axel Kicillof<\/a>&nbsp;ofreci\u00f3 a los gremios&nbsp;<a class=\"\" href=\"https:\/\/infocielo.com\/docentes-a2299\">docentes&nbsp;<\/a><strong>un aumento salarial del 8 % escalonado<\/strong>&nbsp;para los meses de&nbsp;<strong>octubre y noviembre&nbsp;<\/strong>en el marco de la reanudaci\u00f3n de las negociaciones&nbsp;<strong><a href=\"https:\/\/infocielo.com\/paritarias\">paritarias<\/a><\/strong>. La oferta lleg\u00f3 a contrarreloj a d\u00edas de que venza el tiempo l\u00edmite para la liquidaci\u00f3n de los sueldos.<\/p>\n\n\n\n<p>about:blank<\/p>\n\n\n\n<figure class=\"wp-block-image\"><img decoding=\"async\" src=\"https:\/\/ced-ns.sascdn.com\/diff\/templates\/images\/info.svg\" alt=\"\"\/><\/figure>\n\n\n\n<p>La reuni\u00f3n se llev\u00f3 a cabo este mi\u00e9rcoles en el marco de la Comisi\u00f3n Paritaria Salarial Docente, celebrada en la sede platense del Ministerio de Trabajo. En la reuni\u00f3n estuvieron presentes representantes del Frente Gremial y de de los Ministerios de Trabajo, Empleo P\u00fablico, Hacienda y de la Direcci\u00f3n General de Cultura y Educaci\u00f3n (DGCyE).<\/p>\n","protected":false},"excerpt":{"rendered":"<div class=\"mh-excerpt\"><p>El gobierno de&nbsp;Axel Kicillof&nbsp;ofreci\u00f3 a los gremios&nbsp;docentes&nbsp;un aumento salarial del 8 % escalonado&nbsp;para los meses de&nbsp;octubre y noviembre&nbsp;en el marco de la reanudaci\u00f3n de las negociaciones&nbsp;paritarias. La oferta lleg\u00f3 a contrarreloj a d\u00edas de que venza el tiempo l\u00edmite para la liquidaci\u00f3n de los sueldos. about:blank La reuni\u00f3n se llev\u00f3 a cabo este mi\u00e9rcoles en el marco de la Comisi\u00f3n Paritaria Salarial Docente, celebrada en la sede platense del Ministerio de Trabajo. En la reuni\u00f3n estuvieron presentes representantes del Frente Gremial y de de los Ministerios de Trabajo, Empleo P\u00fablico, Hacienda y de la Direcci\u00f3n General de Cultura y Educaci\u00f3n <a class=\"mh-excerpt-more\" href=\"http:\/\/dsrmedios.com.ar\/diario\/archivos\/45153\" title=\"Ofrecen aumento salarial a docentes de nuestra provincia\">[Leer m\u00e1s]<\/a><\/p>\n<\/div>","protected":false},"author":5,"featured_media":3813,"comment_status":"open","ping_status":"closed","sticky":false,"template":"","format":"standard","meta":{"_jetpack_newsletter_access":""},"categories":[18,7],"tags":[],"jetpack_featured_media_url":"http:\/\/dsrmedios.com.ar\/diario\/wp-content\/uploads\/2018\/01\/suetba-docentes.jpg","jetpack_sharing_enabled":true,"jetpack_shortlink":"https:\/\/wp.me\/p9fihK-bKh","_links":{"self":[{"href":"http:\/\/dsrmedios.com.ar\/diario\/wp-json\/wp\/v2\/posts\/45153"}],"collection":[{"href":"http:\/\/dsrmedios.com.ar\/diario\/wp-json\/wp\/v2\/posts"}],"about":[{"href":"http:\/\/dsrmedios.com.ar\/diario\/wp-json\/wp\/v2\/types\/post"}],"author":[{"embeddable":true,"href":"http:\/\/dsrmedios.com.ar\/diario\/wp-json\/wp\/v2\/users\/5"}],"replies":[{"embeddable":true,"href":"http:\/\/dsrmedios.com.ar\/diario\/wp-json\/wp\/v2\/comments?post=45153"}],"version-history":[{"count":1,"href":"http:\/\/dsrmedios.com.ar\/diario\/wp-json\/wp\/v2\/posts\/45153\/revisions"}],"predecessor-version":[{"id":45154,"href":"http:\/\/dsrmedios.com.ar\/diario\/wp-json\/wp\/v2\/posts\/45153\/revisions\/45154"}],"wp:featuredmedia":[{"embeddable":true,"href":"http:\/\/dsrmedios.com.ar\/diario\/wp-json\/wp\/v2\/media\/3813"}],"wp:attachment":[{"href":"http:\/\/dsrmedios.com.ar\/diario\/wp-json\/wp\/v2\/media?parent=45153"}],"wp:term":[{"taxonomy":"category","embeddable":true,"href":"http:\/\/dsrmedios.com.ar\/diario\/wp-json\/wp\/v2\/categories?post=45153"},{"taxonomy":"post_tag","embeddable":true,"href":"http:\/\/dsrmedios.com.ar\/diario\/wp-json\/wp\/v2\/tags?post=45153"}],"curies":[{"name":"wp","href":"https:\/\/api.w.org\/{rel}","templated":true}]}}