{"id":45028,"date":"2024-09-17T06:56:03","date_gmt":"2024-09-17T09:56:03","guid":{"rendered":"http:\/\/dsrmedios.com.ar\/diario\/?p=45028"},"modified":"2024-09-17T06:56:05","modified_gmt":"2024-09-17T09:56:05","slug":"monte-hermoso-se-prepara-para-la-fiesta-nacional-de-la-primavera","status":"publish","type":"post","link":"http:\/\/dsrmedios.com.ar\/diario\/archivos\/45028","title":{"rendered":"Monte Hermoso se prepara para la Fiesta Nacional de la Primavera"},"content":{"rendered":"\n<p>La ciudad de Monte Hermoso se prepara para la 30\u00b0 Fiesta Nacional de la Primavera con espect\u00e1culos imperdibles para todos los gustos y muchas actividades m\u00e1s. Conoc\u00e9 todos los detalles.<\/p>\n\n\n\n<p>A lo largo de tres jornadas en el Parque General San Mart\u00edn, se realizar\u00e1 una nueva edici\u00f3n de la Fiesta Nacional de la Primavera, organizada por la Municipalidad de Monte Hermoso y con la participaci\u00f3n de la Subsecretar\u00eda de Turismo del Ministerio de Producci\u00f3n, Ciencia e Innovaci\u00f3n Tecnol\u00f3gica del Gobierno de la Provincia de Buenos Aires.<\/p>\n\n\n\n<p>\u00bfC\u00f3mo ser\u00e1 la Fiesta Nacional de la Primavera de Monte Hermoso?<br>Desde el viernes 10 y hasta el domingo 22 de septiembre, desde el mediod\u00eda, se podr\u00e1 disfrutar de las actividades en la plaza del Parque General San Mart\u00edn. Seg\u00fan detall\u00f3 la organizaci\u00f3n del evento que se desarrolla a trav\u00e9s del programa Recreo, habr\u00e1 patio gastron\u00f3mico, m\u00fasica en vivo, djs y actividades art\u00edsticas y deportivas.<br>Adem\u00e1s cada jornada contar\u00e1 con un cierre musical a lo grande: el viernes tocar\u00e1 Lucy Patan\u00e9 y F\u00f3sforo, la MH. Mientras que el s\u00e1bado ser\u00e1 el turno de Rusherking. El domingo, finalmente, ser\u00e1 el recital de El Plan de la Mariposa. La entrada es libre y gratuita.<\/p>\n\n\n\n<p>Conoc\u00e9 el cronograma completo de actividades<br>Viernes 20 de septiembre<br>17HS A 24HS \u2013 APERTURA DE PREDIO \u2013 GASTRONOM\u00cdA \u2013 SHOWS EN VIVO \u2013 ACTIVIDADES Y RECREACI\u00d3N<br>17 A 19HSHS \u2013 RECREO \u2013 ACTIVIDADES L\u00daDICAS Y RECREATIVAS PARA TODAS LAS EDADES<br>17HS \u2013 DIRECCI\u00d3N DE JUVENTUDES \u2013 ACTIVIDADES L\u00daDICO \u2013 RECREATIVAS<br>17HS \u2013 SAN NEGRONI -ESCENARIO DE BANDAS LOCALES Y REGIONALES \u2013 M\u00daSICA EN VIVO<br>A PARTIR DE LAS 19HS \u2013LUCY PATAN\u00c9 \u2013 M\u00daSICA EN VIVO \u2013 ESCENARIO MAYOR<br>A PARTIR DE LAS 20HS \u2013 F\u00d3SFORO Y LA MH &#8211; M\u00daSICA EN VIVO \u2013 ESCENARIO MAYOR<br>S\u00e1bado 21 de septiembre<br>12HS A 24HS \u2013 APERTURA DE PREDIO \u2013 GASTRONOM\u00cdA \u2013 SHOWS EN VIVO \u2013 ACTIVIDADES Y RECREACI\u00d3N<br>13 A 21HS \u2013 RECREO \u2013 ACTIVIDADES L\u00daDICAS Y RECREATIVAS PARA TODAS LAS EDADES<br>14HS \u2013 LOS HIJOS DEL OSO \u2013 ESCENARIO DE BANDAS LOCALES Y REGIONALES \u2013 M\u00daSICA EN VIVO<br>15HS \u2013 MINISTERIO DE SALUD DE LA PROVINCIA, REGI\u00d3N SANITARIA I \u2013 EDUCACI\u00d3N SEXUAL EN PRIMAVERA<br>15:30HS \u2013 RETRO TRIO &#8211; ESCENARIO DE BANDAS LOCALES Y REGIONALES \u2013 M\u00daSICA EN VIVO<br>17HS \u2013 PROLETARIOS &#8211; ESCENARIO DE BANDAS LOCALES Y REGIONALES \u2013 M\u00daSICA EN VIVO<br>18:30HS \u2013KROKOFF \u2013 ESCENARIO DE BANDAS LOCALES Y REGIONALES \u2013 M\u00daSICA EN VIVO<br>A PARTIR DE LAS 19:30HS \u2013 RUSHERKING &#8211; M\u00daSICA EN VIVO \u2013 ESCENARIO MAYOR<br>Domingo 22 de septiembre<br>12HS A 24HS \u2013 APERTURA DE PREDIO \u2013 GASTRONOM\u00cdA \u2013 SHOWS EN VIVO \u2013 ACTIVIDADES Y RECREACI\u00d3N<br>13 A 19HS \u2013 RECREO \u2013 ACTIVIDADES L\u00daDICAS Y RECREATIVAS PARA TODAS LAS EDADES<br>14HS \u2013 JOSEFINA LAMARRE \u2013 ESCENARIO DE BANDAS LOCALES Y REGIONALES \u2013 M\u00daSICA EN VIVO<br>15HS \u2013 MINISTERIO DE MUJERES DE LA PROVINCIA \u2013 ESI CON AMIGUES<br>15:30HS \u2013 WILLY TRAVERSA &#8211; ESCENARIO DE BANDAS LOCALES Y REGIONALES \u2013 M\u00daSICA EN VIVO<br>17HS \u2013 LOS CHINOS SABEN \u2013 ESCENARIO DE BANDAS LOCALES Y REGIONALES \u2013 M\u00daSICA EN VIVO<br>18:30HS \u2013 LA SIN NOMBRE \u2013 ESCENARIO DE BANDAS LOCALES Y REGIONALES \u2013 M\u00daSICA EN VIVO<br>A PARTIR DE LAS 19:30HS \u2013 EL PLAN DE LA MARIPOSA \u2013 M\u00daSICA EN VIVO \u2013 ESCENARIO MAYOR<\/p>\n\n\n\n<p>Fuente: www.infocielo.com<\/p>\n","protected":false},"excerpt":{"rendered":"<div class=\"mh-excerpt\"><p>La ciudad de Monte Hermoso se prepara para la 30\u00b0 Fiesta Nacional de la Primavera con espect\u00e1culos imperdibles para todos los gustos y muchas actividades m\u00e1s. Conoc\u00e9 todos los detalles. A lo largo de tres jornadas en el Parque General San Mart\u00edn, se realizar\u00e1 una nueva edici\u00f3n de la Fiesta Nacional de la Primavera, organizada por la Municipalidad de Monte Hermoso y con la participaci\u00f3n de la Subsecretar\u00eda de Turismo del Ministerio de Producci\u00f3n, Ciencia e Innovaci\u00f3n Tecnol\u00f3gica del Gobierno de la Provincia de Buenos Aires. \u00bfC\u00f3mo ser\u00e1 la Fiesta Nacional de la Primavera de Monte Hermoso?Desde el viernes 10 <a class=\"mh-excerpt-more\" href=\"http:\/\/dsrmedios.com.ar\/diario\/archivos\/45028\" title=\"Monte Hermoso se prepara para la Fiesta Nacional de la Primavera\">[Leer m\u00e1s]<\/a><\/p>\n<\/div>","protected":false},"author":5,"featured_media":3411,"comment_status":"open","ping_status":"closed","sticky":false,"template":"","format":"standard","meta":{"_jetpack_newsletter_access":""},"categories":[18],"tags":[],"jetpack_featured_media_url":"http:\/\/dsrmedios.com.ar\/diario\/wp-content\/uploads\/2018\/01\/monte-hermoso.jpg","jetpack_sharing_enabled":true,"jetpack_shortlink":"https:\/\/wp.me\/p9fihK-bIg","_links":{"self":[{"href":"http:\/\/dsrmedios.com.ar\/diario\/wp-json\/wp\/v2\/posts\/45028"}],"collection":[{"href":"http:\/\/dsrmedios.com.ar\/diario\/wp-json\/wp\/v2\/posts"}],"about":[{"href":"http:\/\/dsrmedios.com.ar\/diario\/wp-json\/wp\/v2\/types\/post"}],"author":[{"embeddable":true,"href":"http:\/\/dsrmedios.com.ar\/diario\/wp-json\/wp\/v2\/users\/5"}],"replies":[{"embeddable":true,"href":"http:\/\/dsrmedios.com.ar\/diario\/wp-json\/wp\/v2\/comments?post=45028"}],"version-history":[{"count":1,"href":"http:\/\/dsrmedios.com.ar\/diario\/wp-json\/wp\/v2\/posts\/45028\/revisions"}],"predecessor-version":[{"id":45029,"href":"http:\/\/dsrmedios.com.ar\/diario\/wp-json\/wp\/v2\/posts\/45028\/revisions\/45029"}],"wp:featuredmedia":[{"embeddable":true,"href":"http:\/\/dsrmedios.com.ar\/diario\/wp-json\/wp\/v2\/media\/3411"}],"wp:attachment":[{"href":"http:\/\/dsrmedios.com.ar\/diario\/wp-json\/wp\/v2\/media?parent=45028"}],"wp:term":[{"taxonomy":"category","embeddable":true,"href":"http:\/\/dsrmedios.com.ar\/diario\/wp-json\/wp\/v2\/categories?post=45028"},{"taxonomy":"post_tag","embeddable":true,"href":"http:\/\/dsrmedios.com.ar\/diario\/wp-json\/wp\/v2\/tags?post=45028"}],"curies":[{"name":"wp","href":"https:\/\/api.w.org\/{rel}","templated":true}]}}