{"id":45025,"date":"2024-09-16T23:19:46","date_gmt":"2024-09-17T02:19:46","guid":{"rendered":"http:\/\/dsrmedios.com.ar\/diario\/?p=45025"},"modified":"2024-09-16T23:19:49","modified_gmt":"2024-09-17T02:19:49","slug":"gran-salida-a-rio-de-janeiro-y-buzios-no-te-la-pierdas-babel-viajes-pringles","status":"publish","type":"post","link":"http:\/\/dsrmedios.com.ar\/diario\/archivos\/45025","title":{"rendered":"Gran salida a R\u00edo de Janeiro y B\u00fazios: \u00a1no te la pierdas! Babel Viajes Pringles"},"content":{"rendered":"\n<p><\/p>\n\n\n\n<p>En esta nueva edici\u00f3n de nuestros viajes grupales, estamos emocionados de anunciar la esperada salida a R\u00edo de Janeiro y B\u00fazios, programada para el 3 de noviembre . Este paquete ofrece una oportunidad \u00fanica para disfrutar de dos de los destinos m\u00e1s populares de Brasil con todas las comodidades, ideal para aquellos que buscan una experiencia inolvidable.<\/p>\n\n\n\n<p>El viaje incluye:<br>Transporte Charter a Ezeiza : Contaremos con un servicio de minib\u00fas o autob\u00fas (dependiendo de la cantidad de pasajeros), partiendo desde los puntos de ascenso indicados hasta el aeropuerto de Ezeiza. La ruta se ajustar\u00e1 seg\u00fan la ubicaci\u00f3n de los pasajeros, lo que puede incluir traslados en taxi privado para garantizar una mayor comodidad.<\/p>\n\n\n\n<p>Vuelo Directo Buenos Aires \u2013 R\u00edo de Janeiro \u2013 Buenos Aires : Volaremos con FlyBondi desde Ezeiza, en un vuelo directo de aproximadamente 3 horas. Cada pasajero podr\u00e1 llevar una pieza de equipaje de mano de hasta 10 kg y una valija de hasta 20 kg en bodega.<\/p>\n\n\n\n<p>Alojamiento :<\/p>\n\n\n\n<p>3 noches en R\u00edo de Janeiro con desayuno incluido.<br>5 noches en B\u00fazios en r\u00e9gimen de pensi\u00f3n completa (desayuno, almuerzo y cena). Cada comida incluye una bebida (agua mineral, gaseosa o cerveza).<br>Coordinador : Habr\u00e1 un coordinador acompa\u00f1ante desde Argentina para grupos de al menos 20 pasajeros. Si el grupo es menor, se gestionar\u00e1 todo localmente sin la presencia de un coordinador.<\/p>\n\n\n\n<p>Excursiones incluidas :<\/p>\n\n\n\n<p>City Tour en R\u00edo de Janeiro : Visitaremos los puntos m\u00e1s emblem\u00e1ticos de la ciudad, incluyendo la visita al Corcovado (Cristo Redentor) con entradas y traslados incluidos, todo con gu\u00eda en espa\u00f1ol.<br>Paseo en barco en B\u00fazios : Un recorrido de aproximadamente 3 horas para explorar las hermosas playas de B\u00fazios desde el mar. No incluye el traslado al puerto, que se encuentra en el centro de la ciudad.<br>Traslados Privados : Desde el aeropuerto de R\u00edo hasta el hotel en R\u00edo, de R\u00edo a B\u00fazios y finalmente de B\u00fazios al aeropuerto, todos los traslados ser\u00e1n en servicio privado exclusivo para nuestro grupo.<\/p>\n\n\n\n<p>Seguro M\u00e9dico : Incluye una cobertura m\u00e9dica Assist Card AC150 con un monto asegurado de hasta 150.000 USD.<\/p>\n\n\n\n<p>Gastos administrativos e impuestos : Todos los costos de reserva y administraci\u00f3n est\u00e1n incluidos, para que no te preocupes por nada m\u00e1s que disfrutar.<\/p>\n\n\n\n<p>\u00bfQu\u00e9 m\u00e1s necesitas saber?<br>Este viaje es perfecto para quienes buscan una experiencia completa en Brasil, combinando el vibrante estilo de vida carioca de R\u00edo de Janeiro con la tranquilidad y belleza natural de B\u00fazios. Las plazas son limitadas, por lo que recomendamos realizar la reserva cuanto antes.<\/p>\n\n\n\n<p>\u00a1No dejes pasar esta oportunidad de vivir unas vacaciones \u00fanicas y llenas de momentos inolvidables en Brasil!<\/p>\n\n\n\n<p>Precio final por persona Usd 1499<\/p>\n","protected":false},"excerpt":{"rendered":"<div class=\"mh-excerpt\"><p>En esta nueva edici\u00f3n de nuestros viajes grupales, estamos emocionados de anunciar la esperada salida a R\u00edo de Janeiro y B\u00fazios, programada para el 3 de noviembre . Este paquete ofrece una oportunidad \u00fanica para disfrutar de dos de los destinos m\u00e1s populares de Brasil con todas las comodidades, ideal para aquellos que buscan una experiencia inolvidable. El viaje incluye:Transporte Charter a Ezeiza : Contaremos con un servicio de minib\u00fas o autob\u00fas (dependiendo de la cantidad de pasajeros), partiendo desde los puntos de ascenso indicados hasta el aeropuerto de Ezeiza. La ruta se ajustar\u00e1 seg\u00fan la ubicaci\u00f3n de los pasajeros, <a class=\"mh-excerpt-more\" href=\"http:\/\/dsrmedios.com.ar\/diario\/archivos\/45025\" title=\"Gran salida a R\u00edo de Janeiro y B\u00fazios: \u00a1no te la pierdas! Babel Viajes Pringles\">[Leer m\u00e1s]<\/a><\/p>\n<\/div>","protected":false},"author":5,"featured_media":45026,"comment_status":"open","ping_status":"closed","sticky":false,"template":"","format":"standard","meta":{"_jetpack_newsletter_access":""},"categories":[18,31],"tags":[],"jetpack_featured_media_url":"http:\/\/dsrmedios.com.ar\/diario\/wp-content\/uploads\/2024\/09\/riooo1.jpg","jetpack_sharing_enabled":true,"jetpack_shortlink":"https:\/\/wp.me\/p9fihK-bId","_links":{"self":[{"href":"http:\/\/dsrmedios.com.ar\/diario\/wp-json\/wp\/v2\/posts\/45025"}],"collection":[{"href":"http:\/\/dsrmedios.com.ar\/diario\/wp-json\/wp\/v2\/posts"}],"about":[{"href":"http:\/\/dsrmedios.com.ar\/diario\/wp-json\/wp\/v2\/types\/post"}],"author":[{"embeddable":true,"href":"http:\/\/dsrmedios.com.ar\/diario\/wp-json\/wp\/v2\/users\/5"}],"replies":[{"embeddable":true,"href":"http:\/\/dsrmedios.com.ar\/diario\/wp-json\/wp\/v2\/comments?post=45025"}],"version-history":[{"count":1,"href":"http:\/\/dsrmedios.com.ar\/diario\/wp-json\/wp\/v2\/posts\/45025\/revisions"}],"predecessor-version":[{"id":45027,"href":"http:\/\/dsrmedios.com.ar\/diario\/wp-json\/wp\/v2\/posts\/45025\/revisions\/45027"}],"wp:featuredmedia":[{"embeddable":true,"href":"http:\/\/dsrmedios.com.ar\/diario\/wp-json\/wp\/v2\/media\/45026"}],"wp:attachment":[{"href":"http:\/\/dsrmedios.com.ar\/diario\/wp-json\/wp\/v2\/media?parent=45025"}],"wp:term":[{"taxonomy":"category","embeddable":true,"href":"http:\/\/dsrmedios.com.ar\/diario\/wp-json\/wp\/v2\/categories?post=45025"},{"taxonomy":"post_tag","embeddable":true,"href":"http:\/\/dsrmedios.com.ar\/diario\/wp-json\/wp\/v2\/tags?post=45025"}],"curies":[{"name":"wp","href":"https:\/\/api.w.org\/{rel}","templated":true}]}}