{"id":45022,"date":"2024-09-16T22:04:19","date_gmt":"2024-09-17T01:04:19","guid":{"rendered":"http:\/\/dsrmedios.com.ar\/diario\/?p=45022"},"modified":"2024-09-16T22:04:22","modified_gmt":"2024-09-17T01:04:22","slug":"pronostican-fuertes-vientos-en-nuestra-region-para-hoy-y-manana","status":"publish","type":"post","link":"http:\/\/dsrmedios.com.ar\/diario\/archivos\/45022","title":{"rendered":"Pronostican fuertes vientos en nuestra regi\u00f3n para hoy y ma\u00f1ana"},"content":{"rendered":"\n<p>El Servicio Meteorol\u00f3gico Nacional (SMN) emiti\u00f3 una alerta amarilla para este martes por fuertes vientos en varias localidades de la provincia de Buenos Aires. La alerta amarilla rige para los posibles fen\u00f3menos meteorol\u00f3gicos con capacidad de da\u00f1o y que produzcan riesgo de interrupci\u00f3n moment\u00e1nea de actividades cotidianas. En esta nota de Infocielo te contamos cu\u00e1les son las ciudades bonaerenses afectadas por estos fuertes vientos.<\/p>\n\n\n\n<p>Por la alerta amarilla que regir\u00e1 durante el martes 17 de septiembre, el \u00e1rea ser\u00e1 afectada por vientos provenientes del sector norte con velocidades entre 30 y 50 km\/h y r\u00e1fagas entre 60 y 75 km\/h. Estos fen\u00f3menos pueden desarrollarse durante la ma\u00f1ana y tarde de este martes. <\/p>\n\n\n\n<ul>\n<li>Bah\u00eda Blanca<\/li>\n\n\n\n<li>Patagones<\/li>\n\n\n\n<li>Villarino<\/li>\n\n\n\n<li>Puan<\/li>\n\n\n\n<li>Coronel Pringles<\/li>\n\n\n\n<li>Coronel Su\u00e1rez<\/li>\n\n\n\n<li>Saavedra<\/li>\n\n\n\n<li>Tornquist<\/li>\n\n\n\n<li>Bah\u00eda Blanca<\/li>\n\n\n\n<li>Coronel Dorrego<\/li>\n\n\n\n<li>Coronel de Marina Leonardo Rosales<\/li>\n\n\n\n<li>Villarino<\/li>\n\n\n\n<li>Monte Hermoso<\/li>\n<\/ul>\n","protected":false},"excerpt":{"rendered":"<div class=\"mh-excerpt\"><p>El Servicio Meteorol\u00f3gico Nacional (SMN) emiti\u00f3 una alerta amarilla para este martes por fuertes vientos en varias localidades de la provincia de Buenos Aires. La alerta amarilla rige para los posibles fen\u00f3menos meteorol\u00f3gicos con capacidad de da\u00f1o y que produzcan riesgo de interrupci\u00f3n moment\u00e1nea de actividades cotidianas. En esta nota de Infocielo te contamos cu\u00e1les son las ciudades bonaerenses afectadas por estos fuertes vientos. Por la alerta amarilla que regir\u00e1 durante el martes 17 de septiembre, el \u00e1rea ser\u00e1 afectada por vientos provenientes del sector norte con velocidades entre 30 y 50 km\/h y r\u00e1fagas entre 60 y 75 km\/h. <a class=\"mh-excerpt-more\" href=\"http:\/\/dsrmedios.com.ar\/diario\/archivos\/45022\" title=\"Pronostican fuertes vientos en nuestra regi\u00f3n para hoy y ma\u00f1ana\">[Leer m\u00e1s]<\/a><\/p>\n<\/div>","protected":false},"author":5,"featured_media":12634,"comment_status":"open","ping_status":"closed","sticky":false,"template":"","format":"standard","meta":{"_jetpack_newsletter_access":""},"categories":[18,31],"tags":[],"jetpack_featured_media_url":"http:\/\/dsrmedios.com.ar\/diario\/wp-content\/uploads\/2019\/05\/vientos1.jpg","jetpack_sharing_enabled":true,"jetpack_shortlink":"https:\/\/wp.me\/p9fihK-bIa","_links":{"self":[{"href":"http:\/\/dsrmedios.com.ar\/diario\/wp-json\/wp\/v2\/posts\/45022"}],"collection":[{"href":"http:\/\/dsrmedios.com.ar\/diario\/wp-json\/wp\/v2\/posts"}],"about":[{"href":"http:\/\/dsrmedios.com.ar\/diario\/wp-json\/wp\/v2\/types\/post"}],"author":[{"embeddable":true,"href":"http:\/\/dsrmedios.com.ar\/diario\/wp-json\/wp\/v2\/users\/5"}],"replies":[{"embeddable":true,"href":"http:\/\/dsrmedios.com.ar\/diario\/wp-json\/wp\/v2\/comments?post=45022"}],"version-history":[{"count":1,"href":"http:\/\/dsrmedios.com.ar\/diario\/wp-json\/wp\/v2\/posts\/45022\/revisions"}],"predecessor-version":[{"id":45023,"href":"http:\/\/dsrmedios.com.ar\/diario\/wp-json\/wp\/v2\/posts\/45022\/revisions\/45023"}],"wp:featuredmedia":[{"embeddable":true,"href":"http:\/\/dsrmedios.com.ar\/diario\/wp-json\/wp\/v2\/media\/12634"}],"wp:attachment":[{"href":"http:\/\/dsrmedios.com.ar\/diario\/wp-json\/wp\/v2\/media?parent=45022"}],"wp:term":[{"taxonomy":"category","embeddable":true,"href":"http:\/\/dsrmedios.com.ar\/diario\/wp-json\/wp\/v2\/categories?post=45022"},{"taxonomy":"post_tag","embeddable":true,"href":"http:\/\/dsrmedios.com.ar\/diario\/wp-json\/wp\/v2\/tags?post=45022"}],"curies":[{"name":"wp","href":"https:\/\/api.w.org\/{rel}","templated":true}]}}