{"id":44965,"date":"2024-09-04T06:49:35","date_gmt":"2024-09-04T09:49:35","guid":{"rendered":"http:\/\/dsrmedios.com.ar\/diario\/?p=44965"},"modified":"2024-09-04T06:49:38","modified_gmt":"2024-09-04T09:49:38","slug":"una-denuncia-y-un-anuncio-kicillof-se-anticipa-al-dengue-y-advierte-por-el-abandono-del-estado-nacional","status":"publish","type":"post","link":"http:\/\/dsrmedios.com.ar\/diario\/archivos\/44965","title":{"rendered":"Una denuncia y un anuncio: Kicillof se anticipa al dengue y advierte por el \u201cabandono del Estado nacional\u201d"},"content":{"rendered":"\n<p>Luego de anunciar la compra de vacunas contra el dengue en la Provincia, el Gobernador apunt\u00f3 contra Naci\u00f3n por la \u201cdeserci\u00f3n\u201d en distintas \u00e1reas del Estado. \u201cMilei vuelve a joder a la gente\u201d, asegur\u00f3.<br>Una denuncia y un anuncio: Kicillof se anticipa al dengue y advierte por el \u201cabandono del Estado nacional\u201d<br>Compartir<br>Con fuertes cr\u00edticas a la gesti\u00f3n de Javier Milei, el gobernador de la provincia de Buenos Aires redobl\u00f3 las advertencias por el pr\u00f3ximo brote de dengue. Junto a su ministro de Salud, afirm\u00f3 que los datos que manejan hacen prever que habr\u00e1 una epidemia de mayor magnitud y con casos m\u00e1s graves.<\/p>\n\n\n\n<p>&#8220;Es un anuncio agridulce. Es f\u00e1cil prever que vamos a tener en las \u00e9pocas que suba la temperatura una epidemia muy fuerte de dengue en buena parte del pa\u00eds&#8221;, afirm\u00f3 el mandatario provincial, que luego apunt\u00f3 otra vez contra la gesti\u00f3n de la Naci\u00f3n.<\/p>\n\n\n\n<p>&#8220;Estamos presenciando un episodio grav\u00edsimo de ausencia, abandono, de deserci\u00f3n del Estado nacional en incumbencias y responsabilidades que no son optativas ni dependientes de la ideolog\u00eda&#8221;, afirm\u00f3 y luego cargo directamente contra el presidente. &#8220;Milei pude ser austr\u00edaco o tener cualquier idea, pero lo obligan las leyes que ante situaciones que requieren campa\u00f1a de vacunaci\u00f3n, el Gobierno nacional tenga un rol protag\u00f3nico&#8221;, acot\u00f3.<\/p>\n\n\n\n<p>Epidemia de dengue<\/p>\n\n\n\n<p>Previamente, el ministro de Salud bonaerense, Nicol\u00e1s Kreplak, volvi\u00f3 a advertir por el riesgo de que el pr\u00f3ximos brote de dengue sea de mucha gravedad: anticip\u00f3 una &#8220;epidemia de mucha cantidad de casos y que revista mayor gravedad que las epidemias anteriores&#8221;. Adem\u00e1s anunci\u00f3 que el Gobierno de la Provincia compr\u00f3 500 mil dosis de vacunas.<\/p>\n\n\n\n<p>El funcionario reiter\u00f3 as\u00ed su preocupaci\u00f3n por la situaci\u00f3n que se afrontar\u00e1 en el pa\u00eds con el comienzo de las semanas de temperaturas m\u00e1s altas. A mediados de agosto, hab\u00eda cuestionado al Gobierno nacional al que acus\u00f3 de falta de coordinaci\u00f3n y sostuvo que el pr\u00f3ximo \u201cva a ser desquiciante para la gente\u201d.<\/p>\n\n\n\n<p>Kleplak plante\u00f3 este mi\u00e9rcoles que los datos que manejan indica que se espera &#8220;una situaci\u00f3n similar a la vivida en el a\u00f1o en curso, por lo tanto hay que trabajar seriamente&#8221;.<\/p>\n\n\n\n<p>&#8220;Una de las preocupaciones es que hemos tenido en el verano de 2024 la circulaci\u00f3n de dos tipos de dengue (1 y 2), casi ning\u00fan caso de 3 y 4. Hoy estamos viendo en la regi\u00f3n de Centro Am\u00e9rica, Caribe y zona norte de Am\u00e9rica el Sur los cuatro cero tipos, con presencia del dengue 3&#8221;, explic\u00f3 y remarc\u00f3 que &#8220;cuando se producen epidemias con distintos tipos de virus de dengue, especialmente con el 3, tenemos posibilidad de tener dengue grave&#8221;.<\/p>\n\n\n\n<p>Por ese motivo, el ministro de Salud de la gesti\u00f3n de Axel Kicillof previ\u00f3 un &#8220;verano de much\u00edsima gravedad&#8221;, en el que haya &#8220;epidemia de mucha cantidad de casos y que revista mayor gravedad que las epidemias anteriores&#8221;.<\/p>\n","protected":false},"excerpt":{"rendered":"<div class=\"mh-excerpt\"><p>Luego de anunciar la compra de vacunas contra el dengue en la Provincia, el Gobernador apunt\u00f3 contra Naci\u00f3n por la \u201cdeserci\u00f3n\u201d en distintas \u00e1reas del Estado. \u201cMilei vuelve a joder a la gente\u201d, asegur\u00f3.Una denuncia y un anuncio: Kicillof se anticipa al dengue y advierte por el \u201cabandono del Estado nacional\u201dCompartirCon fuertes cr\u00edticas a la gesti\u00f3n de Javier Milei, el gobernador de la provincia de Buenos Aires redobl\u00f3 las advertencias por el pr\u00f3ximo brote de dengue. Junto a su ministro de Salud, afirm\u00f3 que los datos que manejan hacen prever que habr\u00e1 una epidemia de mayor magnitud y con casos <a class=\"mh-excerpt-more\" href=\"http:\/\/dsrmedios.com.ar\/diario\/archivos\/44965\" title=\"Una denuncia y un anuncio: Kicillof se anticipa al dengue y advierte por el \u201cabandono del Estado nacional\u201d\">[Leer m\u00e1s]<\/a><\/p>\n<\/div>","protected":false},"author":5,"featured_media":27083,"comment_status":"open","ping_status":"closed","sticky":false,"template":"","format":"standard","meta":{"_jetpack_newsletter_access":""},"categories":[18,7],"tags":[],"jetpack_featured_media_url":"http:\/\/dsrmedios.com.ar\/diario\/wp-content\/uploads\/2022\/02\/kicillof.jpg","jetpack_sharing_enabled":true,"jetpack_shortlink":"https:\/\/wp.me\/p9fihK-bHf","_links":{"self":[{"href":"http:\/\/dsrmedios.com.ar\/diario\/wp-json\/wp\/v2\/posts\/44965"}],"collection":[{"href":"http:\/\/dsrmedios.com.ar\/diario\/wp-json\/wp\/v2\/posts"}],"about":[{"href":"http:\/\/dsrmedios.com.ar\/diario\/wp-json\/wp\/v2\/types\/post"}],"author":[{"embeddable":true,"href":"http:\/\/dsrmedios.com.ar\/diario\/wp-json\/wp\/v2\/users\/5"}],"replies":[{"embeddable":true,"href":"http:\/\/dsrmedios.com.ar\/diario\/wp-json\/wp\/v2\/comments?post=44965"}],"version-history":[{"count":1,"href":"http:\/\/dsrmedios.com.ar\/diario\/wp-json\/wp\/v2\/posts\/44965\/revisions"}],"predecessor-version":[{"id":44966,"href":"http:\/\/dsrmedios.com.ar\/diario\/wp-json\/wp\/v2\/posts\/44965\/revisions\/44966"}],"wp:featuredmedia":[{"embeddable":true,"href":"http:\/\/dsrmedios.com.ar\/diario\/wp-json\/wp\/v2\/media\/27083"}],"wp:attachment":[{"href":"http:\/\/dsrmedios.com.ar\/diario\/wp-json\/wp\/v2\/media?parent=44965"}],"wp:term":[{"taxonomy":"category","embeddable":true,"href":"http:\/\/dsrmedios.com.ar\/diario\/wp-json\/wp\/v2\/categories?post=44965"},{"taxonomy":"post_tag","embeddable":true,"href":"http:\/\/dsrmedios.com.ar\/diario\/wp-json\/wp\/v2\/tags?post=44965"}],"curies":[{"name":"wp","href":"https:\/\/api.w.org\/{rel}","templated":true}]}}