{"id":44942,"date":"2024-08-21T23:07:52","date_gmt":"2024-08-22T02:07:52","guid":{"rendered":"http:\/\/dsrmedios.com.ar\/diario\/?p=44942"},"modified":"2024-08-21T23:07:55","modified_gmt":"2024-08-22T02:07:55","slug":"murio-el-diputado-provincial-conductor-y-periodista-bahiense-lorenzo-natali","status":"publish","type":"post","link":"http:\/\/dsrmedios.com.ar\/diario\/archivos\/44942","title":{"rendered":"Muri\u00f3 el diputado provincial, conductor y periodista bahiense Lorenzo Natali"},"content":{"rendered":"\n<p><br>El reconocido periodista, locutor y legislador bonaerense de Juntos falleci\u00f3 anoche a los 67 a\u00f1os, tras permanecer internado varios meses luego de haber sufrido un ACV<br>Lorenzo Natali hab\u00eda sufrido un ACV en febrero.<br>Lorenzo Natali hab\u00eda sufrido un ACV en febrero.<br>El diputado de la provincia de Buenos Aires por Juntos Lorenzo Natali muri\u00f3 anoche a los 67 a\u00f1os, seg\u00fan confirmaron su familia y el bloque PRO de la C\u00e1mara Baja bonaerense. Oriundo de la ciudad de Bah\u00eda Blanca, tambi\u00e9n era reconocido por su labor como locutor y periodista.<\/p>\n\n\n\n<p>Bertie Benegas Lynch asegur\u00f3 que Arrieta \u201cdemuestra que no est\u00e1 calificada\u201d y pidi\u00f3 que \u201chaga una reconsideraci\u00f3n de d\u00f3nde est\u00e1 parada y qu\u00e9 quiere\u201d<br>Te puede interesar:<br>Bertie Benegas Lynch asegur\u00f3 que Arrieta \u201cdemuestra que no est\u00e1 calificada\u201d y pidi\u00f3 que \u201chaga una reconsideraci\u00f3n de d\u00f3nde est\u00e1 parada y qu\u00e9 quiere\u201d<br>Natali falleci\u00f3 este mi\u00e9rcoles tras una larga internaci\u00f3n a causa del accidente cerebrovascular (ACV) que sufri\u00f3 en febrero pasado, seg\u00fan precis\u00f3 el medio bahiense La Nueva.<\/p>\n\n\n\n<p>\u201cDesde la HCD lamentamos profundamente el fallecimiento del diputado Lorenzo Natali de la ciudad de Bah\u00eda Blanca. Enviamos el m\u00e1s sentido p\u00e9same y saludamos con afecto a su familia y amigos\u201d, reza el mensaje difundido por la C\u00e1mara de Diputados bonaerense.<\/p>\n\n\n\n<p>Visita a represores: un fiscal dijo que no hubo delito y rechaz\u00f3 por \u201cinfantil y pueril\u201d la denuncia de la diputada libertaria Arrieta<br>Te puede interesar:<br>Visita a represores: un fiscal dijo que no hubo delito y rechaz\u00f3 por \u201cinfantil y pueril\u201d la denuncia de la diputada libertaria Arrieta<br>Lorenzo Natali era diputado bonaerense por Juntos.<br>Lorenzo Natali era diputado bonaerense por Juntos.<br>En cuanto a su m\u00e1s reciente participaci\u00f3n pol\u00edtica, Natali encabez\u00f3 la lista de Juntos de candidatos a diputados provinciales por la sexta secci\u00f3n para las elecciones legislativas del 2021, que gan\u00f3 con m\u00e1s del 50% de los votos, luego de imponerse en las PASO ante Fernando Compagnoni.<\/p>\n\n\n\n<p>Natali hab\u00eda iniciado sus funciones como diputado provincial el 10 de diciembre de 2021. Designado vicepresidente de la Comisi\u00f3n de Comunicaci\u00f3n, desde diciembre de 2023 integraba el bloque UCR + Cambio Federal.<\/p>\n","protected":false},"excerpt":{"rendered":"<div class=\"mh-excerpt\"><p>El reconocido periodista, locutor y legislador bonaerense de Juntos falleci\u00f3 anoche a los 67 a\u00f1os, tras permanecer internado varios meses luego de haber sufrido un ACVLorenzo Natali hab\u00eda sufrido un ACV en febrero.Lorenzo Natali hab\u00eda sufrido un ACV en febrero.El diputado de la provincia de Buenos Aires por Juntos Lorenzo Natali muri\u00f3 anoche a los 67 a\u00f1os, seg\u00fan confirmaron su familia y el bloque PRO de la C\u00e1mara Baja bonaerense. Oriundo de la ciudad de Bah\u00eda Blanca, tambi\u00e9n era reconocido por su labor como locutor y periodista. Bertie Benegas Lynch asegur\u00f3 que Arrieta \u201cdemuestra que no est\u00e1 calificada\u201d y pidi\u00f3 <a class=\"mh-excerpt-more\" href=\"http:\/\/dsrmedios.com.ar\/diario\/archivos\/44942\" title=\"Muri\u00f3 el diputado provincial, conductor y periodista bahiense Lorenzo Natali\">[Leer m\u00e1s]<\/a><\/p>\n<\/div>","protected":false},"author":5,"featured_media":44943,"comment_status":"open","ping_status":"closed","sticky":false,"template":"","format":"standard","meta":{"_jetpack_newsletter_access":""},"categories":[18,31],"tags":[],"jetpack_featured_media_url":"http:\/\/dsrmedios.com.ar\/diario\/wp-content\/uploads\/2024\/08\/lorenzo-natali1.jpg","jetpack_sharing_enabled":true,"jetpack_shortlink":"https:\/\/wp.me\/p9fihK-bGS","_links":{"self":[{"href":"http:\/\/dsrmedios.com.ar\/diario\/wp-json\/wp\/v2\/posts\/44942"}],"collection":[{"href":"http:\/\/dsrmedios.com.ar\/diario\/wp-json\/wp\/v2\/posts"}],"about":[{"href":"http:\/\/dsrmedios.com.ar\/diario\/wp-json\/wp\/v2\/types\/post"}],"author":[{"embeddable":true,"href":"http:\/\/dsrmedios.com.ar\/diario\/wp-json\/wp\/v2\/users\/5"}],"replies":[{"embeddable":true,"href":"http:\/\/dsrmedios.com.ar\/diario\/wp-json\/wp\/v2\/comments?post=44942"}],"version-history":[{"count":1,"href":"http:\/\/dsrmedios.com.ar\/diario\/wp-json\/wp\/v2\/posts\/44942\/revisions"}],"predecessor-version":[{"id":44944,"href":"http:\/\/dsrmedios.com.ar\/diario\/wp-json\/wp\/v2\/posts\/44942\/revisions\/44944"}],"wp:featuredmedia":[{"embeddable":true,"href":"http:\/\/dsrmedios.com.ar\/diario\/wp-json\/wp\/v2\/media\/44943"}],"wp:attachment":[{"href":"http:\/\/dsrmedios.com.ar\/diario\/wp-json\/wp\/v2\/media?parent=44942"}],"wp:term":[{"taxonomy":"category","embeddable":true,"href":"http:\/\/dsrmedios.com.ar\/diario\/wp-json\/wp\/v2\/categories?post=44942"},{"taxonomy":"post_tag","embeddable":true,"href":"http:\/\/dsrmedios.com.ar\/diario\/wp-json\/wp\/v2\/tags?post=44942"}],"curies":[{"name":"wp","href":"https:\/\/api.w.org\/{rel}","templated":true}]}}