{"id":44892,"date":"2024-08-13T21:52:43","date_gmt":"2024-08-14T00:52:43","guid":{"rendered":"http:\/\/dsrmedios.com.ar\/diario\/?p=44892"},"modified":"2024-08-13T21:52:47","modified_gmt":"2024-08-14T00:52:47","slug":"cristina-kirchner-declarara-hoy-en-el-juicio-por-el-intento-de-asesinato-reclamara-que-se-busque-a-los-autores-intelectuales","status":"publish","type":"post","link":"http:\/\/dsrmedios.com.ar\/diario\/archivos\/44892","title":{"rendered":"Cristina Kirchner declarar\u00e1 hoy en el juicio por el intento de asesinato: reclamar\u00e1 que se busque a los autores intelectuales"},"content":{"rendered":"\n<p><strong>Cristina Kirchner volver\u00e1 este mi\u00e9rcoles a los tribunales de Comodoro Py 2002.\u00a0<\/strong>Las \u00faltimas veces que los visit\u00f3, previos a la pandemia, su convocatoria tuvo que ver con las investigaciones de corrupci\u00f3n que la comprometen. Esta vez, la raz\u00f3n es otra: declarar\u00e1 en el debate oral en el que se juzga a los tres acusados de haber intentado matarla en la noche del 1 de septiembre del 2022. Desde su rol de querellante, la ex presidenta\u00a0<strong>insistir\u00e1 en criticar la investigaci\u00f3n y reclamar\u00e1 que se avance sobre quienes ella creen que estuvieron detr\u00e1s de su atentado:<\/strong>\u00a0Revoluci\u00f3n Federal, la familia del ministro de Econom\u00eda Luis Caputo y el diputado del PRO Gerardo Milman.<a rel=\"noreferrer noopener\" href=\"https:\/\/www.infobae.com\/judiciales\/2024\/08\/14\/violencia-de-genero-el-fiscal-prepara-la-acusacion-contra-alberto-fernandez-y-ordenara-las-primeras-medidas\/\" target=\"_blank\"><\/a><\/p>\n\n\n\n<p>Un gran operativo de seguridad se despleg\u00f3 en el edificio para este mi\u00e9rcoles. La audiencia est\u00e1 fijada para las 9.30, como todos los mi\u00e9rcoles desde que el Tribunal Oral Federal 6 inici\u00f3 el juicio.&nbsp;<strong>CFK ser\u00e1 la \u00fanica testigo.&nbsp;<\/strong>Varios de sus seguidores prometieron acompa\u00f1arla en su testimonio y luego dirigirse hacia el Instituto Patria. En los tribunales se preve\u00eda una convocatoria a sala llena, pese a que la difusi\u00f3n de sus dichos estaba garantizada por la transmisi\u00f3n v\u00eda YouTube que se estaba haciendo a pedido de la propia querella.<\/p>\n\n\n\n<p>Casi como una iron\u00eda: tal como adelant\u00f3\u00a0<strong>Infobae<\/strong>, tambi\u00e9n estaba prevista para las 2 de la tarde\u00a0<a rel=\"noreferrer noopener\" href=\"https:\/\/www.infobae.com\/judiciales\/2024\/08\/11\/cristina-kirchner-y-patricia-bullrich-coincidiran-esta-semana-en-comodoro-py\/\" target=\"_blank\">la visita de la ministra de Seguridad Patricia Bullrich que fue convocada al edificio para una reuni\u00f3n por el conflicto con las c\u00e1rceles federales<\/a>.<a rel=\"noreferrer noopener\" href=\"https:\/\/www.infobae.com\/judiciales\/2024\/08\/14\/ataque-a-cristina-kirchner-se-postergo-el-tercer-peritaje-al-celular-de-fernando-sabag-montiel\/\" target=\"_blank\"><\/a><\/p>\n\n\n\n<p>El juicio est\u00e1 a cargo de los jueces Sabrina Namer, Adri\u00e1n Gr\u00fcnberg e Ignacio Fornari. En la sala de audiencias, Cristina Kirchner ver\u00e1 cara a cara a los acusados de haberla intentado matar.&nbsp;<strong>Fernando Sabag Montiel,<\/strong>&nbsp;el atacante;&nbsp;<strong>Brenda Uliarte<\/strong>, su ex novia, y&nbsp;<strong>Nicol\u00e1s Carrizo<\/strong>, el jefe de ambos y se\u00f1alado como un participante secundario. Seg\u00fan pudo saber este medio, los tres pidieron el traslado del Servicio Penitenciario Federal para estar presentes.<\/p>\n\n\n\n<p><img decoding=\"async\" loading=\"lazy\" alt=\"Brenda Uliarte (REUTERS)\" height=\"2976\" width=\"4464\" class=\"\" src=\"https:\/\/www.infobae.com\/new-resizer\/9Pe6NkuCQcHyXEKdFRwn7zvsmZI=\/420x280\/filters:format(webp):quality(85)\/cloudfront-us-east-1.images.arcpublishing.com\/infobae\/PP2YPSMSZKXKZ7KFMUJR3RRVYA.jpg%20420w\" srcset=\"https:\/\/www.infobae.com\/new-resizer\/9Pe6NkuCQcHyXEKdFRwn7zvsmZI=\/420x280\/filters:format(webp):quality(85)\/cloudfront-us-east-1.images.arcpublishing.com\/infobae\/PP2YPSMSZKXKZ7KFMUJR3RRVYA.jpg 420w,https:\/\/www.infobae.com\/new-resizer\/1OwOtuFbad9U_SUQywLCic6AM4U=\/768x512\/filters:format(webp):quality(85)\/cloudfront-us-east-1.images.arcpublishing.com\/infobae\/PP2YPSMSZKXKZ7KFMUJR3RRVYA.jpg 768w,https:\/\/www.infobae.com\/new-resizer\/OJSLBNUl7UypT7u_GFKMgpFxLiI=\/992x661\/filters:format(webp):quality(85)\/cloudfront-us-east-1.images.arcpublishing.com\/infobae\/PP2YPSMSZKXKZ7KFMUJR3RRVYA.jpg 992w,https:\/\/www.infobae.com\/new-resizer\/JoKHerIAOcq_MwUCWL4lFefqEiM=\/1200x800\/filters:format(webp):quality(85)\/cloudfront-us-east-1.images.arcpublishing.com\/infobae\/PP2YPSMSZKXKZ7KFMUJR3RRVYA.jpg 1200w,https:\/\/www.infobae.com\/new-resizer\/MY5nMReFyxIZ5GJzTHhGQX1AU7M=\/1440x960\/filters:format(webp):quality(85)\/cloudfront-us-east-1.images.arcpublishing.com\/infobae\/PP2YPSMSZKXKZ7KFMUJR3RRVYA.jpg 1440w\">Brenda Uliarte (REUTERS)<\/p>\n\n\n\n<p>Se prev\u00e9 una jornada cargada de tensi\u00f3n y expectativa, aunque en los pasillos de tribunales se descuenta lo que va a decir la ex vicepresidenta. Ella misma se encarga de hacer p\u00fablico a trav\u00e9s de sus redes las criticas a la jueza Mar\u00eda Eugenia Capuchetti y, en menor medida, al fiscal Carlos R\u00edvolo. Y sostener<strong>\u00a0que hubo lazos pol\u00edticos detr\u00e1s de este ataque,\u00a0<\/strong>una hip\u00f3tesis que se est\u00e1 investigando y no es eje de este debate.<a rel=\"noreferrer noopener\" href=\"https:\/\/www.infobae.com\/judiciales\/2024\/08\/14\/el-dia-que-a-fabiola-yanez-le-dijeron-que-alberto-fernandez-se-habia-muerto\/\" target=\"_blank\"><\/a><\/p>\n\n\n\n<p>\u201cMa\u00f1ana ir\u00e9 a declarar al juicio oral que se le sigue a los autores materiales del intento de asesinato a mi persona perpetrado el 1 de septiembre del 2022.&nbsp;<strong>\u00bfDe los autores intelectuales y de los financiadores?&#8230; Bien, gracias\u2026 Duermen protegidos por Comodoro Py.&nbsp;<\/strong>De lo poco que se ha publicado sobre dicho proceso en los medios de comunicaci\u00f3n hegem\u00f3nicos (que claramente lo han invisibilizado), siempre dirigen sus cr\u00f3nicas a acusar a la custodia que ten\u00eda como vicepresidenta como responsable del hecho. No me extra\u00f1a. La hip\u00e9rbole argentina a full en toda cuesti\u00f3n sobre mi persona\u201d, public\u00f3 en la tarde del martes en sus redes sociales.<\/p>\n\n\n\n<p>Lo que lleg\u00f3 al debate oral tiene que ver con la materialidad del hecho: filmaciones y testimonios acreditan que en la noche del 1\u00b0 de septiembre de 2022 Cristina Kirchner llegaba a su casa, en la esquina de Montevideo y Juncal en el barrio porte\u00f1o de Recoleta, la esperaban un nutrido grupo de simpatizantes, como ocurr\u00eda desde unos d\u00edas antes cuando el fiscal&nbsp;<strong>Diego Luciani<\/strong>&nbsp;pidi\u00f3 su condena a 12 a\u00f1os de prisi\u00f3n por asociaci\u00f3n il\u00edcita y defraudaci\u00f3n al Estado en la causa Vialidad. La rodeaba su custodia que no se dio cuenta de nada.&nbsp;<strong>Sabag Montiel estaba entre la multitud. Se acerc\u00f3 y le apunt\u00f3 a CFK en la cara con una Bersa calibre.32<\/strong>, que gatill\u00f3 al menos una vez. La bala no sali\u00f3 porque no estaba cargada en la rec\u00e1mara. Termin\u00f3 atrapado por militantes. La acusaci\u00f3n es por&nbsp;<strong>tentativa de homicidio doblemente calificado por alevos\u00eda y el concurso premeditado de dos o m\u00e1s personas agravado por el uso de arma de fuego.<\/strong><\/p>\n\n\n\n<p><img decoding=\"async\" loading=\"lazy\" alt=\"Fernando Sabag Montiel \" height=\"3648\" width=\"5472\" class=\"\" src=\"https:\/\/www.infobae.com\/new-resizer\/Wqp9daY1j5YOonILZVrtlAZiouw=\/420x280\/filters:format(webp):quality(85)\/cloudfront-us-east-1.images.arcpublishing.com\/infobae\/3VMN3YAS7HMGZA5YAJ3PVOYJYA.jpg%20420w\" srcset=\"https:\/\/www.infobae.com\/new-resizer\/Wqp9daY1j5YOonILZVrtlAZiouw=\/420x280\/filters:format(webp):quality(85)\/cloudfront-us-east-1.images.arcpublishing.com\/infobae\/3VMN3YAS7HMGZA5YAJ3PVOYJYA.jpg 420w,https:\/\/www.infobae.com\/new-resizer\/IvqbfyVSTPEMrSlb5wVn58G5LnI=\/768x512\/filters:format(webp):quality(85)\/cloudfront-us-east-1.images.arcpublishing.com\/infobae\/3VMN3YAS7HMGZA5YAJ3PVOYJYA.jpg 768w,https:\/\/www.infobae.com\/new-resizer\/eh9Cs8chjOxCytAZw65ycoE_iz4=\/992x661\/filters:format(webp):quality(85)\/cloudfront-us-east-1.images.arcpublishing.com\/infobae\/3VMN3YAS7HMGZA5YAJ3PVOYJYA.jpg 992w,https:\/\/www.infobae.com\/new-resizer\/6c7EI8LeWRMGIPQdX00P9Ldzw9M=\/1200x800\/filters:format(webp):quality(85)\/cloudfront-us-east-1.images.arcpublishing.com\/infobae\/3VMN3YAS7HMGZA5YAJ3PVOYJYA.jpg 1200w,https:\/\/www.infobae.com\/new-resizer\/QVGgqUJmBzIa0jk1uX3HP9Eu0Ys=\/1440x960\/filters:format(webp):quality(85)\/cloudfront-us-east-1.images.arcpublishing.com\/infobae\/3VMN3YAS7HMGZA5YAJ3PVOYJYA.jpg 1440w\">Fernando Sabag Montiel<\/p>\n\n\n\n<p><em>\u201cCuando vine ac\u00e1 luego de salir del Senado la gente me estaba esperando a la salida de casa con c\u00e1nticos, apoyo y libros para firmar. Cuando bajo, hago un trayecto y la gente se forma en un semic\u00edrculo sobre la calle Juncal. Yo comienzo a caminar, saludo a la gente y muchos de ellos traen libros para que se los firme. Cuando estaba dando la vuelta por la calle Juncal, veo que alguien revolea un libro. Es la primera vez que me pasa desde que present\u00e9 el libro\u201d,&nbsp;<\/em><strong>declar\u00f3 Cristina Kirchner al d\u00eda siguiente<\/strong>, en el living de su casa, frente a la jueza&nbsp;<strong>Mar\u00eda Eugenia Capuchetti&nbsp;<\/strong>y el fiscal&nbsp;<strong>Carlos R\u00edvolo,&nbsp;<\/strong>cuando a\u00fan ambos funcionarios no se hab\u00edan convertido en el blanco de las cr\u00edticas de la querella.<\/p>\n\n\n\n<p><em><strong>\u201cNunca me pas\u00f3 que revoleen un libro. Cuando pasa eso, me agacho a agarrarlo. Cuando me levanto, veo que se arma un tumulto de personas que agarran a una persona<\/strong><\/em><em>. Ah\u00ed record\u00e9 que el d\u00eda anterior un repartidor hab\u00eda agredido a una persona de mi custodia y pens\u00e9 que era un caso similar. Luego, termino el circulo, firmo unos libros m\u00e1s y entro a mi domicilio. Cuando ven\u00eda en el ascensor, mi secretario Diego Berm\u00fadez estaba muy nervioso y me dijo que cre\u00eda que hab\u00eda habido un arma porque hab\u00eda escuchado un clic. Cuando llegamos al domicilio, nos sentamos en el comedor diario, vimos las im\u00e1genes y constatamos lo que hab\u00eda ocurrido. Ah\u00ed me empiezo a enterar lo que hab\u00eda pasado (&#8230;)&nbsp;<\/em><em><strong>Reitero, solo me di cuenta del hecho cuando lo vi por televisi\u00f3n<\/strong><\/em><strong>\u201d<\/strong>, a\u00f1adi\u00f3.<\/p>\n\n\n\n<p>Seg\u00fan se logr\u00f3 determinar en la causa apenas unos d\u00edas despu\u00e9s del ataque, el plan para matar a Cristina Kirchner hab\u00eda comenzado casi un a\u00f1o antes:\u00a0<strong>el 22 de abril del 2022<\/strong>. \u201cPara limpiar la Argentina hace falta que corra sangre\u201d, escribi\u00f3 Brenda a una amiga. El 4 de julio, Brenda le revel\u00f3 a Agustina D\u00edaz, su amiga agendada como \u201cAmor de mi vida\u201d:\u00a0<strong>\u201cVoy con el fierro y le pego un tiro a Cristina\u2026 me dan los ovarios para hacerlo \u2026 el tema es c\u00f3mo porque la vieja tiene seguridad\u201d.<\/strong><\/p>\n\n\n\n<p>En el juicio oral,&nbsp;<a href=\"https:\/\/www.infobae.com\/judiciales\/2024\/06\/26\/fernando-sabag-montiel-yo-la-queria-matar-a-cristina-kirchner-y-brenda-uliarte-queria-que-muera\/\">Sabag defendi\u00f3 su protagonismo exclusivo a la hora de querer matar a la entonces vicepresidenta,&nbsp;<\/a>con su todav\u00eda novia como \u201cespectadora\u201d: \u201cYo la quer\u00eda matar a Cristina Kirchner y Brenda Uliarte quer\u00eda que muera\u201d, le dijo a los jueces.&nbsp;<strong>Si bien en los chats dec\u00eda que quer\u00eda hacerlo, yo nunca le dije o le ordene a que lo haga. Nunca le di el arma para que lo haga. Ella quer\u00eda ser m\u00e1s una espectadora del momento que una participe\u201d<\/strong>, contest\u00f3. Y m\u00e1s adelante agreg\u00f3: \u201cFue un acto en contra de mi voluntad porque en el momento que lo hago sent\u00ed que no lo quer\u00eda hacer pero lo tenia que hacer\u201d.<\/p>\n\n\n\n<p>Brenda tuvo un&nbsp;<a href=\"https:\/\/www.infobae.com\/judiciales\/2024\/07\/03\/insolita-declaracion-de-brenda-uliarte-en-el-caso-por-el-atentado-a-cfk-empezo-a-contestar-preguntas-y-luego-se-arrepintio\/\">ins\u00f3lito paso<\/a>&nbsp;por el estrado al decidir declarar y luego se arrepentirse. Y en la \u00faltima audiencia, que sigui\u00f3 desde la c\u00e1rcel, tuvieron que llamarla a la conducta porque cantaba y se re\u00eda mientras los testigos declaraba. La defensa busca que la declaren inimputable. Para la fiscal Gabriela Baigun,&nbsp;<strong>es un claro hecho de simulaci\u00f3n.<\/strong><\/p>\n\n\n\n<p>Nicol\u00e1s Carrizo, el jefe de ambos, al momento de declarar,&nbsp;<a href=\"https:\/\/www.infobae.com\/judiciales\/2024\/07\/03\/estaba-entonado-lo-que-dije-nunca-fue-cierto-fue-en-joda-nicolas-carrizo-declaro-sobre-sus-mensajes-de-atentar-contra-cfk\/\">se puso a llorar y le pidi\u00f3 perd\u00f3n a CFK diciendo que era inocente.<\/a>&nbsp;<strong>\u201cNo lo quiero tomar como excusa, pero est\u00e1bamos tomando un fernet, el alcohol era habitual. Estaba entonado y empec\u00e9 a mandar mensajes.<\/strong>&nbsp;Les juro que nunca me lo tome con la seriedad que ten\u00eda que ser. Hace un a\u00f1o y nueve meses que me estoy castigando por esto.&nbsp;<strong>Lo que dije nunca fue cierto, fue en joda\u201d<\/strong>, dijo.<\/p>\n\n\n\n<p><\/p>\n\n\n\n<p>A Carrizo lo comprometen los mensajes que se encontraron en su celular cuando \u00e9l declar\u00f3 como testigo. All\u00ed hab\u00eda mensajes donde habla de la organizaci\u00f3n del atentado. Son del mismo 1 de septiembre y se los envi\u00f3 a&nbsp;<strong>Andrea Posadas<\/strong>, su hermanastra: \u201c<strong>Esto estaba planificado para dentro de una semana. Hizo todo mal. Es un pelotudo\u201d; \u201cestamos decididos a matarla a puta esa\u201d; \u201cCristina tiene miedo. Sali\u00f3 mal, pero tiene miedo\u201d; \u201cmi amigo estuvo a un segundo de convertirse en h\u00e9roe nacional, Andrea. Estuvo muy cerca. Fall\u00f3 el arma. No lo entiendo. Andaba bien\u201d;&nbsp;<\/strong>\u201c<strong>mir\u00e1, no s\u00e9 si es una buena noticia, pero el arma con la que intent\u00f3 ponerla no es la m\u00eda, yo le di un 22 corto&#8230; Reci\u00e9n habl\u00e9 con la novia y la tiene ella, as\u00ed que ma\u00f1ana la vamos a ocultar y<\/strong>&nbsp;<strong>vamos a ir a Cr\u00f3nica a hablar\u201d.&nbsp;<\/strong>El arma que Carrizo dice que entreg\u00f3 nunca se encontr\u00f3.<\/p>\n\n\n\n<p>Se descuenta que CFK har\u00e1 hincapi\u00e9 en reclamar que se investigue qui\u00e9n estuvo detr\u00e1s de esas personas que estaban en el banquillo.<\/p>\n\n\n\n<p>Por un lado, las actividades de Revoluci\u00f3n Federal, que se investigan en otra causa penal hoy en manos del juez Marcelo Mart\u00ednez De Giorgi y el fiscal Gerardo Pollicita, en donde la querella apunta a profundizar qui\u00e9nes financiaban las actividades de la agrupacion violenta y all\u00ed apuntan a la familia Caputo.<\/p>\n\n\n\n<p>Por otro lado, apuntan contra la figura de Gerardo Milman, el diputado del PRO porque un asesor del Frente de Todos, Jorge Abello, se present\u00f3 23 d\u00edas despu\u00e9s en tribunales y asegur\u00f3 haber o\u00eddo al allegado de Patricia Bullrich decir, 48 horas antes del ataque, decir \u201ccuando la maten, yo voy a estar camino a la costa\u201d. En la causa ninguna otra persona asegur\u00f3 haber o\u00eddo a Milman decir esa frase en el bar Casablanca. Ni la persona que acompa\u00f1aba a Abello, ni el diputado del FDT Mario Leito que estaba en el bar ni las dos secretarias que estaban con Milman y cuyos tel\u00e9fonos fueron el eje de disputa con la jueza Capuchetti. Entre idas y vueltas, el diputado del PRO entreg\u00f3 su tel\u00e9fono para ser peritado, pero no la clave. Y se dispuso que tambi\u00e9n entregue otros tel\u00e9fonos que usaba porque ese equipo no era el que estaba activo al momento de los hechos, pero eso debe ser aprobado en el Congreso.&nbsp;<strong>La querella mientras tanto insiste en avanzar con m\u00e1s medidas de prueba para saber si las secretarias borraron sus tel\u00e9fonos en oficinas de Patricia Bullrich.<\/strong><\/p>\n\n\n\n<p><img decoding=\"async\" loading=\"lazy\" alt=\"Gerardo Milman (Maximiliano Luna)\" height=\"1080\" width=\"1920\" class=\"\" src=\"https:\/\/www.infobae.com\/new-resizer\/KNo875wp6NhM_bXHtnQuQeF4vq0=\/420x236\/filters:format(webp):quality(85)\/cloudfront-us-east-1.images.arcpublishing.com\/infobae\/JQNXBX73LFDPDAKEW63FBF45EU.jpg%20420w\" srcset=\"https:\/\/www.infobae.com\/new-resizer\/KNo875wp6NhM_bXHtnQuQeF4vq0=\/420x236\/filters:format(webp):quality(85)\/cloudfront-us-east-1.images.arcpublishing.com\/infobae\/JQNXBX73LFDPDAKEW63FBF45EU.jpg 420w,https:\/\/www.infobae.com\/new-resizer\/SY4SIG5LQ6bBuj-A2KoCSBjh2Hk=\/768x432\/filters:format(webp):quality(85)\/cloudfront-us-east-1.images.arcpublishing.com\/infobae\/JQNXBX73LFDPDAKEW63FBF45EU.jpg 768w,https:\/\/www.infobae.com\/new-resizer\/A01Fg7G3rQraTlhAM9gTeWsjHYY=\/992x558\/filters:format(webp):quality(85)\/cloudfront-us-east-1.images.arcpublishing.com\/infobae\/JQNXBX73LFDPDAKEW63FBF45EU.jpg 992w,https:\/\/www.infobae.com\/new-resizer\/nvbJfpz5pV-ftys0YFw8q14ZYFQ=\/1200x675\/filters:format(webp):quality(85)\/cloudfront-us-east-1.images.arcpublishing.com\/infobae\/JQNXBX73LFDPDAKEW63FBF45EU.jpg 1200w,https:\/\/www.infobae.com\/new-resizer\/JlvxBiVixUuQTIpmpgA0ovZ7CcI=\/1440x810\/filters:format(webp):quality(85)\/cloudfront-us-east-1.images.arcpublishing.com\/infobae\/JQNXBX73LFDPDAKEW63FBF45EU.jpg 1440w\">Gerardo Milman (Maximiliano Luna)<\/p>\n\n\n\n<p>Los tel\u00e9fonos han sido el foco del debate en esta investigaci\u00f3n. Ayer, precisamente, se suspendi\u00f3 a pedido de la querella la pericia en donde iban a intentar recuperar el contenido del tel\u00e9fono de Sabag Montiel, otro de los temas de discusi\u00f3n en el caso.<\/p>\n\n\n\n<p>Se trata de un Samsung A50, que Sabag le hab\u00eda comprado por internet a una chica venezolana y que cada vez que se prendia le aparec\u00eda \u201cuna pantalla con letras rojas que dec\u00eda \u2018CMD WARNING\u2019 y ten\u00eda que apretar ah\u00ed el bot\u00f3n de power y el tel\u00e9fono andaba\u201d. En la noche del atentado, el tel\u00e9fono fue secuestrado y llevado al juzgado, donde un cabo de la Polic\u00eda Federal intent\u00f3 ver su contenido, pero el equipo estaba bloqueado con un patr\u00f3n. Al d\u00eda siguiente, el tel\u00e9fono fue enviado a la sede de la PSA, en un sobre abierto seg\u00fan consign\u00f3 esa fuerza en el acta. Informaron que no pod\u00edan ingresar porque el celular ya estaba reseteado a modo f\u00e1brica.<\/p>\n\n\n\n<p>Un peritaje en Gendarmer\u00eda estableci\u00f3 que eso sucedi\u00f3 cuando el equipo ya estaba en poder de la PSA. De ese celular solo se pudo acceder a la mensajer\u00eda de Telegram, tres cuentas de Google y de ah\u00ed se tuvo acceso a la nube que conten\u00eda gran cantidad de archivos multimedia que est\u00e1n siendo analizados. Es un total de 50 gigas de datos de la \u201cnube\u201d. De WhatsApp solo se pudieron recuperar los mensajes del d\u00eda del intento de homicidio: es que el tel\u00e9fono estaba apagado al momento de ser secuestrado y Sabag Montiel no ten\u00eda activada la copia de seguridad que permite \u201clevantar\u201d conversaciones m\u00e1s antiguas.<\/p>\n\n\n\n<p>Fuente: infobae<\/p>\n","protected":false},"excerpt":{"rendered":"<div class=\"mh-excerpt\"><p>Cristina Kirchner volver\u00e1 este mi\u00e9rcoles a los tribunales de Comodoro Py 2002.\u00a0Las \u00faltimas veces que los visit\u00f3, previos a la pandemia, su convocatoria tuvo que ver con las investigaciones de corrupci\u00f3n que la comprometen. Esta vez, la raz\u00f3n es otra: declarar\u00e1 en el debate oral en el que se juzga a los tres acusados de haber intentado matarla en la noche del 1 de septiembre del 2022. Desde su rol de querellante, la ex presidenta\u00a0insistir\u00e1 en criticar la investigaci\u00f3n y reclamar\u00e1 que se avance sobre quienes ella creen que estuvieron detr\u00e1s de su atentado:\u00a0Revoluci\u00f3n Federal, la familia del ministro de <a class=\"mh-excerpt-more\" href=\"http:\/\/dsrmedios.com.ar\/diario\/archivos\/44892\" title=\"Cristina Kirchner declarar\u00e1 hoy en el juicio por el intento de asesinato: reclamar\u00e1 que se busque a los autores intelectuales\">[Leer m\u00e1s]<\/a><\/p>\n<\/div>","protected":false},"author":8,"featured_media":32020,"comment_status":"open","ping_status":"closed","sticky":false,"template":"","format":"standard","meta":{"_jetpack_newsletter_access":""},"categories":[6],"tags":[],"jetpack_featured_media_url":"http:\/\/dsrmedios.com.ar\/diario\/wp-content\/uploads\/2023\/04\/VEBWECDS52OGNDQUNSUHBYGXZQ.jpg","jetpack_sharing_enabled":true,"jetpack_shortlink":"https:\/\/wp.me\/p9fihK-bG4","_links":{"self":[{"href":"http:\/\/dsrmedios.com.ar\/diario\/wp-json\/wp\/v2\/posts\/44892"}],"collection":[{"href":"http:\/\/dsrmedios.com.ar\/diario\/wp-json\/wp\/v2\/posts"}],"about":[{"href":"http:\/\/dsrmedios.com.ar\/diario\/wp-json\/wp\/v2\/types\/post"}],"author":[{"embeddable":true,"href":"http:\/\/dsrmedios.com.ar\/diario\/wp-json\/wp\/v2\/users\/8"}],"replies":[{"embeddable":true,"href":"http:\/\/dsrmedios.com.ar\/diario\/wp-json\/wp\/v2\/comments?post=44892"}],"version-history":[{"count":1,"href":"http:\/\/dsrmedios.com.ar\/diario\/wp-json\/wp\/v2\/posts\/44892\/revisions"}],"predecessor-version":[{"id":44893,"href":"http:\/\/dsrmedios.com.ar\/diario\/wp-json\/wp\/v2\/posts\/44892\/revisions\/44893"}],"wp:featuredmedia":[{"embeddable":true,"href":"http:\/\/dsrmedios.com.ar\/diario\/wp-json\/wp\/v2\/media\/32020"}],"wp:attachment":[{"href":"http:\/\/dsrmedios.com.ar\/diario\/wp-json\/wp\/v2\/media?parent=44892"}],"wp:term":[{"taxonomy":"category","embeddable":true,"href":"http:\/\/dsrmedios.com.ar\/diario\/wp-json\/wp\/v2\/categories?post=44892"},{"taxonomy":"post_tag","embeddable":true,"href":"http:\/\/dsrmedios.com.ar\/diario\/wp-json\/wp\/v2\/tags?post=44892"}],"curies":[{"name":"wp","href":"https:\/\/api.w.org\/{rel}","templated":true}]}}