{"id":44889,"date":"2024-08-13T21:49:52","date_gmt":"2024-08-14T00:49:52","guid":{"rendered":"http:\/\/dsrmedios.com.ar\/diario\/?p=44889"},"modified":"2024-08-13T21:49:54","modified_gmt":"2024-08-14T00:49:54","slug":"diputados-buscara-debatir-la-ley-finocchiaro-que-obliga-a-las-escuelas-a-abrir-los-dias-de-paro","status":"publish","type":"post","link":"http:\/\/dsrmedios.com.ar\/diario\/archivos\/44889","title":{"rendered":"Diputados buscar\u00e1 debatir la Ley Finocchiaro que obliga a las escuelas a abrir los d\u00edas de paro"},"content":{"rendered":"\n<p>La<strong>\u00a0C\u00e1mara de Diputados<\/strong>\u00a0comenzar\u00e1 a debatir este mi\u00e9rcoles un<a rel=\"noreferrer noopener\" href=\"https:\/\/www.infobae.com\/politica\/2024\/08\/14\/diputados-los-dialoguistas-ponen-condiciones-y-nuevamente-podria-caerse-una-sesion-por-falta-de-quorum\/\" target=\"_blank\">\u00a0<strong>proyecto de ley para regular las huelgas docentes y obligar a las escuelas a abrir los d\u00edas de paro<\/strong><\/a>. La propuesta, impulsada por\u00a0<strong>Alejandro Finocchiaro (PRO),<\/strong>\u00a0busca declarar a la educaci\u00f3n como un \u201cservicio estrat\u00e9gico esencial\u201d, y llega al recinto con amplio consenso entre todos los bloques.<a rel=\"noreferrer noopener\" href=\"https:\/\/www.infobae.com\/politica\/2024\/08\/14\/diputados-los-dialoguistas-ponen-condiciones-y-nuevamente-podria-caerse-una-sesion-por-falta-de-quorum\/\" target=\"_blank\"><\/a><\/p>\n\n\n\n<p>Entre otros puntos, la iniciativa propone que, en caso de paro, el&nbsp;<strong>30% del personal de la escuela deber\u00e1 permanecer en sus puestos durante los dos primeros d\u00edas de huelga<\/strong>, para garantizar la continuidad de las clases. Si la medida de fuerza se prolonga por m\u00e1s de dos d\u00edas,<strong>&nbsp;este porcentaje se incrementar\u00eda al 50%<\/strong>. De esta manera, aunque se permitir\u00eda la realizaci\u00f3n de las protestas, estas deber\u00edan llevarse a cabo bajo las condiciones estipuladas por la nueva normativa.<\/p>\n\n\n\n<p>Para asegurar el cumplimiento de la ley, uno de los art\u00edculos del proyecto especifica que, a principios de cada a\u00f1o,\u00a0<strong>los equipos de conducci\u00f3n de las escuelas deber\u00e1n informar a las autoridades sobre la \u201cn\u00f3mina anual del personal docente y no docente<\/strong>\u00a0que estar\u00e1 afectado al cumplimiento\u201d de esta medida. Esto permitir\u00eda una planificaci\u00f3n anticipada y evitar\u00eda la interrupci\u00f3n total del servicio educativo durante las huelgas.<a rel=\"noreferrer noopener\" href=\"https:\/\/www.infobae.com\/politica\/2024\/08\/14\/el-gobierno-cambia-la-cupula-de-gendarmeria-nacional-y-pone-al-frente-a-un-jefe-retirado\/\" target=\"_blank\"><\/a><\/p>\n\n\n\n<p>El texto del proyecto, que recoge aportes de otras propuestas similares presentadas por diferentes legisladores,&nbsp;<a rel=\"noreferrer noopener\" href=\"https:\/\/www.infobae.com\/politica\/2024\/06\/14\/avanza-en-diputados-el-proyecto-de-ley-para-declarar-a-la-educacion-como-servicio-estrategico-esencial\/\" target=\"_blank\"><strong>llega al recinto luego de su aprobaci\u00f3n en la Comisi\u00f3n de Educaci\u00f3n<\/strong><\/a>. La iniciativa cuenta con un amplio consenso entre los diputados del&nbsp;<strong>PRO, UCR, CC, LLA, Hacemos Coalici\u00f3n Federal e Innovaci\u00f3n Federal,&nbsp;<\/strong>y se estima que<strong>&nbsp;podr\u00eda obtener unos 135 votos,<\/strong>&nbsp;suficientes para avanzar hacia el Senado.<\/p>\n\n\n\n<p><img decoding=\"async\" loading=\"lazy\" alt=\"Alejandro Finocchiaro, presidente de la comisi\u00f3n de Educaci\u00f3n de la C\u00e1mara de Diputados, es el impulsor del proyecto de ley\" height=\"1080\" width=\"1920\" class=\"\" src=\"https:\/\/www.infobae.com\/new-resizer\/gj-aadDuL4T0vPs5HGcf6Or6NZY=\/420x236\/filters:format(webp):quality(85)\/cloudfront-us-east-1.images.arcpublishing.com\/infobae\/45FRJHDJEJGWLACKQPTLULF7J4.jpg%20420w\" srcset=\"https:\/\/www.infobae.com\/new-resizer\/gj-aadDuL4T0vPs5HGcf6Or6NZY=\/420x236\/filters:format(webp):quality(85)\/cloudfront-us-east-1.images.arcpublishing.com\/infobae\/45FRJHDJEJGWLACKQPTLULF7J4.jpg 420w,https:\/\/www.infobae.com\/new-resizer\/16EpkauMtwESiZspXkhzjNcbq2E=\/768x432\/filters:format(webp):quality(85)\/cloudfront-us-east-1.images.arcpublishing.com\/infobae\/45FRJHDJEJGWLACKQPTLULF7J4.jpg 768w,https:\/\/www.infobae.com\/new-resizer\/Nf01L8lLv49w-1wXZzYDpDMF94g=\/992x558\/filters:format(webp):quality(85)\/cloudfront-us-east-1.images.arcpublishing.com\/infobae\/45FRJHDJEJGWLACKQPTLULF7J4.jpg 992w,https:\/\/www.infobae.com\/new-resizer\/h7PDzcrQ0YMWw7Xd7vlwr8oTvV4=\/1200x675\/filters:format(webp):quality(85)\/cloudfront-us-east-1.images.arcpublishing.com\/infobae\/45FRJHDJEJGWLACKQPTLULF7J4.jpg 1200w,https:\/\/www.infobae.com\/new-resizer\/g__Nh-mcY0isN-zfq9Eoub7EY3Q=\/1440x810\/filters:format(webp):quality(85)\/cloudfront-us-east-1.images.arcpublishing.com\/infobae\/45FRJHDJEJGWLACKQPTLULF7J4.jpg 1440w\">Alejandro Finocchiaro, presidente de la comisi\u00f3n de Educaci\u00f3n de la C\u00e1mara de Diputados, es el impulsor del proyecto de ley<\/p>\n\n\n\n<p><strong>A su vez, este proyecto es rechazado de plano por Uni\u00f3n por la Patria y la Izquierda<\/strong>, ya que consideran que busca restringir el derecho a huelga. De hecho,\u00a0<a rel=\"noreferrer noopener\" href=\"https:\/\/www.infobae.com\/politica\/2024\/08\/14\/diputados-los-dialoguistas-ponen-condiciones-y-nuevamente-podria-caerse-una-sesion-por-falta-de-quorum\/\" target=\"_blank\">se prev\u00e9 que ambas bancadas no bajen al recinto hoy para evitar la discusi\u00f3n<\/a>.<a rel=\"noreferrer noopener\" href=\"https:\/\/www.infobae.com\/politica\/2024\/08\/14\/los-chats-del-broker-martinez-sosa-sobre-alberto-fernandez-me-dijo-que-me-juntara-con-vos-para-hacer-cosas-juntos\/\" target=\"_blank\"><\/a><\/p>\n\n\n\n<p>La propuesta ha generado un&nbsp;<strong>rechazo significativo entre los gremios&nbsp;<\/strong>docentes.<strong>&nbsp;CTERA, uno de los principales sindicatos del sector, convoc\u00f3 para este mi\u00e9rcoles a una \u201cJornada nacional de lucha\u201d<\/strong>, que incluir\u00e1 una movilizaci\u00f3n frente al Congreso a partir de las 11 horas. Adem\u00e1s, anticip\u00f3 la organizaci\u00f3n de una \u201cgran Marcha Federal Educativa\u201d para el mes de septiembre, en se\u00f1al de protesta contra el proyecto.<\/p>\n\n\n\n<p>\u201c<strong>Es un proyecto que vengo trabajando hace 14 a\u00f1os.<\/strong>&nbsp;Es regular el derecho de huelga en la educaci\u00f3n obligatoria, no vulnerarlo, ni derogarlo.&nbsp;<strong>El d\u00eda que hay una medida de fuerza la escuela debe estar abierta<\/strong>, y tiene que haber una guardia m\u00ednima de directivos, docentes y no docentes. Se debe dar clases y la escuela se debe organizar para dar clases\u201d, plante\u00f3&nbsp;<strong>Finocchiaro<\/strong>&nbsp;en di\u00e1logo con&nbsp;<em>Radio Rivadavia<\/em>.<\/p>\n\n\n\n<p><img decoding=\"async\" loading=\"lazy\" alt=\"La C\u00e1mara de Diputados comenzar\u00e1 a debatir hoy un proyecto de ley que aborda las interrupciones en las clases (REUTERS\/Agustin Marcarian)\" height=\"533\" width=\"800\" class=\"\" src=\"https:\/\/www.infobae.com\/new-resizer\/eytpTWzaHWWkBIuof-mj51p8RNs=\/420x280\/filters:format(webp):quality(85)\/cloudfront-us-east-1.images.arcpublishing.com\/infobae\/SAU5CCWLJ4A4CWOV4G3HTBFC3Q.jpg%20420w\" srcset=\"https:\/\/www.infobae.com\/new-resizer\/eytpTWzaHWWkBIuof-mj51p8RNs=\/420x280\/filters:format(webp):quality(85)\/cloudfront-us-east-1.images.arcpublishing.com\/infobae\/SAU5CCWLJ4A4CWOV4G3HTBFC3Q.jpg 420w,https:\/\/www.infobae.com\/new-resizer\/w3mW9bYksS3ncpAHv7supvW_z-w=\/768x512\/filters:format(webp):quality(85)\/cloudfront-us-east-1.images.arcpublishing.com\/infobae\/SAU5CCWLJ4A4CWOV4G3HTBFC3Q.jpg 768w,https:\/\/www.infobae.com\/new-resizer\/fAmzjiOed5ASPJrkRfS6gkjpABI=\/992x661\/filters:format(webp):quality(85)\/cloudfront-us-east-1.images.arcpublishing.com\/infobae\/SAU5CCWLJ4A4CWOV4G3HTBFC3Q.jpg 992w,https:\/\/www.infobae.com\/new-resizer\/y1dwexLqmVwK028EYlxpdR-f9fA=\/1200x800\/filters:format(webp):quality(85)\/cloudfront-us-east-1.images.arcpublishing.com\/infobae\/SAU5CCWLJ4A4CWOV4G3HTBFC3Q.jpg 1200w,https:\/\/www.infobae.com\/new-resizer\/vAjXaM-I2CmastETcpLhQMTDfKI=\/1440x960\/filters:format(webp):quality(85)\/cloudfront-us-east-1.images.arcpublishing.com\/infobae\/SAU5CCWLJ4A4CWOV4G3HTBFC3Q.jpg 1440w\">La C\u00e1mara de Diputados comenzar\u00e1 a debatir hoy un proyecto de ley que aborda las interrupciones en las clases (REUTERS\/Agustin Marcarian)<\/p>\n\n\n\n<p>\u201c<strong>Hay muchos docentes, la gran mayor\u00eda, que son muy buenos y dan clases en condiciones muy dif\u00edciles<\/strong>, que quieren dar clases, pero le cierran las escuelas\u201d, agreg\u00f3 el diputado del PRO.<\/p>\n\n\n\n<p>Seg\u00fan el legislador, la ley&nbsp;<strong>no busca intervenir en situaciones como las que se han producido en provincias como Chubut o Santa Cruz<\/strong>, donde los docentes han realizado paros prolongados debido a la falta de pago de salarios. En cambio, plante\u00f3 que el objetivo es limitar lo que describe como \u201cparos pol\u00edticos\u201d, en referencia a las huelgas convocadas por CTERA, a las que considera m\u00e1s como acciones pol\u00edticas que sindicales.<\/p>\n\n\n\n<p><strong>Marcela Pagano<\/strong>, diputada de La Libertad Avanza, respald\u00f3 la iniciativa: \u201cEstoy totalmente de acuerdo con calificar a la educaci\u00f3n un servicio esencial. No es una iniciativa en contra de los gremios, es una iniciativa a favor de los estudiantes\u201d.<\/p>\n\n\n\n<p>\u201cEstamos trabajando en la b\u00fasqueda de un pa\u00eds donde los docentes vuelvan a ser respetados en las aulas, respetables por su calidad profesional, que junto con fuerzas de seguridad y personal de la salud, sean los mejores pagos, y donde ojal\u00e1 pronto todas las escuelas del pa\u00eds logren una infraestructura digna. No se construye de un d\u00eda para el otro, pero es un gran paso en esa direcci\u00f3n el que se pretende hoy lograr en Diputados\u201d, se\u00f1al\u00f3.<\/p>\n\n\n\n<p>Fuente: Infobae<\/p>\n","protected":false},"excerpt":{"rendered":"<div class=\"mh-excerpt\"><p>La\u00a0C\u00e1mara de Diputados\u00a0comenzar\u00e1 a debatir este mi\u00e9rcoles un\u00a0proyecto de ley para regular las huelgas docentes y obligar a las escuelas a abrir los d\u00edas de paro. La propuesta, impulsada por\u00a0Alejandro Finocchiaro (PRO),\u00a0busca declarar a la educaci\u00f3n como un \u201cservicio estrat\u00e9gico esencial\u201d, y llega al recinto con amplio consenso entre todos los bloques. Entre otros puntos, la iniciativa propone que, en caso de paro, el&nbsp;30% del personal de la escuela deber\u00e1 permanecer en sus puestos durante los dos primeros d\u00edas de huelga, para garantizar la continuidad de las clases. Si la medida de fuerza se prolonga por m\u00e1s de dos d\u00edas,&nbsp;este <a class=\"mh-excerpt-more\" href=\"http:\/\/dsrmedios.com.ar\/diario\/archivos\/44889\" title=\"Diputados buscar\u00e1 debatir la Ley Finocchiaro que obliga a las escuelas a abrir los d\u00edas de paro\">[Leer m\u00e1s]<\/a><\/p>\n<\/div>","protected":false},"author":8,"featured_media":44890,"comment_status":"open","ping_status":"closed","sticky":false,"template":"","format":"standard","meta":{"_jetpack_newsletter_access":""},"categories":[6],"tags":[],"jetpack_featured_media_url":"http:\/\/dsrmedios.com.ar\/diario\/wp-content\/uploads\/2024\/08\/arc-anglerfish-arc2-prod-infobae.s3.amazonaws.jpg","jetpack_sharing_enabled":true,"jetpack_shortlink":"https:\/\/wp.me\/p9fihK-bG1","_links":{"self":[{"href":"http:\/\/dsrmedios.com.ar\/diario\/wp-json\/wp\/v2\/posts\/44889"}],"collection":[{"href":"http:\/\/dsrmedios.com.ar\/diario\/wp-json\/wp\/v2\/posts"}],"about":[{"href":"http:\/\/dsrmedios.com.ar\/diario\/wp-json\/wp\/v2\/types\/post"}],"author":[{"embeddable":true,"href":"http:\/\/dsrmedios.com.ar\/diario\/wp-json\/wp\/v2\/users\/8"}],"replies":[{"embeddable":true,"href":"http:\/\/dsrmedios.com.ar\/diario\/wp-json\/wp\/v2\/comments?post=44889"}],"version-history":[{"count":1,"href":"http:\/\/dsrmedios.com.ar\/diario\/wp-json\/wp\/v2\/posts\/44889\/revisions"}],"predecessor-version":[{"id":44891,"href":"http:\/\/dsrmedios.com.ar\/diario\/wp-json\/wp\/v2\/posts\/44889\/revisions\/44891"}],"wp:featuredmedia":[{"embeddable":true,"href":"http:\/\/dsrmedios.com.ar\/diario\/wp-json\/wp\/v2\/media\/44890"}],"wp:attachment":[{"href":"http:\/\/dsrmedios.com.ar\/diario\/wp-json\/wp\/v2\/media?parent=44889"}],"wp:term":[{"taxonomy":"category","embeddable":true,"href":"http:\/\/dsrmedios.com.ar\/diario\/wp-json\/wp\/v2\/categories?post=44889"},{"taxonomy":"post_tag","embeddable":true,"href":"http:\/\/dsrmedios.com.ar\/diario\/wp-json\/wp\/v2\/tags?post=44889"}],"curies":[{"name":"wp","href":"https:\/\/api.w.org\/{rel}","templated":true}]}}