{"id":4488,"date":"2018-03-01T07:37:48","date_gmt":"2018-03-01T10:37:48","guid":{"rendered":"http:\/\/dsrmedios.com.ar\/diario\/?p=4488"},"modified":"2018-03-01T07:37:48","modified_gmt":"2018-03-01T10:37:48","slug":"la-gobernadora-maria-eugenia-vidal-abrira-hoy-la-asamblea-legislativa-de-la-provincia","status":"publish","type":"post","link":"http:\/\/dsrmedios.com.ar\/diario\/archivos\/4488","title":{"rendered":"La Gobernadora Mar\u00eda Eugenia Vidal abrir\u00e1 hoy la Asamblea Legislativa de la Provincia"},"content":{"rendered":"<p>En la Asamblea, que dar\u00e1 comienzo a las 18, la mandataria provincial recorrer\u00e1 algunos de ejes troncales de su acci\u00f3n de gobierno para este a\u00f1o, con dos temas en los que pondr\u00e1 especialmente el acento.<\/p>\n<p>Uno de ellos ser\u00e1, como ya adelant\u00f3 La Tecla, el de la Reforma Judicial que, entre otras cosas, se propone disminuir el poder discrecional de los jueces para otorgar beneficios carcelarios a los reclusos. Se trata, sin dudas, de una medida basada en el clamor de buena parte de la sociedad.<\/p>\n<p>El otro tema prioritario para el Ejecutivo es el de la obra p\u00fablica, para lo cual anunciar\u00e1 un dr\u00e1stico cambio en la Ley, para permitir una agilizaci\u00f3n en el tr\u00e1mite de las obras y habilitar el esquema de participaci\u00f3n privada (PPP) en los procesos de obra p\u00fablica, teniendo para este tipo de emprendimientos -como rutas o puertos- el recurso del endeudamiento.<\/p>\n<p>De acuerdo a lo que pudo averiguar La Tecla, no faltar\u00e1 alguna alusi\u00f3n al conflicto con los docentes, que ayer volvieron a rechazar la oferta oficial en la negociaci\u00f3n paritaria (15% de aumento en tres tramos, plus de hasta 6.000 pesos por presentismo y pisibilidad de revisi\u00f3n -sin certeza- en octubre por inflaci\u00f3n) y el viernes podr\u00edan decidir no comenzar las clases el pr\u00f3ximo 5 de este mes.<\/p>\n<p>No s\u00f3lo se espera que Vidal se refiera en tono cr\u00edtico al elevado ausentismo que ya varios funcionarios vinieron denunciando, sino tambi\u00e9n a la modificaci\u00f3n en el r\u00e9gimen jubilatorio de los maestros, para equipararlo con otros gremios de la administraci\u00f3n p\u00fablica. Una avanzada de estos cambios ya se observ\u00f3 con la reforma al r\u00e9gimen de los retirados del Banco Provincia, situaci\u00f3n que -seg\u00fan el Ejecutivo- se repite entre los docentes, que en algunos casos se jubilan a los 50 a\u00f1os.<\/p>\n<p>Se espera, adem\u00e1s, que omita temas que generan pol\u00e9mica y divisi\u00f3n en la sociedad y que se instalaron a nivel nacional, como el de la despenalizaci\u00f3n del aborto o el cobro de tasas a los extranjeros en el sistema sanitario.<\/p>\n<p>fuente:www.latecla.com<\/p>\n","protected":false},"excerpt":{"rendered":"<div class=\"mh-excerpt\"><p>En la Asamblea, que dar\u00e1 comienzo a las 18, la mandataria provincial recorrer\u00e1 algunos de ejes troncales de su acci\u00f3n de gobierno para este a\u00f1o, con dos temas en los que pondr\u00e1 especialmente el acento. Uno de ellos ser\u00e1, como ya adelant\u00f3 La Tecla, el de la Reforma Judicial que, entre otras cosas, se propone disminuir el poder discrecional de los jueces para otorgar beneficios carcelarios a los reclusos. Se trata, sin dudas, de una medida basada en el clamor de buena parte de la sociedad. El otro tema prioritario para el Ejecutivo es el de la obra p\u00fablica, para <a class=\"mh-excerpt-more\" href=\"http:\/\/dsrmedios.com.ar\/diario\/archivos\/4488\" title=\"La Gobernadora Mar\u00eda Eugenia Vidal abrir\u00e1 hoy la Asamblea Legislativa de la Provincia\">[Leer m\u00e1s]<\/a><\/p>\n<\/div>","protected":false},"author":5,"featured_media":4489,"comment_status":"open","ping_status":"closed","sticky":false,"template":"","format":"standard","meta":{"_jetpack_newsletter_access":""},"categories":[18,7],"tags":[],"jetpack_featured_media_url":"http:\/\/dsrmedios.com.ar\/diario\/wp-content\/uploads\/2018\/03\/vidalasamblea.jpg","jetpack_sharing_enabled":true,"jetpack_shortlink":"https:\/\/wp.me\/p9fihK-1ao","_links":{"self":[{"href":"http:\/\/dsrmedios.com.ar\/diario\/wp-json\/wp\/v2\/posts\/4488"}],"collection":[{"href":"http:\/\/dsrmedios.com.ar\/diario\/wp-json\/wp\/v2\/posts"}],"about":[{"href":"http:\/\/dsrmedios.com.ar\/diario\/wp-json\/wp\/v2\/types\/post"}],"author":[{"embeddable":true,"href":"http:\/\/dsrmedios.com.ar\/diario\/wp-json\/wp\/v2\/users\/5"}],"replies":[{"embeddable":true,"href":"http:\/\/dsrmedios.com.ar\/diario\/wp-json\/wp\/v2\/comments?post=4488"}],"version-history":[{"count":1,"href":"http:\/\/dsrmedios.com.ar\/diario\/wp-json\/wp\/v2\/posts\/4488\/revisions"}],"predecessor-version":[{"id":4490,"href":"http:\/\/dsrmedios.com.ar\/diario\/wp-json\/wp\/v2\/posts\/4488\/revisions\/4490"}],"wp:featuredmedia":[{"embeddable":true,"href":"http:\/\/dsrmedios.com.ar\/diario\/wp-json\/wp\/v2\/media\/4489"}],"wp:attachment":[{"href":"http:\/\/dsrmedios.com.ar\/diario\/wp-json\/wp\/v2\/media?parent=4488"}],"wp:term":[{"taxonomy":"category","embeddable":true,"href":"http:\/\/dsrmedios.com.ar\/diario\/wp-json\/wp\/v2\/categories?post=4488"},{"taxonomy":"post_tag","embeddable":true,"href":"http:\/\/dsrmedios.com.ar\/diario\/wp-json\/wp\/v2\/tags?post=4488"}],"curies":[{"name":"wp","href":"https:\/\/api.w.org\/{rel}","templated":true}]}}