{"id":44750,"date":"2024-07-14T22:15:29","date_gmt":"2024-07-15T01:15:29","guid":{"rendered":"http:\/\/dsrmedios.com.ar\/diario\/?p=44750"},"modified":"2024-07-14T22:15:31","modified_gmt":"2024-07-15T01:15:31","slug":"el-indice-de-inflacion-fue-del-46-en-junio","status":"publish","type":"post","link":"http:\/\/dsrmedios.com.ar\/diario\/archivos\/44750","title":{"rendered":"El \u00edndice de inflaci\u00f3n fue del 4,6% en Junio"},"content":{"rendered":"\n<p>El Instituto Nacional de Estad\u00edsticas y Censos (INDEC) revel\u00f3 que el \u00edndice de inflaci\u00f3n del mes de junio que fue del 4,6%, una cifra que si bien est\u00e1 en el rango previsto por el gobierno de Javier Milei implic\u00f3 el fin de la desaceleraci\u00f3n, uno de los caballitos de batalla publicitarios de la gesti\u00f3n libertaria.<\/p>\n\n\n\n<p>Es que el n\u00famero de junio se ubic\u00f3 cuatro d\u00e9cimas por encima de la \u00faltima cifra del \u00cdndice de Precios al Consumidor (IPC) medida en mayo, que se de 4,2 por ciento. Con los \u00faltimos n\u00fameros recolectados, el costo de vida mostr\u00f3 un alza de 79,8% en el primer semestre y un 271,5% en t\u00e9rminos ineranuales.<\/p>\n\n\n\n<p>Inflaci\u00f3n: \u00bfCu\u00e1les son los alimentos y productos que m\u00e1s aumentaron en junio?<br>Aunque se trata de un n\u00famero inferior al pronosticado por algunas consultoras privadas y est\u00e1 dentro de las estimaciones lanzadas por Javier Milei- dijo que ser\u00eda inferior al 5%- , lo cierto es que interrumpe la tendencia a la baja registrada en las \u00faltimas mediciones.<\/p>\n","protected":false},"excerpt":{"rendered":"<div class=\"mh-excerpt\"><p>El Instituto Nacional de Estad\u00edsticas y Censos (INDEC) revel\u00f3 que el \u00edndice de inflaci\u00f3n del mes de junio que fue del 4,6%, una cifra que si bien est\u00e1 en el rango previsto por el gobierno de Javier Milei implic\u00f3 el fin de la desaceleraci\u00f3n, uno de los caballitos de batalla publicitarios de la gesti\u00f3n libertaria. Es que el n\u00famero de junio se ubic\u00f3 cuatro d\u00e9cimas por encima de la \u00faltima cifra del \u00cdndice de Precios al Consumidor (IPC) medida en mayo, que se de 4,2 por ciento. Con los \u00faltimos n\u00fameros recolectados, el costo de vida mostr\u00f3 un alza de <a class=\"mh-excerpt-more\" href=\"http:\/\/dsrmedios.com.ar\/diario\/archivos\/44750\" title=\"El \u00edndice de inflaci\u00f3n fue del 4,6% en Junio\">[Leer m\u00e1s]<\/a><\/p>\n<\/div>","protected":false},"author":5,"featured_media":12877,"comment_status":"open","ping_status":"closed","sticky":false,"template":"","format":"standard","meta":{"_jetpack_newsletter_access":""},"categories":[18,6],"tags":[],"jetpack_featured_media_url":"http:\/\/dsrmedios.com.ar\/diario\/wp-content\/uploads\/2019\/05\/inflacion-2.jpg","jetpack_sharing_enabled":true,"jetpack_shortlink":"https:\/\/wp.me\/p9fihK-bDM","_links":{"self":[{"href":"http:\/\/dsrmedios.com.ar\/diario\/wp-json\/wp\/v2\/posts\/44750"}],"collection":[{"href":"http:\/\/dsrmedios.com.ar\/diario\/wp-json\/wp\/v2\/posts"}],"about":[{"href":"http:\/\/dsrmedios.com.ar\/diario\/wp-json\/wp\/v2\/types\/post"}],"author":[{"embeddable":true,"href":"http:\/\/dsrmedios.com.ar\/diario\/wp-json\/wp\/v2\/users\/5"}],"replies":[{"embeddable":true,"href":"http:\/\/dsrmedios.com.ar\/diario\/wp-json\/wp\/v2\/comments?post=44750"}],"version-history":[{"count":1,"href":"http:\/\/dsrmedios.com.ar\/diario\/wp-json\/wp\/v2\/posts\/44750\/revisions"}],"predecessor-version":[{"id":44751,"href":"http:\/\/dsrmedios.com.ar\/diario\/wp-json\/wp\/v2\/posts\/44750\/revisions\/44751"}],"wp:featuredmedia":[{"embeddable":true,"href":"http:\/\/dsrmedios.com.ar\/diario\/wp-json\/wp\/v2\/media\/12877"}],"wp:attachment":[{"href":"http:\/\/dsrmedios.com.ar\/diario\/wp-json\/wp\/v2\/media?parent=44750"}],"wp:term":[{"taxonomy":"category","embeddable":true,"href":"http:\/\/dsrmedios.com.ar\/diario\/wp-json\/wp\/v2\/categories?post=44750"},{"taxonomy":"post_tag","embeddable":true,"href":"http:\/\/dsrmedios.com.ar\/diario\/wp-json\/wp\/v2\/tags?post=44750"}],"curies":[{"name":"wp","href":"https:\/\/api.w.org\/{rel}","templated":true}]}}