{"id":44733,"date":"2024-07-12T03:22:20","date_gmt":"2024-07-12T06:22:20","guid":{"rendered":"http:\/\/dsrmedios.com.ar\/diario\/?p=44733"},"modified":"2024-07-12T03:22:22","modified_gmt":"2024-07-12T06:22:22","slug":"el-gobierno-apura-reglamentaciones-proyectos-y-una-reorganizacion-de-areas-para-darle-contenido-a-la-fase-2%e2%80%b3","status":"publish","type":"post","link":"http:\/\/dsrmedios.com.ar\/diario\/archivos\/44733","title":{"rendered":"El Gobierno apura reglamentaciones, proyectos y una reorganizaci\u00f3n de \u00e1reas para darle contenido a la \u201cfase 2\u2033"},"content":{"rendered":"\n<p>Despu\u00e9s de la sanci\u00f3n de la Ley Bases y del demorado Pacto de Mayo en el que, en los hechos, nadie, ni en el Gobierno ni en los aliados, tiene depositadas demasiadas expectativas, en la Casa Rosada sobrevolaba por estas horas la necesidad de apurar una serie de reglamentaciones, de proyectos y de reorganizaci\u00f3n de \u00e1reas para tratar de darle un inicio formal y contenido a la \u201cfase 2\u2033 que el propio\u00a0<strong>Javier Milei\u00a0<\/strong>promocion\u00f3 horas despu\u00e9s de la aprobaci\u00f3n de la normativa que demor\u00f3 seis meses de tratamiento.<a rel=\"noreferrer noopener\" href=\"https:\/\/www.infobae.com\/politica\/2024\/07\/12\/el-gobierno-convoco-a-la-cgt-para-empezar-a-definir-la-conformacion-del-consejo-de-mayo\/\" target=\"_blank\"><\/a><\/p>\n\n\n\n<p>Sancionado ese paquete parlamentario fundacional, Milei y sus principales colaboradores son conscientes de la necesidad del Ejecutivo de robustecer una gesti\u00f3n que, hasta ahora, estuvo atravesada por el plan de estabilizaci\u00f3n de la macroeconom\u00eda, exitoso para el Gobierno, pero que empez\u00f3 a mostrar serias se\u00f1ales de agotamiento en las \u00faltimas semanas, y por la negociaci\u00f3n en torno a la Ley Bases y el paquete fiscal, que se consumi\u00f3 el primer semestre. Sostenidas, en ambos casos, por una eficaz puesta en escena comunicacional que blind\u00f3 a la administraci\u00f3n libertaria.<\/p>\n\n\n\n<p>En los \u00faltimos d\u00edas, en la Casa Rosada se intensific\u00f3 en ese sentido el trabajo vinculado con la reglamentaci\u00f3n de esta normativa, que arrastra desde la sanci\u00f3n y promulgaci\u00f3n de la iniciativa un condimento adicional: por su complejidad, involucra a un buen n\u00famero de \u00e1reas de la administraci\u00f3n p\u00fablica.\u00a0<strong>\u201cEs mucho trabajo, varios decretos, muchas \u00e1reas involucradas\u201d<\/strong>, explicaron, escuetas, fuentes oficiales.<a rel=\"noreferrer noopener\" href=\"https:\/\/www.infobae.com\/politica\/2024\/07\/12\/caso-loan-renuncio-el-ministro-de-seguridad-de-corrientes-buenaventura-duarte\/\" target=\"_blank\"><\/a><\/p>\n\n\n\n<p>Esta madrugada, por caso, se public\u00f3 en el Bolet\u00edn Oficial parte de la reglamentaci\u00f3n del paquete fiscal aprobado a fines de junio por la C\u00e1mara baja, vinculado a&nbsp;<strong>Bienes Personales y el blanqueo<\/strong>. Restaba, sin embargo, el cap\u00edtulo de Ganancias.<\/p>\n\n\n\n<p>Parte de esa labor reca\u00eda en estos d\u00edas en la oficina de\u00a0<a rel=\"noreferrer noopener\" href=\"https:\/\/www.infobae.com\/politica\/2024\/04\/17\/el-gobierno-designo-a-la-funcionaria-que-estara-a-cargo-de-la-modernizacion-del-estado\/\" target=\"_blank\"><strong>Mar\u00eda Ibarzabal Murphy<\/strong><\/a>, la secretaria de Planeamiento Estrat\u00e9gico del Gobierno, una funcionaria cercan\u00edsima y de estrech\u00edsima confianza del asesor\u00a0<strong>Santiago Caputo<\/strong>, que sobrevuela todo el gabinete si es que no tiene plena injerencia en casi todos los ministerios. Al consultor le adjudicaban ayer la decisi\u00f3n oficial de reavivar el conflicto en la ex agencia de noticias del Estado, con la dispensa de todo el personal period\u00edstico cuando, en teor\u00eda, se hab\u00eda acordado el pase a la \u00f3rbita de RTA. Seg\u00fan trascendi\u00f3, en el primer piso de la Casa Rosada no cay\u00f3 nada bien el festejo del gremio de prensa tras el regreso a los edificios de la ex T\u00e9lam que permanecieron vallados durante m\u00e1s de 120 d\u00edas.<a rel=\"noreferrer noopener\" href=\"https:\/\/www.infobae.com\/politica\/2024\/07\/12\/fuerte-apoyo-de-milei-a-las-sociedades-anonimas-deportivas-no-mas-socialismo-pobrista-en-el-futbol\/\" target=\"_blank\"><\/a><\/p>\n\n\n\n<p><img decoding=\"async\" loading=\"lazy\" alt=\"Santiago Caputo, el estratega que suma poder en el Gobierno de Javier Milei\" height=\"1785\" width=\"3174\" class=\"\" src=\"https:\/\/www.infobae.com\/new-resizer\/xGWpN1w8iHrNIL5C6U8mcQHt6ZE=\/420x236\/filters:format(webp):quality(85)\/cloudfront-us-east-1.images.arcpublishing.com\/infobae\/L7BEWZ3KNZCZZLAMJZAXFQJ25I%20420w\" srcset=\"https:\/\/www.infobae.com\/new-resizer\/xGWpN1w8iHrNIL5C6U8mcQHt6ZE=\/420x236\/filters:format(webp):quality(85)\/cloudfront-us-east-1.images.arcpublishing.com\/infobae\/L7BEWZ3KNZCZZLAMJZAXFQJ25I 420w,https:\/\/www.infobae.com\/new-resizer\/hSoZJ1r-Q3XlPc09DWdXhwYhDJs=\/768x432\/filters:format(webp):quality(85)\/cloudfront-us-east-1.images.arcpublishing.com\/infobae\/L7BEWZ3KNZCZZLAMJZAXFQJ25I 768w,https:\/\/www.infobae.com\/new-resizer\/ebdQuQjSMCztthxxyBFm_3fLtYw=\/992x558\/filters:format(webp):quality(85)\/cloudfront-us-east-1.images.arcpublishing.com\/infobae\/L7BEWZ3KNZCZZLAMJZAXFQJ25I 992w,https:\/\/www.infobae.com\/new-resizer\/6H4cAzYB2AgvilSEPMGvqfAjh9A=\/1200x675\/filters:format(webp):quality(85)\/cloudfront-us-east-1.images.arcpublishing.com\/infobae\/L7BEWZ3KNZCZZLAMJZAXFQJ25I 1200w,https:\/\/www.infobae.com\/new-resizer\/dVnk9yBlaZ_Qa2eyr6S4fG71-1k=\/1440x810\/filters:format(webp):quality(85)\/cloudfront-us-east-1.images.arcpublishing.com\/infobae\/L7BEWZ3KNZCZZLAMJZAXFQJ25I 1440w\">Santiago Caputo, el estratega que suma poder en el Gobierno de Javier Milei<\/p>\n\n\n\n<p>Para el Gobierno, es una definici\u00f3n vinculada no solo a la gesti\u00f3n, si no tambi\u00e9n a la construcci\u00f3n de un relato atravesado con potencia por lo ideol\u00f3gico. En ese contexto, el Ejecutivo le buscaba en estos d\u00edas una salida a la situaci\u00f3n del INADI, para tratar de cerrarlo de manera definitiva.<\/p>\n\n\n\n<p>Una situaci\u00f3n similar atraviesan las empresas p\u00fablicas que el Gobierno pretende desprender de la \u00f3rbita del Estado, aun en el caso de aquellas que puedan eventualmente presentar balances favorables. A fin del mes pasado,&nbsp;<a rel=\"noreferrer noopener\" href=\"https:\/\/www.infobae.com\/politica\/2024\/06\/28\/sancionada-la-ley-bases-el-gobierno-avanza-en-el-control-de-las-empresas-publicas-y-en-la-revision-de-sus-directorios\/\" target=\"_blank\">como public\u00f3 este medio<\/a>, el equipo de Milei a cargo de ese rubro, con Caputo a la cabeza como autor intelectual y&nbsp;<strong>Diego Chaher<\/strong>&nbsp;como ejecutor material, recibi\u00f3 en el primer de la Casa Rosada a una docena de titulares de esas compa\u00f1\u00edas estatales para bajarles l\u00ednea del proceso que el Ejecutivo pretende acelerar en los pr\u00f3ximos meses.<\/p>\n\n\n\n<p>\u00bfEl mensaje? Cada representante de cada empresa tiene que encontrar el mejor plan para \u201cmejorar\u201d la administraci\u00f3n de las mismas. Y encarar, en esa l\u00ednea, una fase para modificar el estatus jur\u00eddico de las compa\u00f1\u00edas, para pasar al esquema de sociedades an\u00f3nimas. Es decir, privatizarlas. En algunas empresas se menciona, en ese sentido, que desde Casa Rosada se baj\u00f3 la orden para propiciar la venta de las acciones del Estado. Y trascendi\u00f3 \u201cmarzo\u201d del pr\u00f3ximo a\u00f1o como un mes \u201ctope\u201d.<\/p>\n\n\n\n<p>A principio de mes, por caso, el Gobierno oficializ\u00f3 en el Bolet\u00edn Oficial a Chaher, un abogado que se radic\u00f3 en Mendoza y que desembarc\u00f3 primero en el Ejecutivo como interventor de los medios p\u00fablicos, como el flamante secretario de Empresas y Sociedades del Estado en reemplazo de Mauricio Gonz\u00e1lez Botto, que hab\u00eda llegado a la administraci\u00f3n libertaria de la mano de&nbsp;<strong>Nicol\u00e1s Posse<\/strong>, el eyectado ex jefe de Gabinete. En ese mismo decreto, se prorrog\u00f3 por otros 180 d\u00edas&nbsp;<strong>-ya se hab\u00eda establecido ese plazo en el art\u00edculo 51 del decreto 70, a\u00fan vigente, ideado en su momento por el ahora ministro Federico Sturzenegger-<\/strong>, el proceso privatizador de las empresas estatales, como plazo de transici\u00f3n. \u201cIniciado dicho proceso se ha tomado conocimiento del grave estado administrativo de las referidas organizaciones, las que, en su gran mayor\u00eda, no contaban con un an\u00e1lisis actualizado de su situaci\u00f3n patrimonial y, en ciertos casos, con los instrumentos societarios actualizados inscriptos ante el Registro P\u00fablico de Comercio correspondiente\u201d, resalt\u00f3 el decreto 553 con fecha de fines de junio.<\/p>\n\n\n\n<p><img decoding=\"async\" loading=\"lazy\" alt=\"Diego Chaher es el hombre designado por el Gobierno para llevar adelante el proceso de privatizaci\u00f3n de las empresas p\u00fablicas\" height=\"1080\" width=\"1920\" class=\"\" src=\"https:\/\/www.infobae.com\/new-resizer\/Fq1uiH7FP2qj6NAvs7XhVl5saPU=\/420x236\/filters:format(webp):quality(85)\/cloudfront-us-east-1.images.arcpublishing.com\/infobae\/32EP5AVL6BAP3NELKGVQNPEEQM.jpg%20420w\" srcset=\"https:\/\/www.infobae.com\/new-resizer\/Fq1uiH7FP2qj6NAvs7XhVl5saPU=\/420x236\/filters:format(webp):quality(85)\/cloudfront-us-east-1.images.arcpublishing.com\/infobae\/32EP5AVL6BAP3NELKGVQNPEEQM.jpg 420w,https:\/\/www.infobae.com\/new-resizer\/j-y7RLXWtZBFFLUoBSdTsC8PvYw=\/768x432\/filters:format(webp):quality(85)\/cloudfront-us-east-1.images.arcpublishing.com\/infobae\/32EP5AVL6BAP3NELKGVQNPEEQM.jpg 768w,https:\/\/www.infobae.com\/new-resizer\/eCHTm8CNaAmLAfV52zDXV54P_Sg=\/992x558\/filters:format(webp):quality(85)\/cloudfront-us-east-1.images.arcpublishing.com\/infobae\/32EP5AVL6BAP3NELKGVQNPEEQM.jpg 992w,https:\/\/www.infobae.com\/new-resizer\/UPFWYnDysdpd2uSMvKKicUlUgRs=\/1200x675\/filters:format(webp):quality(85)\/cloudfront-us-east-1.images.arcpublishing.com\/infobae\/32EP5AVL6BAP3NELKGVQNPEEQM.jpg 1200w,https:\/\/www.infobae.com\/new-resizer\/C_OFp4QO7tEwPkUl27wgk0yKc-s=\/1440x810\/filters:format(webp):quality(85)\/cloudfront-us-east-1.images.arcpublishing.com\/infobae\/32EP5AVL6BAP3NELKGVQNPEEQM.jpg 1440w\">Diego Chaher es el hombre designado por el Gobierno para llevar adelante el proceso de privatizaci\u00f3n de las empresas p\u00fablicas<\/p>\n\n\n\n<p>En Casa Rosada quieren darle celeridad al tema. En las \u00faltimas semanas, se intensific\u00f3 la revisi\u00f3n de los directorios, y la b\u00fasqueda de funcionarios y directores que respondan directamente al entorno m\u00e1s cercano del presidente.&nbsp;<strong>En estas horas, por ejemplo, se modific\u00f3 en silencio y sin levantar polvareda a todo el directorio de Arsat<\/strong>, la empresa nacional de telecomunicaciones que brinda conectividad.<\/p>\n\n\n\n<p>Es una parte, m\u00e1s acotada, de la reorganizaci\u00f3n general de parte de la estructura del gabinete que el Gobierno prev\u00e9 publicar en los pr\u00f3ximos d\u00edas v\u00eda decreto, y cuyos borradores van y vienen entre la planta baja -la secretar\u00eda Legal y T\u00e9cnica- y el primer piso de la Casa Rosada. Y que reestructurar\u00e1 algunas de las atribuciones de la Jefatura de Gabinete, uno de los pendientes tras la salida de Posse y la asunci\u00f3n de&nbsp;<strong>Guillermo Francos<\/strong>, y el ingreso de Sturzenegger. Chaher, controlado por el asesor Caputo, por ejemplo, pasar\u00eda a depender de Econom\u00eda, bajo el paraguas formal de&nbsp;<strong>Luis \u201cToto\u201d Caputo<\/strong>.<\/p>\n\n\n\n<p>Es el esquema que se apura para terminar de acomodar tras los movimientos de los \u00faltimos dos meses, despu\u00e9s del tsunami interno que signific\u00f3 la renuncia de Posse, que hab\u00eda ideado un sistema de toma de decisiones en la Jefatura de Gabinete que provoc\u00f3 algo de malestar en parte de los ministros y secretarios de Estado.&nbsp;<strong>Jos\u00e9 \u201cCochi\u201d Rolandi<\/strong>, vicejefe de Gabinete, abocado en este primer semestre a tiempo completo a las negociaciones parlamentarias por la Ley Bases y el paquete fiscal, se acomod\u00f3 estas semanas en su nuevo rol. Seguir\u00e1, de todos modos, ligado a la relaci\u00f3n con el Congreso. Se habla, puertas adentro, de que podr\u00eda incluso levantar levemente su perfil p\u00fablico.<\/p>\n\n\n\n<p>La semana pr\u00f3xima, se publicar\u00eda en paralelo la reestructuraci\u00f3n de la Agencia Federal de Inteligencia (AFI) que, seg\u00fan las fuentes, volver\u00e1 a su nombre original, de Secretar\u00eda de Inteligencia del Estado (SIDE), que la populariz\u00f3, en buena medida, negativamente. Es un rubro acaparado exclusivamente por el estratega Caputo y sus socios, que desembarcaron en la agencia a trav\u00e9s del bonaerense&nbsp;<strong>Sergio Neiffert<\/strong>, con m\u00faltiples y variopintas relaciones.<\/p>\n\n\n\n<p>El Ejecutivo tambi\u00e9n trabaja en el pulido del paquete electoral que pretende enviar al Parlamento despu\u00e9s del receso de invierno, y cuyos puntos principales incluyen la eliminaci\u00f3n de las PASO y la implementaci\u00f3n de la Boleta \u00danica Papel (BUP). La semana pasada,&nbsp;<a rel=\"noreferrer noopener\" href=\"https:\/\/www.infobae.com\/politica\/2024\/07\/02\/el-gobierno-empezo-a-trabajar-en-el-paquete-electoral-que-buscara-implementar-en-el-2025\/\" target=\"_blank\">como public\u00f3&nbsp;<strong>Infobae<\/strong><\/a>, hubo una reuni\u00f3n para empezar a encarar ese tema en la que confluyeron&nbsp;<strong>Lisandro Catal\u00e1n<\/strong>, vicejefe de Gabinete de Interior, Rolandi e Ibarzabal Murphy.<\/p>\n\n\n\n<p><img decoding=\"async\" loading=\"lazy\" alt=\"El Gobierno trabaja en una reforma electoral para aplicar en 2025\" height=\"3147\" width=\"4721\" class=\"\" src=\"https:\/\/www.infobae.com\/new-resizer\/PodSHRCeFK2McKfKDW7kyiViF1Y=\/420x280\/filters:format(webp):quality(85)\/cloudfront-us-east-1.images.arcpublishing.com\/infobae\/2XZ3XVYCAWOBI4OLDG7JFIMO2M.jpg%20420w\" srcset=\"https:\/\/www.infobae.com\/new-resizer\/PodSHRCeFK2McKfKDW7kyiViF1Y=\/420x280\/filters:format(webp):quality(85)\/cloudfront-us-east-1.images.arcpublishing.com\/infobae\/2XZ3XVYCAWOBI4OLDG7JFIMO2M.jpg 420w,https:\/\/www.infobae.com\/new-resizer\/NHp3QlcaTw_h0BrLgm3sl4gXc18=\/768x512\/filters:format(webp):quality(85)\/cloudfront-us-east-1.images.arcpublishing.com\/infobae\/2XZ3XVYCAWOBI4OLDG7JFIMO2M.jpg 768w,https:\/\/www.infobae.com\/new-resizer\/faJc6aqXiMnti-i4gM59XoEfZ8I=\/992x661\/filters:format(webp):quality(85)\/cloudfront-us-east-1.images.arcpublishing.com\/infobae\/2XZ3XVYCAWOBI4OLDG7JFIMO2M.jpg 992w,https:\/\/www.infobae.com\/new-resizer\/9Gp7eUtJ88kHcw63S2JFhUK9udw=\/1200x800\/filters:format(webp):quality(85)\/cloudfront-us-east-1.images.arcpublishing.com\/infobae\/2XZ3XVYCAWOBI4OLDG7JFIMO2M.jpg 1200w,https:\/\/www.infobae.com\/new-resizer\/QVFtRnXT-fpwa2_JImOb7A1tDCE=\/1440x960\/filters:format(webp):quality(85)\/cloudfront-us-east-1.images.arcpublishing.com\/infobae\/2XZ3XVYCAWOBI4OLDG7JFIMO2M.jpg 1440w\">El Gobierno trabaja en una reforma electoral para aplicar en 2025<\/p>\n\n\n\n<p>El inicio de la \u201cfase 2\u2033, signada por la necesidad de empezar a aceitar de una vez por todas la gesti\u00f3n, y encarar un proceso de recuperaci\u00f3n econ\u00f3mica, s\u00ed exhibi\u00f3 en estas semanas la decisi\u00f3n parcial del Ejecutivo de empezar a mostrar algunos gestos con las provincias aliadas y los gobernadores que apoyaron la sanci\u00f3n del paquete de leyes enviado por Milei.<\/p>\n\n\n\n<p>Por ejemplo, con la liberaci\u00f3n de algunos fondos. Hay varios casos. Uno de ellos es el de Entre R\u00edos: la Casa Rosada empez\u00f3 a pagar el flujo mensual por la caja de jubilaciones -no la deuda- que el gobernador&nbsp;<strong>Rogelio Frigerio<\/strong>&nbsp;judicializ\u00f3 en la Corte Suprema. Es una de las provincias que no transfiri\u00f3 ese rubro a la Naci\u00f3n. Era uno de los pedidos de los gobernadores de Juntos por el Cambio a Milei y a Francos: empezar a tener un trato distinto a los de sus colegas que no prestaron por ahora ninguna colaboraci\u00f3n con el Gobierno, y que exhibieron esa falta de apoyo con la ausencia en la puesta en escena de Tucum\u00e1n del pasado lunes, para el demorado pacto de mayo. En ese contexto, Frigerio fue, por caso, uno de los m\u00e1s efusivos en su saludo con el presidente, en la foto oficial para la firma del \u201cActa de Mayo\u201d.<\/p>\n\n\n\n<p>Esa puesta en escena tuvo como condimento especial la presencia de&nbsp;<strong>Mauricio Macri<\/strong>, que vol\u00f3 m\u00e1s de 12 horas desde Europa para estar presente en esa foto despu\u00e9s de una semana atravesada por un operativo desmarque de la Casa Rosada. Esa escenograf\u00eda, en la medianoche tucumana, dej\u00f3 secuelas cruzadas entre la conducci\u00f3n del PRO y el Poder Ejecutivo por los trascendidos en torno al trato personal, y televisivo, que la Casa Rosada le habr\u00eda dado al ex mandatario. Ayer todav\u00eda hab\u00eda comentarios alusivos en los pasillos del Gobierno.<\/p>\n\n\n\n<p>Anoche, en la charla que tuvo con LN+, Milei le envi\u00f3 un gui\u00f1o a Macri:\u00a0<strong>\u201cEs parte de la soluci\u00f3n\u201d<\/strong>, dijo el presidente sobre su antecesor. El problema es que son muy pocos en el entorno del jefe de Estado que piensan como \u00e9l.<\/p>\n\n\n\n<p>Fuente: Infobae<\/p>\n","protected":false},"excerpt":{"rendered":"<div class=\"mh-excerpt\"><p>Despu\u00e9s de la sanci\u00f3n de la Ley Bases y del demorado Pacto de Mayo en el que, en los hechos, nadie, ni en el Gobierno ni en los aliados, tiene depositadas demasiadas expectativas, en la Casa Rosada sobrevolaba por estas horas la necesidad de apurar una serie de reglamentaciones, de proyectos y de reorganizaci\u00f3n de \u00e1reas para tratar de darle un inicio formal y contenido a la \u201cfase 2\u2033 que el propio\u00a0Javier Milei\u00a0promocion\u00f3 horas despu\u00e9s de la aprobaci\u00f3n de la normativa que demor\u00f3 seis meses de tratamiento. Sancionado ese paquete parlamentario fundacional, Milei y sus principales colaboradores son conscientes de <a class=\"mh-excerpt-more\" href=\"http:\/\/dsrmedios.com.ar\/diario\/archivos\/44733\" title=\"El Gobierno apura reglamentaciones, proyectos y una reorganizaci\u00f3n de \u00e1reas para darle contenido a la \u201cfase 2\u2033\">[Leer m\u00e1s]<\/a><\/p>\n<\/div>","protected":false},"author":8,"featured_media":44734,"comment_status":"open","ping_status":"closed","sticky":false,"template":"","format":"standard","meta":{"_jetpack_newsletter_access":""},"categories":[6],"tags":[],"jetpack_featured_media_url":"http:\/\/dsrmedios.com.ar\/diario\/wp-content\/uploads\/2024\/07\/1720782739709.png","jetpack_sharing_enabled":true,"jetpack_shortlink":"https:\/\/wp.me\/p9fihK-bDv","_links":{"self":[{"href":"http:\/\/dsrmedios.com.ar\/diario\/wp-json\/wp\/v2\/posts\/44733"}],"collection":[{"href":"http:\/\/dsrmedios.com.ar\/diario\/wp-json\/wp\/v2\/posts"}],"about":[{"href":"http:\/\/dsrmedios.com.ar\/diario\/wp-json\/wp\/v2\/types\/post"}],"author":[{"embeddable":true,"href":"http:\/\/dsrmedios.com.ar\/diario\/wp-json\/wp\/v2\/users\/8"}],"replies":[{"embeddable":true,"href":"http:\/\/dsrmedios.com.ar\/diario\/wp-json\/wp\/v2\/comments?post=44733"}],"version-history":[{"count":1,"href":"http:\/\/dsrmedios.com.ar\/diario\/wp-json\/wp\/v2\/posts\/44733\/revisions"}],"predecessor-version":[{"id":44735,"href":"http:\/\/dsrmedios.com.ar\/diario\/wp-json\/wp\/v2\/posts\/44733\/revisions\/44735"}],"wp:featuredmedia":[{"embeddable":true,"href":"http:\/\/dsrmedios.com.ar\/diario\/wp-json\/wp\/v2\/media\/44734"}],"wp:attachment":[{"href":"http:\/\/dsrmedios.com.ar\/diario\/wp-json\/wp\/v2\/media?parent=44733"}],"wp:term":[{"taxonomy":"category","embeddable":true,"href":"http:\/\/dsrmedios.com.ar\/diario\/wp-json\/wp\/v2\/categories?post=44733"},{"taxonomy":"post_tag","embeddable":true,"href":"http:\/\/dsrmedios.com.ar\/diario\/wp-json\/wp\/v2\/tags?post=44733"}],"curies":[{"name":"wp","href":"https:\/\/api.w.org\/{rel}","templated":true}]}}