{"id":44727,"date":"2024-07-12T03:17:53","date_gmt":"2024-07-12T06:17:53","guid":{"rendered":"http:\/\/dsrmedios.com.ar\/diario\/?p=44727"},"modified":"2024-07-12T03:17:55","modified_gmt":"2024-07-12T06:17:55","slug":"el-gobierno-convoco-a-la-cgt-para-empezar-a-definir-la-conformacion-del-consejo-de-mayo","status":"publish","type":"post","link":"http:\/\/dsrmedios.com.ar\/diario\/archivos\/44727","title":{"rendered":"El Gobierno convoc\u00f3 a la CGT para empezar a definir la conformaci\u00f3n del Consejo de Mayo"},"content":{"rendered":"\n<p>En la misma semana en la que el presidente Javier Milei logr\u00f3 firmar en Tucum\u00e1n el tan ansiado Pacto de Mayo, el gobierno nacional\u00a0<strong>convoc\u00f3\u00a0<\/strong>a los tres l\u00edderes de la CGT &#8211;<strong>H\u00e9ctor Daer, Pablo Moyano y Carlos Acu\u00f1a<\/strong>&#8211; para una reuni\u00f3n que se realizar\u00e1 el<strong>\u00a0martes 16 de julio a las 13<\/strong>\u00a0en la sede principal de la<strong>\u00a0Secretar\u00eda de Trabajo<\/strong>\u00a0que encabeza Julio Cordero, en la Avenida Leandro Alem 650.<a rel=\"noreferrer noopener\" href=\"https:\/\/www.infobae.com\/politica\/2024\/07\/12\/caso-loan-renuncio-el-ministro-de-seguridad-de-corrientes-buenaventura-duarte\/\" target=\"_blank\"><\/a><\/p>\n\n\n\n<p>Ser\u00e1 un encuentro a \u201cagenda abierta\u201d en el marco del anunciado \u201c<strong>Consejo de Mayo<\/strong>\u201d, la pr\u00f3xima instancia que el Ejecutivo quiere poner en marcha&nbsp;<strong>para trabajar en proyectos de ley<\/strong>&nbsp;que materialicen los principios adoptados en la convocatoria concretada en Tucum\u00e1n. El objetivo -seg\u00fan fuentes oficiales- es \u201c<strong>robustecer las relaciones y el di\u00e1logo tripartito entre el sector gremial, empresario y gubernamental<\/strong>\u201d.<\/p>\n\n\n\n<p>El Consejo de Mayo estar\u00e1 conformado por un\u00a0<strong>presidente\u00a0<\/strong>-cuyo principal candidato a ser elegido es el jefe de Gabinete Guillermo Francos-, y tambi\u00e9n uno de las\u00a0<strong>provincias<\/strong>, uno de la C\u00e1mara de\u00a0<strong>Diputados<\/strong>, otro de la C\u00e1mara de\u00a0<strong>Senadores<\/strong>\u00a0y tambi\u00e9n de las organizaciones\u00a0<strong>sindicales<\/strong>\u00a0y del\u00a0<strong>empresariado<\/strong>. En el Gobierno reconocen a la CGT como uno de los principales interlocutores ante el sindicalismo. Habr\u00e1 que esperar si otros sectores como la CTA est\u00e1n dispuestos a sentarse a la mesa a la que los est\u00e1n llamando.<a rel=\"noreferrer noopener\" href=\"https:\/\/www.infobae.com\/politica\/2024\/07\/12\/gremios-industriales-convocaron-a-5-gobernadores-en-rechazo-a-reformas-de-milei-buscamos-una-voz-propia\/\" target=\"_blank\"><\/a><\/p>\n\n\n\n<p>La agenda de Di\u00e1logo Social incluir\u00e1 tambi\u00e9n otro encuentro con representantes del sector&nbsp;<strong>empleador&nbsp;<\/strong>cuya fecha ser\u00e1 anunciada pr\u00f3ximamente, seg\u00fan se inform\u00f3 desde la secretar\u00eda de Trabajo.<\/p>\n\n\n\n<p>Hace dos d\u00edas, la mesa chica cegetista se hab\u00eda reunido en la sede de la Uni\u00f3n del Personal Civil de la Naci\u00f3n (UPCN), en Moreno al 1300, con la finalidad de analizar distintos temas que preocupan a los gremios. Y la resoluci\u00f3n que sali\u00f3 de all\u00ed fue pedirle una audiencia a Cordero para discutir de esos temas.<a rel=\"noreferrer noopener\" href=\"https:\/\/www.infobae.com\/politica\/2024\/07\/12\/el-gobierno-nacional-duplico-el-presupuesto-destinado-a-la-tarjeta-alimentar\/\" target=\"_blank\"><\/a><\/p>\n\n\n\n<p>Entre los gremialistas hay preocupaci\u00f3n, por ejemplo, por la crisis en las obras sociales despu\u00e9s de algunas resoluciones recientes que emanaron de la Superintendencia de Servicios de Salud que provocar\u00e1n \u201cla baja de los subsidios SUMA y SUMARTE y el Fondo Solidario de Redistribuci\u00f3n no tendr\u00e1 dinero para los reintegros de alta complejidad\u201d.<\/p>\n\n\n\n<p>En ese c\u00f3nclave, en el que quedaron expuestas nuevamente las diferencias entre los sectores duros de la central obrera que lidera Pablo Moyano y los que apuestan todav\u00eda por el di\u00e1logo con el gobierno de Milei, tambi\u00e9n se estableci\u00f3 que se cite para el&nbsp;<strong>25 de este mes<\/strong>&nbsp;al Consejo Directivo con el objetivo de debatir la reanudaci\u00f3n del plan de lucha contra el Gobierno. Adem\u00e1s, determinaron&nbsp;<strong>no presentarse ante la Justicia&nbsp;<\/strong>para impugnar el cap\u00edtulo laboral de la Ley Bases y la restituci\u00f3n del Impuesto a las Ganancias, aunquesi habr\u00e1 apoyo a todos los reclamos que impulse cada sindicato a nivel individual.<\/p>\n\n\n\n<p>Pablo Moyano anunci\u00f3 en ese momento que&nbsp;<strong>\u00e9l no estaba dispuesto a reunirse con Cordero<\/strong>. Desde el sector que lidera Daer, el mayoritario, todav\u00eda apuestan al d\u00edalogo e intentan atemperar los efectos de las reformas y el ajuste del Ejecutivo en distintas \u00e1reas del Estado.<\/p>\n\n\n\n<p>Para el jueves 18, Trabajo tambi\u00e9n cit\u00f3 a la reuni\u00f3n del Consejo del Salario M\u00ednimo Vital y M\u00f3vil para establecer los nuevos montos entre los gremios y las c\u00e1maras empresarias. Como no hubo acuerdo en los dos anteriores encuentros, el Gobierno decidi\u00f3 implementarlos por decreto. Desde el 1 de mayo del 2024 el Salario m\u00ednimo, vital y m\u00f3vil se ubica en\u00a0<strong>$234.315,12<\/strong>\u00a0para todos los trabajadores mensualizados.<\/p>\n\n\n\n<p>Fuente: Infobae<\/p>\n","protected":false},"excerpt":{"rendered":"<div class=\"mh-excerpt\"><p>En la misma semana en la que el presidente Javier Milei logr\u00f3 firmar en Tucum\u00e1n el tan ansiado Pacto de Mayo, el gobierno nacional\u00a0convoc\u00f3\u00a0a los tres l\u00edderes de la CGT &#8211;H\u00e9ctor Daer, Pablo Moyano y Carlos Acu\u00f1a&#8211; para una reuni\u00f3n que se realizar\u00e1 el\u00a0martes 16 de julio a las 13\u00a0en la sede principal de la\u00a0Secretar\u00eda de Trabajo\u00a0que encabeza Julio Cordero, en la Avenida Leandro Alem 650. Ser\u00e1 un encuentro a \u201cagenda abierta\u201d en el marco del anunciado \u201cConsejo de Mayo\u201d, la pr\u00f3xima instancia que el Ejecutivo quiere poner en marcha&nbsp;para trabajar en proyectos de ley&nbsp;que materialicen los principios adoptados en <a class=\"mh-excerpt-more\" href=\"http:\/\/dsrmedios.com.ar\/diario\/archivos\/44727\" title=\"El Gobierno convoc\u00f3 a la CGT para empezar a definir la conformaci\u00f3n del Consejo de Mayo\">[Leer m\u00e1s]<\/a><\/p>\n<\/div>","protected":false},"author":8,"featured_media":44728,"comment_status":"open","ping_status":"closed","sticky":false,"template":"","format":"standard","meta":{"_jetpack_newsletter_access":""},"categories":[6],"tags":[],"jetpack_featured_media_url":"http:\/\/dsrmedios.com.ar\/diario\/wp-content\/uploads\/2024\/07\/UH2OM4INXVB4HF4DZRBIQUTF4Y-scaled.jpeg","jetpack_sharing_enabled":true,"jetpack_shortlink":"https:\/\/wp.me\/p9fihK-bDp","_links":{"self":[{"href":"http:\/\/dsrmedios.com.ar\/diario\/wp-json\/wp\/v2\/posts\/44727"}],"collection":[{"href":"http:\/\/dsrmedios.com.ar\/diario\/wp-json\/wp\/v2\/posts"}],"about":[{"href":"http:\/\/dsrmedios.com.ar\/diario\/wp-json\/wp\/v2\/types\/post"}],"author":[{"embeddable":true,"href":"http:\/\/dsrmedios.com.ar\/diario\/wp-json\/wp\/v2\/users\/8"}],"replies":[{"embeddable":true,"href":"http:\/\/dsrmedios.com.ar\/diario\/wp-json\/wp\/v2\/comments?post=44727"}],"version-history":[{"count":1,"href":"http:\/\/dsrmedios.com.ar\/diario\/wp-json\/wp\/v2\/posts\/44727\/revisions"}],"predecessor-version":[{"id":44729,"href":"http:\/\/dsrmedios.com.ar\/diario\/wp-json\/wp\/v2\/posts\/44727\/revisions\/44729"}],"wp:featuredmedia":[{"embeddable":true,"href":"http:\/\/dsrmedios.com.ar\/diario\/wp-json\/wp\/v2\/media\/44728"}],"wp:attachment":[{"href":"http:\/\/dsrmedios.com.ar\/diario\/wp-json\/wp\/v2\/media?parent=44727"}],"wp:term":[{"taxonomy":"category","embeddable":true,"href":"http:\/\/dsrmedios.com.ar\/diario\/wp-json\/wp\/v2\/categories?post=44727"},{"taxonomy":"post_tag","embeddable":true,"href":"http:\/\/dsrmedios.com.ar\/diario\/wp-json\/wp\/v2\/tags?post=44727"}],"curies":[{"name":"wp","href":"https:\/\/api.w.org\/{rel}","templated":true}]}}