{"id":44712,"date":"2024-07-11T22:21:23","date_gmt":"2024-07-12T01:21:23","guid":{"rendered":"http:\/\/dsrmedios.com.ar\/diario\/?p=44712"},"modified":"2024-07-11T22:21:26","modified_gmt":"2024-07-12T01:21:26","slug":"en-tandil-se-registro-mas-frio-que-en-la-antartida","status":"publish","type":"post","link":"http:\/\/dsrmedios.com.ar\/diario\/archivos\/44712","title":{"rendered":"En Tandil se registro m\u00e1s fr\u00edo que en la Antartida"},"content":{"rendered":"\n<p>La ola de fr\u00edo polar se hac\u00eda sentir nuevamente sobre el territorio continental y Buenos Aires es una de las provincias m\u00e1s afectadas, con una marca extrema en Tandil de -7,6 grados y una t\u00e9rmica de -12,7 grados.<\/p>\n\n\n\n<p>A la misma hora en la base Marambio de la Ant\u00e1rtida argentina hab\u00eda -1,6 grados de temperatura y -9,9 grados de sensaci\u00f3n t\u00e9rmica, inform\u00f3 el Servicio Meteorol\u00f3gico Nacional (SMN).<\/p>\n\n\n\n<p>Siempre en la provincia de Buenos Aires, en Azul hab\u00eda 6,8 grados bajo cero de temperatura y en Olavarr\u00eda 6,2 grados bajo cero de temperatura y 9,8 grados bajo cero de sensaci\u00f3n t\u00e9rmica.<\/p>\n\n\n\n<p>En Bah\u00eda Blanca se registraba -5,6 grados de temperatura; en Pehuaj\u00f3 -3,9 y -7,1 grados respectivamente y en Ezeiza -2,4 y -5,3 grados.<\/p>\n\n\n\n<p>Tambi\u00e9n hac\u00eda mucho fr\u00edo en la provincia de Mendoza, con 6,7 grados bajo cero en Malarg\u00fce y 2,4 grados bajo cero en San Rafael.<\/p>\n\n\n\n<p>En Chubut, Esquel ten\u00eda 5,3 grados bajo cero y en Jujuy, La Quiaca, 3,8 grados bajo cero de temperatura.<\/p>\n\n\n\n<p>En tanto la ciudad de Buenos Aires a las 7 ten\u00eda 1,2 grados de temperatura y 0,5 grados bajo cero de sensaci\u00f3n t\u00e9rmica.<\/p>\n","protected":false},"excerpt":{"rendered":"<div class=\"mh-excerpt\"><p>La ola de fr\u00edo polar se hac\u00eda sentir nuevamente sobre el territorio continental y Buenos Aires es una de las provincias m\u00e1s afectadas, con una marca extrema en Tandil de -7,6 grados y una t\u00e9rmica de -12,7 grados. A la misma hora en la base Marambio de la Ant\u00e1rtida argentina hab\u00eda -1,6 grados de temperatura y -9,9 grados de sensaci\u00f3n t\u00e9rmica, inform\u00f3 el Servicio Meteorol\u00f3gico Nacional (SMN). Siempre en la provincia de Buenos Aires, en Azul hab\u00eda 6,8 grados bajo cero de temperatura y en Olavarr\u00eda 6,2 grados bajo cero de temperatura y 9,8 grados bajo cero de sensaci\u00f3n t\u00e9rmica. <a class=\"mh-excerpt-more\" href=\"http:\/\/dsrmedios.com.ar\/diario\/archivos\/44712\" title=\"En Tandil se registro m\u00e1s fr\u00edo que en la Antartida\">[Leer m\u00e1s]<\/a><\/p>\n<\/div>","protected":false},"author":5,"featured_media":44713,"comment_status":"open","ping_status":"closed","sticky":false,"template":"","format":"standard","meta":{"_jetpack_newsletter_access":""},"categories":[18,6],"tags":[],"jetpack_featured_media_url":"http:\/\/dsrmedios.com.ar\/diario\/wp-content\/uploads\/2024\/07\/patocongelado.jpg","jetpack_sharing_enabled":true,"jetpack_shortlink":"https:\/\/wp.me\/p9fihK-bDa","_links":{"self":[{"href":"http:\/\/dsrmedios.com.ar\/diario\/wp-json\/wp\/v2\/posts\/44712"}],"collection":[{"href":"http:\/\/dsrmedios.com.ar\/diario\/wp-json\/wp\/v2\/posts"}],"about":[{"href":"http:\/\/dsrmedios.com.ar\/diario\/wp-json\/wp\/v2\/types\/post"}],"author":[{"embeddable":true,"href":"http:\/\/dsrmedios.com.ar\/diario\/wp-json\/wp\/v2\/users\/5"}],"replies":[{"embeddable":true,"href":"http:\/\/dsrmedios.com.ar\/diario\/wp-json\/wp\/v2\/comments?post=44712"}],"version-history":[{"count":1,"href":"http:\/\/dsrmedios.com.ar\/diario\/wp-json\/wp\/v2\/posts\/44712\/revisions"}],"predecessor-version":[{"id":44714,"href":"http:\/\/dsrmedios.com.ar\/diario\/wp-json\/wp\/v2\/posts\/44712\/revisions\/44714"}],"wp:featuredmedia":[{"embeddable":true,"href":"http:\/\/dsrmedios.com.ar\/diario\/wp-json\/wp\/v2\/media\/44713"}],"wp:attachment":[{"href":"http:\/\/dsrmedios.com.ar\/diario\/wp-json\/wp\/v2\/media?parent=44712"}],"wp:term":[{"taxonomy":"category","embeddable":true,"href":"http:\/\/dsrmedios.com.ar\/diario\/wp-json\/wp\/v2\/categories?post=44712"},{"taxonomy":"post_tag","embeddable":true,"href":"http:\/\/dsrmedios.com.ar\/diario\/wp-json\/wp\/v2\/tags?post=44712"}],"curies":[{"name":"wp","href":"https:\/\/api.w.org\/{rel}","templated":true}]}}