{"id":44710,"date":"2024-07-11T22:11:44","date_gmt":"2024-07-12T01:11:44","guid":{"rendered":"http:\/\/dsrmedios.com.ar\/diario\/?p=44710"},"modified":"2024-07-11T22:11:47","modified_gmt":"2024-07-12T01:11:47","slug":"continua-el-alerta-roja-en-la-provincia-por-la-ola-polar","status":"publish","type":"post","link":"http:\/\/dsrmedios.com.ar\/diario\/archivos\/44710","title":{"rendered":"Continua el alerta roja en la provincia por la ola polar"},"content":{"rendered":"\n<p>El Servicio Meteorol\u00f3gico Nacional (SMN) anunci\u00f3 una&nbsp;<strong><a href=\"https:\/\/infocielo.com\/alerta-amarilla\/emitieron-una-alerta-amarilla-fuertes-vientos-gran-parte-la-provincia-n764395\" target=\"_blank\" rel=\"noreferrer noopener\">alerta roja, naranja y amarilla&nbsp;<\/a><\/strong>para este viernes 12 de julio para varias localidades de la provincia de Buenos Aires, por&nbsp;<strong>temperaturas extremas por fr\u00edo<\/strong>. La misma regir\u00e1 a lo largo toda la jornada. Enterate en esta nota cu\u00e1les son las ciudades bonaerenses afectadas por las bajas temperaturas.<\/p>\n\n\n\n<p>Seg\u00fan informa el SMN, las temperaturas pueden ubicarse entre los -5 y -2 grados de m\u00ednima en las localidades bajo alerta. La alerta amarilla significa que estas temperaturas puede tener un&nbsp;<strong>efecto alto a extremo en la salud.&nbsp;<\/strong><strong>&#8220;Puede ser muy peligrosas. Pueden afectar a todas las personas, incluso a las saludables&#8221;<\/strong>, se\u00f1alaron.<\/p>\n\n\n\n<p><\/p>\n\n\n\n<h2><a href=\"https:\/\/infocielo.com\/el-tiempo-en-la-provincia-de-buenos-aires\">Viernes con heladas y cielo algo nublado en la Provincia: as\u00ed estar\u00e1 el tiempo hoy<\/a><\/h2>\n\n\n\n<p>Por otro lado, en ciertas ciudades rige una alerta naranja, las cuales pueden ser&nbsp;<strong>&#8220;muy peligrosas, especialmente para los grupos de riesgo&#8221;<\/strong>. Por \u00faltimo, la alerta amarilla puede tener&nbsp;<strong>un efecto leve a moderado en la salud.<\/strong><\/p>\n","protected":false},"excerpt":{"rendered":"<div class=\"mh-excerpt\"><p>El Servicio Meteorol\u00f3gico Nacional (SMN) anunci\u00f3 una&nbsp;alerta roja, naranja y amarilla&nbsp;para este viernes 12 de julio para varias localidades de la provincia de Buenos Aires, por&nbsp;temperaturas extremas por fr\u00edo. La misma regir\u00e1 a lo largo toda la jornada. Enterate en esta nota cu\u00e1les son las ciudades bonaerenses afectadas por las bajas temperaturas. Seg\u00fan informa el SMN, las temperaturas pueden ubicarse entre los -5 y -2 grados de m\u00ednima en las localidades bajo alerta. La alerta amarilla significa que estas temperaturas puede tener un&nbsp;efecto alto a extremo en la salud.&nbsp;&#8220;Puede ser muy peligrosas. Pueden afectar a todas las personas, incluso a <a class=\"mh-excerpt-more\" href=\"http:\/\/dsrmedios.com.ar\/diario\/archivos\/44710\" title=\"Continua el alerta roja en la provincia por la ola polar\">[Leer m\u00e1s]<\/a><\/p>\n<\/div>","protected":false},"author":5,"featured_media":13468,"comment_status":"open","ping_status":"closed","sticky":false,"template":"","format":"standard","meta":{"_jetpack_newsletter_access":""},"categories":[18,6],"tags":[],"jetpack_featured_media_url":"http:\/\/dsrmedios.com.ar\/diario\/wp-content\/uploads\/2019\/06\/frioooo.jpg","jetpack_sharing_enabled":true,"jetpack_shortlink":"https:\/\/wp.me\/p9fihK-bD8","_links":{"self":[{"href":"http:\/\/dsrmedios.com.ar\/diario\/wp-json\/wp\/v2\/posts\/44710"}],"collection":[{"href":"http:\/\/dsrmedios.com.ar\/diario\/wp-json\/wp\/v2\/posts"}],"about":[{"href":"http:\/\/dsrmedios.com.ar\/diario\/wp-json\/wp\/v2\/types\/post"}],"author":[{"embeddable":true,"href":"http:\/\/dsrmedios.com.ar\/diario\/wp-json\/wp\/v2\/users\/5"}],"replies":[{"embeddable":true,"href":"http:\/\/dsrmedios.com.ar\/diario\/wp-json\/wp\/v2\/comments?post=44710"}],"version-history":[{"count":1,"href":"http:\/\/dsrmedios.com.ar\/diario\/wp-json\/wp\/v2\/posts\/44710\/revisions"}],"predecessor-version":[{"id":44711,"href":"http:\/\/dsrmedios.com.ar\/diario\/wp-json\/wp\/v2\/posts\/44710\/revisions\/44711"}],"wp:featuredmedia":[{"embeddable":true,"href":"http:\/\/dsrmedios.com.ar\/diario\/wp-json\/wp\/v2\/media\/13468"}],"wp:attachment":[{"href":"http:\/\/dsrmedios.com.ar\/diario\/wp-json\/wp\/v2\/media?parent=44710"}],"wp:term":[{"taxonomy":"category","embeddable":true,"href":"http:\/\/dsrmedios.com.ar\/diario\/wp-json\/wp\/v2\/categories?post=44710"},{"taxonomy":"post_tag","embeddable":true,"href":"http:\/\/dsrmedios.com.ar\/diario\/wp-json\/wp\/v2\/tags?post=44710"}],"curies":[{"name":"wp","href":"https:\/\/api.w.org\/{rel}","templated":true}]}}