{"id":44704,"date":"2024-07-11T21:59:03","date_gmt":"2024-07-12T00:59:03","guid":{"rendered":"http:\/\/dsrmedios.com.ar\/diario\/?p=44704"},"modified":"2024-07-11T21:59:05","modified_gmt":"2024-07-12T00:59:05","slug":"camuzzi-explico-porque-se-atrasaron-los-envios-de-facturas","status":"publish","type":"post","link":"http:\/\/dsrmedios.com.ar\/diario\/archivos\/44704","title":{"rendered":"Camuzzi explic\u00f3 porque se atrasaron los env\u00edos de facturas"},"content":{"rendered":"\n<p>Camuzzi Gas Pampeana inform\u00f3 sobre el atraso en el env\u00edo de las facturas correspondientes al mes de junio, que afect\u00f3 a un grupo de usuarios. La empresa indic\u00f3 que la situaci\u00f3n ya comenz\u00f3 a normalizarse.<\/p>\n\n\n\n<p>Seg\u00fan la prestadora del servicio, la demora se debi\u00f3 a &#8220;adaptaciones que se tuvieron que hacer en los sistemas de facturaci\u00f3n&#8221;. Sin embargo, afirmaron que el problema ya fue solucionado y que las facturas comenzaron a entregarse con normalidad.<\/p>\n\n\n\n<p>La empresa proveedora de gas en la regi\u00f3n reconoci\u00f3 que hubo atrasos en algunas rutas de facturaci\u00f3n debido a &#8220;adaptaciones en los sistemas de facturaci\u00f3n por normativas del Energas&#8221;.<\/p>\n\n\n\n<p>Camuzzi aclar\u00f3 que el retraso no afect\u00f3 a todos los usuarios, sino solo a ciertos grupos, y destac\u00f3 que el inconveniente ya est\u00e1 normalizado. En los \u00faltimos d\u00edas, las facturas comenzaron a llegar a los domicilios de los usuarios.<\/p>\n\n\n\n<p>Adem\u00e1s, debido a la demora en los env\u00edos, la prestadora modific\u00f3 las fechas de pago. &#8220;Para aquellos afectados, se corrieron las fechas de vencimiento&#8221;, indicaron.<\/p>\n","protected":false},"excerpt":{"rendered":"<div class=\"mh-excerpt\"><p>Camuzzi Gas Pampeana inform\u00f3 sobre el atraso en el env\u00edo de las facturas correspondientes al mes de junio, que afect\u00f3 a un grupo de usuarios. La empresa indic\u00f3 que la situaci\u00f3n ya comenz\u00f3 a normalizarse. Seg\u00fan la prestadora del servicio, la demora se debi\u00f3 a &#8220;adaptaciones que se tuvieron que hacer en los sistemas de facturaci\u00f3n&#8221;. Sin embargo, afirmaron que el problema ya fue solucionado y que las facturas comenzaron a entregarse con normalidad. La empresa proveedora de gas en la regi\u00f3n reconoci\u00f3 que hubo atrasos en algunas rutas de facturaci\u00f3n debido a &#8220;adaptaciones en los sistemas de facturaci\u00f3n por <a class=\"mh-excerpt-more\" href=\"http:\/\/dsrmedios.com.ar\/diario\/archivos\/44704\" title=\"Camuzzi explic\u00f3 porque se atrasaron los env\u00edos de facturas\">[Leer m\u00e1s]<\/a><\/p>\n<\/div>","protected":false},"author":5,"featured_media":23400,"comment_status":"open","ping_status":"closed","sticky":false,"template":"","format":"standard","meta":{"_jetpack_newsletter_access":""},"categories":[18,6],"tags":[],"jetpack_featured_media_url":"http:\/\/dsrmedios.com.ar\/diario\/wp-content\/uploads\/2021\/04\/GAS-NATURAL.jpg","jetpack_sharing_enabled":true,"jetpack_shortlink":"https:\/\/wp.me\/p9fihK-bD2","_links":{"self":[{"href":"http:\/\/dsrmedios.com.ar\/diario\/wp-json\/wp\/v2\/posts\/44704"}],"collection":[{"href":"http:\/\/dsrmedios.com.ar\/diario\/wp-json\/wp\/v2\/posts"}],"about":[{"href":"http:\/\/dsrmedios.com.ar\/diario\/wp-json\/wp\/v2\/types\/post"}],"author":[{"embeddable":true,"href":"http:\/\/dsrmedios.com.ar\/diario\/wp-json\/wp\/v2\/users\/5"}],"replies":[{"embeddable":true,"href":"http:\/\/dsrmedios.com.ar\/diario\/wp-json\/wp\/v2\/comments?post=44704"}],"version-history":[{"count":1,"href":"http:\/\/dsrmedios.com.ar\/diario\/wp-json\/wp\/v2\/posts\/44704\/revisions"}],"predecessor-version":[{"id":44705,"href":"http:\/\/dsrmedios.com.ar\/diario\/wp-json\/wp\/v2\/posts\/44704\/revisions\/44705"}],"wp:featuredmedia":[{"embeddable":true,"href":"http:\/\/dsrmedios.com.ar\/diario\/wp-json\/wp\/v2\/media\/23400"}],"wp:attachment":[{"href":"http:\/\/dsrmedios.com.ar\/diario\/wp-json\/wp\/v2\/media?parent=44704"}],"wp:term":[{"taxonomy":"category","embeddable":true,"href":"http:\/\/dsrmedios.com.ar\/diario\/wp-json\/wp\/v2\/categories?post=44704"},{"taxonomy":"post_tag","embeddable":true,"href":"http:\/\/dsrmedios.com.ar\/diario\/wp-json\/wp\/v2\/tags?post=44704"}],"curies":[{"name":"wp","href":"https:\/\/api.w.org\/{rel}","templated":true}]}}