{"id":44698,"date":"2024-07-10T08:44:22","date_gmt":"2024-07-10T11:44:22","guid":{"rendered":"http:\/\/dsrmedios.com.ar\/diario\/?p=44698"},"modified":"2024-07-10T08:44:24","modified_gmt":"2024-07-10T11:44:24","slug":"el-gobierno-dispuso-el-cierre-de-registros-del-automotor-en-136-lugares","status":"publish","type":"post","link":"http:\/\/dsrmedios.com.ar\/diario\/archivos\/44698","title":{"rendered":"El gobierno dispuso el cierre de Registros del Automotor en 136 lugares"},"content":{"rendered":"\n<h3><strong>Luego de la decisi\u00f3n del gobierno de Javier Milei de eliminar los Registros Nacionales del Automotor, con la promesa de agilizar y abaratar las transferencias de veh\u00edculos, hoy se oficializ\u00f3 el cierre de 136 de esas dependencias en todo el pa\u00eds, la mitad de ellas en territorio bonaerense.<br><br>La medida fue publicada este mi\u00e9rcoles en el Bolet\u00edn Oficial, a trav\u00e9s de la Resoluci\u00f3n 209\/24 del Ministerio de Justicia, que suprime m\u00e1s de 100 registros seccionales por encontrarse intervenidos, y cuyas competencias y tareas ser\u00e1n asumidas por las oficinas que cuentan con encargados titulares.<br><br>La cartera que conduce el ministro Mariano C\u00faneo Libarona anticip\u00f3 que esto es solo el comienzo, remarcando que la decisi\u00f3n est\u00e1 fundada en avanzar en la \u201creducci\u00f3n de la administraci\u00f3n p\u00fablica nacional. &#8220;La medida adoptada constituye una primera etapa de la reestructuraci\u00f3n del sistema&#8221;, anticiparon.<br><br>D\u00edas atr\u00e1s se dio un primer paso, al cerrar otros cinco registros creados entre 2017 y 2019, a pesar de que no estaban intervenidos: uno de La Plata, dedicado exclusivamente a motoveh\u00edculos; el N\u00b0 5 de Ituzaing\u00f3; el N\u00b0 4 de Florencio Varela; el N\u00b0 4 de Z\u00e1rate y el N\u00b0 3 de San Nicol\u00e1s.<br><br>El decreto explica, adem\u00e1s, cu\u00e1les son los registros suprimedos y qu\u00e9 oficina asumir\u00e1 su competencia, primando \u201cel criterio de cercan\u00eda\u201d.<br><br>Los municipios afectados por el cierre de oficinas son:AlbertiArrecifesAyacuchoBaraderoBenito Ju\u00e1rezCa\u00f1uelasCapit\u00e1n SarmientoCarlos CasaresCarlos TejedorCol\u00f3nCoronel DorregoDoloresExaltaci\u00f3n de la CruzFlorentino AmeghinoGeneral AlvearGeneral ArenalesGeneral PintoGonzales ChavesHendersonLa CostaLas FloresLober\u00edaLos ToldosMagdalenaMaip\u00faMonteNavarroPehuaj\u00f3PellegriniRamalloRauchSaladilloSalliquel\u00f3San Andr\u00e9s de GilesSan CayetanoTapalqu\u00e9TornquistVilla Gesell<\/strong><\/h3>\n\n\n\n<p><\/p>\n","protected":false},"excerpt":{"rendered":"<div class=\"mh-excerpt\"><p>Luego de la decisi\u00f3n del gobierno de Javier Milei de eliminar los Registros Nacionales del Automotor, con la promesa de agilizar y abaratar las transferencias de veh\u00edculos, hoy se oficializ\u00f3 el cierre de 136 de esas dependencias en todo el pa\u00eds, la mitad de ellas en territorio bonaerense. La medida fue publicada este mi\u00e9rcoles en el Bolet\u00edn Oficial, a trav\u00e9s de la Resoluci\u00f3n 209\/24 del Ministerio de Justicia, que suprime m\u00e1s de 100 registros seccionales por encontrarse intervenidos, y cuyas competencias y tareas ser\u00e1n asumidas por las oficinas que cuentan con encargados titulares. La cartera que conduce el ministro Mariano <a class=\"mh-excerpt-more\" href=\"http:\/\/dsrmedios.com.ar\/diario\/archivos\/44698\" title=\"El gobierno dispuso el cierre de Registros del Automotor en 136 lugares\">[Leer m\u00e1s]<\/a><\/p>\n<\/div>","protected":false},"author":5,"featured_media":5573,"comment_status":"open","ping_status":"closed","sticky":false,"template":"","format":"standard","meta":{"_jetpack_newsletter_access":""},"categories":[18,6],"tags":[],"jetpack_featured_media_url":"http:\/\/dsrmedios.com.ar\/diario\/wp-content\/uploads\/2018\/04\/Registro-automotor.jpg","jetpack_sharing_enabled":true,"jetpack_shortlink":"https:\/\/wp.me\/p9fihK-bCW","_links":{"self":[{"href":"http:\/\/dsrmedios.com.ar\/diario\/wp-json\/wp\/v2\/posts\/44698"}],"collection":[{"href":"http:\/\/dsrmedios.com.ar\/diario\/wp-json\/wp\/v2\/posts"}],"about":[{"href":"http:\/\/dsrmedios.com.ar\/diario\/wp-json\/wp\/v2\/types\/post"}],"author":[{"embeddable":true,"href":"http:\/\/dsrmedios.com.ar\/diario\/wp-json\/wp\/v2\/users\/5"}],"replies":[{"embeddable":true,"href":"http:\/\/dsrmedios.com.ar\/diario\/wp-json\/wp\/v2\/comments?post=44698"}],"version-history":[{"count":1,"href":"http:\/\/dsrmedios.com.ar\/diario\/wp-json\/wp\/v2\/posts\/44698\/revisions"}],"predecessor-version":[{"id":44699,"href":"http:\/\/dsrmedios.com.ar\/diario\/wp-json\/wp\/v2\/posts\/44698\/revisions\/44699"}],"wp:featuredmedia":[{"embeddable":true,"href":"http:\/\/dsrmedios.com.ar\/diario\/wp-json\/wp\/v2\/media\/5573"}],"wp:attachment":[{"href":"http:\/\/dsrmedios.com.ar\/diario\/wp-json\/wp\/v2\/media?parent=44698"}],"wp:term":[{"taxonomy":"category","embeddable":true,"href":"http:\/\/dsrmedios.com.ar\/diario\/wp-json\/wp\/v2\/categories?post=44698"},{"taxonomy":"post_tag","embeddable":true,"href":"http:\/\/dsrmedios.com.ar\/diario\/wp-json\/wp\/v2\/tags?post=44698"}],"curies":[{"name":"wp","href":"https:\/\/api.w.org\/{rel}","templated":true}]}}