{"id":44550,"date":"2024-06-17T11:25:49","date_gmt":"2024-06-17T14:25:49","guid":{"rendered":"http:\/\/dsrmedios.com.ar\/diario\/?p=44550"},"modified":"2024-06-17T11:25:52","modified_gmt":"2024-06-17T14:25:52","slug":"el-fmi-insistio-con-la-restitucion-del-impuesto-a-las-ganancias-antes-de-que-la-ley-bases-vuelva-a-diputados","status":"publish","type":"post","link":"http:\/\/dsrmedios.com.ar\/diario\/archivos\/44550","title":{"rendered":"El FMI insisti\u00f3 con la restituci\u00f3n del impuesto a las Ganancias antes de que la Ley Bases vuelva a Diputados"},"content":{"rendered":"\n<p>El\u00a0<a rel=\"noreferrer noopener\" href=\"https:\/\/tn.com.ar\/economia\/2024\/06\/17\/el-fmi-mejoro-las-proyecciones-de-inflacion-para-la-argentina-e-hizo-una-fuerte-advertencia-sobre-el-ajuste\/\" target=\"_blank\"><strong>Fondo Monetario Internacional<\/strong><\/a>\u00a0(FMI) insisti\u00f3 en la necesidad de restituir el\u00a0<a rel=\"noreferrer noopener\" href=\"https:\/\/tn.com.ar\/politica\/2024\/06\/16\/el-oficialismo-insiste-con-reflotar-ganancias-y-bienes-personales-en-diputados-y-cruzo-al-kirchnerismo\/\" target=\"_blank\"><strong>Impuesto a las Ganancias<\/strong><\/a>en la previa de la definici\u00f3n final de la\u00a0<a rel=\"noreferrer noopener\" href=\"https:\/\/tn.com.ar\/politica\/2024\/06\/17\/ley-bases-el-gobierno-busca-que-los-gobernadores-asuman-parte-del-costo-politico-por-restablecer-ganancias\/\" target=\"_blank\"><strong>Ley Bases<\/strong><\/a>\u00a0en la\u00a0<strong>C\u00e1mara de Diputados<\/strong>. As\u00ed qued\u00f3 reflejado en el informe del\u00a0<em>staff report<\/em>\u00a0que difundi\u00f3 este lunes el organismo multilateral de cr\u00e9dito.<\/p>\n\n\n\n<p>\u201cDesde el \u00faltimo examen, las continuas medidas decididas para restaurar la estabilidad macroecon\u00f3mica han puesto el programa firmemente encaminado. El plan de estabilizaci\u00f3n, centrado en un fuerte ancla fiscal sin nuevo financiamiento monetario ha generado super\u00e1vits fiscales y externos, un marcado cambio en reservas, un fortalecimiento del balance del Banco Central y una desinflaci\u00f3n m\u00e1s r\u00e1pida de lo esperado\u201d, indic\u00f3 el Fondo en el documento.<\/p>\n\n\n\n<p>Sin embargo, m\u00e1s adelante en el escrito advirti\u00f3 que persisten \u201calgunos desequilibrios macroecon\u00f3micos\u201d y \u201cbarreras al crecimiento\u201d. \u201cEl camino del ajuste todav\u00eda es dif\u00edcil. Ahora es necesario mejorar las pol\u00edticas para aprovechar el progreso realizado hasta el momento. Deben continuar los esfuerzos para ampliar el apoyo pol\u00edtico y social a las reformas, como as\u00ed como para proteger a los m\u00e1s vulnerables\u201d, continu\u00f3.<\/p>\n\n\n\n<p>En tanto, insisti\u00f3 en que \u201ces necesario dedicar esfuerzos a seguir mejorando la calidad del ajuste\u201d. Y para cumplir con ese objetivo \u201cse deben continuar los esfuerzos por reformar el impuesto sobre la renta personal, racionalizar los subsidios, los gastos tributarios y fortalecer controles de gastos\u201d. \u201cM\u00e1s all\u00e1 de este a\u00f1o, ser\u00e1n fundamentales reformas m\u00e1s profundas de los sistemas tributario, de pensiones y de participaci\u00f3n en los ingresos, incluso para eliminar los impuestos distorsivos\u201d, complet\u00f3 el FMI.<\/p>\n\n\n\n<figure class=\"wp-block-image\"><img decoding=\"async\" src=\"https:\/\/tn.com.ar\/resizer\/v2\/la-subdirectora-del-fmi-gita-gopinath-y-la-directora-ejecutiva-del-organismo-kristalina-georgieva-foto-reutersken-cedeno-VD5WTOOY7NCNZFOG2E3TKIMI6Y.jpg?auth=2a63f2356d244ebe8eb97db921d6ecc84ad4620366bc1fddb1885c2295ab7cad&amp;width=767\" alt=\"La subdirectora del FMI, Gita Gopinath, y la directora ejecutiva del organismo, Kristalina Georgieva. (Foto: REUTERS\/Ken Cedeno).\"\/><figcaption class=\"wp-element-caption\">La subdirectora del FMI, Gita Gopinath, y la directora ejecutiva del organismo, Kristalina Georgieva. (Foto: REUTERS\/Ken Cedeno).<\/figcaption><\/figure>\n\n\n\n<p>Dicho de otro modo, el organismo hizo especial hincapi\u00e9 en la reforma que se debate por estos d\u00edas para que los trabajadores en relaci\u00f3n de dependencia vuelvan a pagar el impuesto a las Ganancias.<\/p>\n\n\n\n<p>Este pedido, en realidad, ya lo hab\u00eda realizado el pasado viernes la n\u00famero dos del organismo,\u00a0<strong>Gita Gopinath<\/strong>, durante la cumbre del G7 que se desarrollo en Italia y tras la aprobaci\u00f3n del directorio ejecutivo del desembolso de casi US$800 millones.<\/p>\n\n\n\n<p>En el documento publicado este lunes, el<a href=\"https:\/\/tn.com.ar\/economia\/2024\/06\/16\/el-gobierno-se-comprometio-ante-el-fmi-a-presentar-un-plan-sobre-su-politica-monetaria-a-fines-de-junio\/\">&nbsp;Fondo Monetario Internacional (FMI)&nbsp;<\/a>mejor\u00f3 las proyecciones de inflaci\u00f3n para la Argentina, pero hizo una dura advertencia tras la octava&nbsp;<a href=\"https:\/\/tn.com.ar\/economia\/2024\/05\/13\/el-gobierno-alcanzo-un-nuevo-acuerdo-con-el-fmi-y-se-encamina-a-conseguir-un-desembolso-de-us800-millones\/\">revisi\u00f3n del acuerdo<\/a>&nbsp;que se llev\u00f3 adelante la \u00faltima semana.&nbsp;<strong>\u201cA\u00fan queda un largo y dif\u00edcil proceso de ajuste\u201d<\/strong>, expres\u00f3.<\/p>\n\n\n\n<p>Asimismo, asegur\u00f3 que la\u00a0<strong>inflaci\u00f3n\u00a0<\/strong>bajar\u00e1 a un ritmo m\u00e1s r\u00e1pido de lo esperado y estim\u00f3 que el 2024 finalizar\u00e1 con un<strong>\u00a0140% anual.\u00a0<\/strong>Sin embargo, indic\u00f3 que el Producto Bruto Interno (PBI) caer\u00e1 un 3,5%.<\/p>\n\n\n\n<p>Fuente: TN<\/p>\n","protected":false},"excerpt":{"rendered":"<div class=\"mh-excerpt\"><p>El\u00a0Fondo Monetario Internacional\u00a0(FMI) insisti\u00f3 en la necesidad de restituir el\u00a0Impuesto a las Gananciasen la previa de la definici\u00f3n final de la\u00a0Ley Bases\u00a0en la\u00a0C\u00e1mara de Diputados. As\u00ed qued\u00f3 reflejado en el informe del\u00a0staff report\u00a0que difundi\u00f3 este lunes el organismo multilateral de cr\u00e9dito. \u201cDesde el \u00faltimo examen, las continuas medidas decididas para restaurar la estabilidad macroecon\u00f3mica han puesto el programa firmemente encaminado. El plan de estabilizaci\u00f3n, centrado en un fuerte ancla fiscal sin nuevo financiamiento monetario ha generado super\u00e1vits fiscales y externos, un marcado cambio en reservas, un fortalecimiento del balance del Banco Central y una desinflaci\u00f3n m\u00e1s r\u00e1pida de lo esperado\u201d, <a class=\"mh-excerpt-more\" href=\"http:\/\/dsrmedios.com.ar\/diario\/archivos\/44550\" title=\"El FMI insisti\u00f3 con la restituci\u00f3n del impuesto a las Ganancias antes de que la Ley Bases vuelva a Diputados\">[Leer m\u00e1s]<\/a><\/p>\n<\/div>","protected":false},"author":8,"featured_media":44551,"comment_status":"open","ping_status":"closed","sticky":false,"template":"","format":"standard","meta":{"_jetpack_newsletter_access":""},"categories":[6],"tags":[],"jetpack_featured_media_url":"http:\/\/dsrmedios.com.ar\/diario\/wp-content\/uploads\/2024\/06\/DUONSYEUXBFERBLVQP6N2KXFY4.jpg","jetpack_sharing_enabled":true,"jetpack_shortlink":"https:\/\/wp.me\/p9fihK-bAy","_links":{"self":[{"href":"http:\/\/dsrmedios.com.ar\/diario\/wp-json\/wp\/v2\/posts\/44550"}],"collection":[{"href":"http:\/\/dsrmedios.com.ar\/diario\/wp-json\/wp\/v2\/posts"}],"about":[{"href":"http:\/\/dsrmedios.com.ar\/diario\/wp-json\/wp\/v2\/types\/post"}],"author":[{"embeddable":true,"href":"http:\/\/dsrmedios.com.ar\/diario\/wp-json\/wp\/v2\/users\/8"}],"replies":[{"embeddable":true,"href":"http:\/\/dsrmedios.com.ar\/diario\/wp-json\/wp\/v2\/comments?post=44550"}],"version-history":[{"count":1,"href":"http:\/\/dsrmedios.com.ar\/diario\/wp-json\/wp\/v2\/posts\/44550\/revisions"}],"predecessor-version":[{"id":44552,"href":"http:\/\/dsrmedios.com.ar\/diario\/wp-json\/wp\/v2\/posts\/44550\/revisions\/44552"}],"wp:featuredmedia":[{"embeddable":true,"href":"http:\/\/dsrmedios.com.ar\/diario\/wp-json\/wp\/v2\/media\/44551"}],"wp:attachment":[{"href":"http:\/\/dsrmedios.com.ar\/diario\/wp-json\/wp\/v2\/media?parent=44550"}],"wp:term":[{"taxonomy":"category","embeddable":true,"href":"http:\/\/dsrmedios.com.ar\/diario\/wp-json\/wp\/v2\/categories?post=44550"},{"taxonomy":"post_tag","embeddable":true,"href":"http:\/\/dsrmedios.com.ar\/diario\/wp-json\/wp\/v2\/tags?post=44550"}],"curies":[{"name":"wp","href":"https:\/\/api.w.org\/{rel}","templated":true}]}}