{"id":44512,"date":"2024-06-10T04:47:05","date_gmt":"2024-06-10T07:47:05","guid":{"rendered":"http:\/\/dsrmedios.com.ar\/diario\/?p=44512"},"modified":"2024-06-10T04:47:08","modified_gmt":"2024-06-10T07:47:08","slug":"el-banco-mas-grande-de-eeuu-elogio-a-milei-pero-le-pidio-levantar-el-cepo-y-el-apoyo-del-congreso-al-ajuste-fiscal","status":"publish","type":"post","link":"http:\/\/dsrmedios.com.ar\/diario\/archivos\/44512","title":{"rendered":"El banco m\u00e1s grande de EEUU elogi\u00f3 a Milei, pero le pidi\u00f3 levantar el cepo y el apoyo del Congreso al ajuste fiscal"},"content":{"rendered":"\n<p>El banco JP Morgan elogi\u00f3 el rumbo elegido por el Gobierno en materia econ\u00f3mica, pero aclar\u00f3 que la recuperaci\u00f3n del pa\u00eds de mediano plazo depende de la sustentabilidad del ajuste fiscal a trav\u00e9s del paquete fiscal y del levantamiento del cepo.<a rel=\"noreferrer noopener\" href=\"https:\/\/www.infobae.com\/economia\/2024\/06\/10\/impuesto-pais-cuales-son-los-cambios-que-prometio-caputo-en-caso-de-que-se-apruebe-la-ley-bases\/\" target=\"_blank\"><\/a><\/p>\n\n\n\n<p>En un informe de an\u00e1lisis, el banco m\u00e1s grande de Estados Unidos indic\u00f3 que \u201cel Gobierno est\u00e1 aplicando cambios positivos, pero la ejecuci\u00f3n es el riesgo\u201d.<\/p>\n\n\n\n<p>En el corto plazo, indicaron \u201cla aprobaci\u00f3n de la Ley de Bases y el Paquete Fiscal es muy importante para la confianza del mercado en el gobierno Milei, ya que permitir\u00eda un ajuste fiscal sostenible respaldado por el apoyo popular\u201d.<a rel=\"noreferrer noopener\" href=\"https:\/\/www.infobae.com\/politica\/2024\/06\/10\/el-gobierno-pidio-que-se-apruebe-la-ley-bases-y-aseguro-argentina-esta-en-camino-de-convertirse-en-una-potencia-economica\/\" target=\"_blank\"><\/a><\/p>\n\n\n\n<p>\u201cA mediano plazo, el acontecimiento m\u00e1s importante para recuperar la confianza del mercado es la supresi\u00f3n de los controles de capital, la liberalizaci\u00f3n de las divisas y la liberalizaci\u00f3n del r\u00e9gimen cambiario\u201d, expres\u00f3 en el informe LatAm Equity Strategy.<\/p>\n\n\n\n<blockquote class=\"wp-block-quote\">\n<p>A mediano plazo, el acontecimiento m\u00e1s importante para recuperar la confianza del mercado es la supresi\u00f3n de los controles de capital, la liberalizaci\u00f3n de las divisas y la liberalizaci\u00f3n del r\u00e9gimen cambiario<\/p>\n<\/blockquote>\n\n\n\n<p>\u201cSi bien las autoridades argentinas han sido muy expl\u00edcitas sobre este objetivo, a\u00fan no est\u00e1 claro cu\u00e1ndo se cumplir\u00e1n las condiciones necesarias para ello\u201d, afirmaron los expertos del banco.<\/p>\n\n\n\n<p><a href=\"https:\/\/www.infobae.com\/economia\/2024\/06\/10\/cuanto-vale-tu-auto-usado-los-precios-de-junio-y-los-10-modelos-mas-vendidos\/\" target=\"_blank\" rel=\"noreferrer noopener\"><\/a><\/p>\n\n\n\n<h2>El camino deseado<\/h2>\n\n\n\n<p>Si se levantaran estas restricciones, ser\u00eda \u201ctambi\u00e9n el primer paso para que MSCI revise potencialmente Argentina en la clasificaci\u00f3n de pa\u00edses y su posible retorno a la categor\u00eda de Mercado emergente\u201d.<\/p>\n\n\n\n<p>El Morgan record\u00f3 que \u201cel pa\u00eds fue retirado del MSCI LatAm el 30 de noviembre de 2021. No tenemos exposici\u00f3n, pero nuestro sector preferido en el pa\u00eds sigue siendo el de petr\u00f3leo y gas; debido a la situaci\u00f3n de riesgo, nuestros analistas elevaron tanto a YPF como a Pampa a Neutral.<\/p>\n\n\n\n<p>\u201cDentro de los valores fuera de \u00edndice, estamos Overweight en Mercado Libre, Arcos Dorados y Globant\u201d, detallaron.<\/p>\n\n\n\n<p>\u201cEn cualquier caso, tal escenario podr\u00eda tardar uno o dos a\u00f1os en materializarse, seg\u00fan la experiencia bajo el gobierno de Macri\u201d, advirtieron.<\/p>\n\n\n\n<p>Por otro lado, \u201cseguimos viendo un entorno operativo desafiante para las empresas en Argentina, especialmente debido a las devaluaciones cambiarias, el menor consumo y el menor est\u00edmulo fiscal\u201d.<\/p>\n\n\n\n<p>Pese a todo, hasta los malos resultados de la semana pasada, \u201cArgentina destac\u00f3 como el pa\u00eds latinoamericano con mejor comportamiento en 2024; el mercado ha reaccionado positivamente al gobierno de Milei y a la agenda que est\u00e1 est\u00e1 implementando\u201d.<\/p>\n\n\n\n<p>\u201cTras el intento fallido de la primera Ley \u00d3mnibus, el gobierno est\u00e1 haciendo m\u00e1s esfuerzos para dialogar y avanzar en este segundo intento, Ser\u00e1 clave vigilar las futuras negociaciones, ya que m\u00e1s all\u00e1 de los detalles de la reforma, el mercado est\u00e1 centrado en la capacidad del gobierno para aprobar reformas en el Congreso\u201d, afirm\u00f3.<\/p>\n\n\n\n<p><img decoding=\"async\" loading=\"lazy\" alt=\"El Morgan pidi\u00f3 la apertura del cepo\nEFE\/EPA\/JUSTIN LANE\n\" height=\"3091\" width=\"4696\" class=\"\" src=\"https:\/\/www.infobae.com\/new-resizer\/-p7jZMV4r04SSoNkRZrN3XRF4rA=\/420x280\/filters:format(webp):quality(85)\/cloudfront-us-east-1.images.arcpublishing.com\/infobae\/TZKBN3SLMRE7VF5E67CRPPNLHE.jpg%20420w\" srcset=\"https:\/\/www.infobae.com\/new-resizer\/-p7jZMV4r04SSoNkRZrN3XRF4rA=\/420x280\/filters:format(webp):quality(85)\/cloudfront-us-east-1.images.arcpublishing.com\/infobae\/TZKBN3SLMRE7VF5E67CRPPNLHE.jpg 420w,https:\/\/www.infobae.com\/new-resizer\/lTJe1jZQL2sNkRtcw2SG3dvACYE=\/768x512\/filters:format(webp):quality(85)\/cloudfront-us-east-1.images.arcpublishing.com\/infobae\/TZKBN3SLMRE7VF5E67CRPPNLHE.jpg 768w,https:\/\/www.infobae.com\/new-resizer\/SF_Qt0VsDUxYb27MfBdtU5Kq7K4=\/992x661\/filters:format(webp):quality(85)\/cloudfront-us-east-1.images.arcpublishing.com\/infobae\/TZKBN3SLMRE7VF5E67CRPPNLHE.jpg 992w,https:\/\/www.infobae.com\/new-resizer\/cC0vbHf8c5kF0ajIORc88TYQH_0=\/1200x800\/filters:format(webp):quality(85)\/cloudfront-us-east-1.images.arcpublishing.com\/infobae\/TZKBN3SLMRE7VF5E67CRPPNLHE.jpg 1200w,https:\/\/www.infobae.com\/new-resizer\/uR6ltMMEczAiFiFHx1c0enX2jBo=\/1440x960\/filters:format(webp):quality(85)\/cloudfront-us-east-1.images.arcpublishing.com\/infobae\/TZKBN3SLMRE7VF5E67CRPPNLHE.jpg 1440w\">El Morgan pidi\u00f3 la apertura del cepo EFE\/EPA\/JUSTIN LANE<\/p>\n\n\n\n<p>\u201cLa aprobaci\u00f3n de la Ley de Bases y el Paquete Fiscal demostrar\u00eda Milei apoyo y capacidad para implementar su agenda, al tiempo que se abordan los desequilibrios macroecon\u00f3micos\u201d, indicaron.<\/p>\n\n\n\n<p>\u201cEn el frente econ\u00f3mico, en abril se logr\u00f3 una inflaci\u00f3n de un d\u00edgito (8,8% m\/m), un \u00e9xito en comparaci\u00f3n con el promedio del 15% de los tres meses anteriores\u201d, destacaron los expertos como Diego Celedon; en mayo volvi\u00f3 a bajar, al ubicarse, seg\u00fan el Gobierno, por debajo del 5%.<\/p>\n\n\n\n<blockquote class=\"wp-block-quote\">\n<p>El Morgan elogi\u00f3 la fuerte baja de la inflaci\u00f3n y la reducci\u00f3n del d\u00e9ficit fiscal<\/p>\n<\/blockquote>\n\n\n\n<p>Adem\u00e1s, \u201cel Gobierno ha logrado mantener el super\u00e1vit primario durante cuatro meses consecutivos\u201d, que se habr\u00eda mantenido en mayo. \u201cLa consolidaci\u00f3n fiscal sigue por buen camino, con un super\u00e1vit primario interanual del 0,7% del PIB, frente al d\u00e9ficit del -0,9% del PIB registrado en el primer cuatrimestre de 2023.<\/p>\n\n\n\n<p>Del lado negativo, indicaron, \u201cla actividad econ\u00f3mica se contrae cada mes desde septiembre del a\u00f1o pasado debido a estos ajustes. El Gobierno est\u00e1 aplicando cambios positivos, pero el riesgo de ejecuci\u00f3n es el factor clave a vigilar\u201d.<\/p>\n\n\n\n<p>Adem\u00e1s, concluyeron, \u201cseguimos viendo un entorno operativo desafiante para las empresas en Argentina, especialmente debido a las devaluaciones del tipo de cambio, el menor consumo y el menor est\u00edmulo fiscal\u201d.<\/p>\n\n\n\n<p>Fuente: Infobae<\/p>\n","protected":false},"excerpt":{"rendered":"<div class=\"mh-excerpt\"><p>El banco JP Morgan elogi\u00f3 el rumbo elegido por el Gobierno en materia econ\u00f3mica, pero aclar\u00f3 que la recuperaci\u00f3n del pa\u00eds de mediano plazo depende de la sustentabilidad del ajuste fiscal a trav\u00e9s del paquete fiscal y del levantamiento del cepo. En un informe de an\u00e1lisis, el banco m\u00e1s grande de Estados Unidos indic\u00f3 que \u201cel Gobierno est\u00e1 aplicando cambios positivos, pero la ejecuci\u00f3n es el riesgo\u201d. En el corto plazo, indicaron \u201cla aprobaci\u00f3n de la Ley de Bases y el Paquete Fiscal es muy importante para la confianza del mercado en el gobierno Milei, ya que permitir\u00eda un ajuste <a class=\"mh-excerpt-more\" href=\"http:\/\/dsrmedios.com.ar\/diario\/archivos\/44512\" title=\"El banco m\u00e1s grande de EEUU elogi\u00f3 a Milei, pero le pidi\u00f3 levantar el cepo y el apoyo del Congreso al ajuste fiscal\">[Leer m\u00e1s]<\/a><\/p>\n<\/div>","protected":false},"author":8,"featured_media":44513,"comment_status":"open","ping_status":"closed","sticky":false,"template":"","format":"standard","meta":{"_jetpack_newsletter_access":""},"categories":[6],"tags":[],"jetpack_featured_media_url":"http:\/\/dsrmedios.com.ar\/diario\/wp-content\/uploads\/2024\/06\/images-10-2.jpeg","jetpack_sharing_enabled":true,"jetpack_shortlink":"https:\/\/wp.me\/p9fihK-bzW","_links":{"self":[{"href":"http:\/\/dsrmedios.com.ar\/diario\/wp-json\/wp\/v2\/posts\/44512"}],"collection":[{"href":"http:\/\/dsrmedios.com.ar\/diario\/wp-json\/wp\/v2\/posts"}],"about":[{"href":"http:\/\/dsrmedios.com.ar\/diario\/wp-json\/wp\/v2\/types\/post"}],"author":[{"embeddable":true,"href":"http:\/\/dsrmedios.com.ar\/diario\/wp-json\/wp\/v2\/users\/8"}],"replies":[{"embeddable":true,"href":"http:\/\/dsrmedios.com.ar\/diario\/wp-json\/wp\/v2\/comments?post=44512"}],"version-history":[{"count":1,"href":"http:\/\/dsrmedios.com.ar\/diario\/wp-json\/wp\/v2\/posts\/44512\/revisions"}],"predecessor-version":[{"id":44514,"href":"http:\/\/dsrmedios.com.ar\/diario\/wp-json\/wp\/v2\/posts\/44512\/revisions\/44514"}],"wp:featuredmedia":[{"embeddable":true,"href":"http:\/\/dsrmedios.com.ar\/diario\/wp-json\/wp\/v2\/media\/44513"}],"wp:attachment":[{"href":"http:\/\/dsrmedios.com.ar\/diario\/wp-json\/wp\/v2\/media?parent=44512"}],"wp:term":[{"taxonomy":"category","embeddable":true,"href":"http:\/\/dsrmedios.com.ar\/diario\/wp-json\/wp\/v2\/categories?post=44512"},{"taxonomy":"post_tag","embeddable":true,"href":"http:\/\/dsrmedios.com.ar\/diario\/wp-json\/wp\/v2\/tags?post=44512"}],"curies":[{"name":"wp","href":"https:\/\/api.w.org\/{rel}","templated":true}]}}