{"id":44504,"date":"2024-06-10T04:43:45","date_gmt":"2024-06-10T07:43:45","guid":{"rendered":"http:\/\/dsrmedios.com.ar\/diario\/?p=44504"},"modified":"2024-06-10T04:43:48","modified_gmt":"2024-06-10T07:43:48","slug":"el-senado-ya-tiene-el-proyecto-de-movilidad-jubilatoria-y-se-preve-una-holgada-mayoria-para-su-aprobacion","status":"publish","type":"post","link":"http:\/\/dsrmedios.com.ar\/diario\/archivos\/44504","title":{"rendered":"El Senado ya tiene el proyecto de movilidad jubilatoria y se prev\u00e9 una holgada mayor\u00eda para su aprobaci\u00f3n"},"content":{"rendered":"\n<p>La presidencia de la<strong>\u00a0C\u00e1mara de Diputados gir\u00f3 al Senado\u00a0<\/strong>de la Naci\u00f3n el\u00a0<strong>proyecto de ley de movilidad jubilatoria\u00a0<\/strong>que ya cuenta con media sanci\u00f3n. Y el oficialismo se prepara para que, luego del tratamiento de la Ley Bases, comience el debate.<a rel=\"noreferrer noopener\" href=\"https:\/\/www.infobae.com\/politica\/2024\/06\/10\/el-gobierno-pidio-que-se-apruebe-la-ley-bases-y-aseguro-argentina-esta-en-camino-de-convertirse-en-una-potencia-economica\/\" target=\"_blank\"><\/a><\/p>\n\n\n\n<p>El resultado de la votaci\u00f3n en la C\u00e1mara Baja adelanta que&nbsp;<strong>La Libertad Avanza no tendr\u00e1 chances de frenarlo&nbsp;<\/strong>y, si el presidente&nbsp;<strong>Javier Milei&nbsp;<\/strong>cumple su palabra y<strong>&nbsp;lo veta,<\/strong>&nbsp;la sesi\u00f3n en la que sea aprobado ser\u00e1 el preludio de un fuerte&nbsp;<strong>enfrentamiento entre el Poder Ejecutivo y el Poder Legislativo.<\/strong><\/p>\n\n\n\n<p>El Ejecutivo tiene a favor los&nbsp;<strong>plazos<\/strong>. Primero, esta semana hay sesi\u00f3n as\u00ed que es poco probable que la presidenta del cuerpo, Victoria Villarruel, gire el proyecto a las comisiones que lo tienen que analizar. La pr\u00f3xima semana hay tres feriados &#8211; lunes, jueves y viernes- lo que hace poco probable el llamado a comisiones por lo que todo estar\u00eda dispuesto para la<strong>&nbsp;\u00faltima semana de junio.<\/strong><\/p>\n\n\n\n<p><a href=\"https:\/\/www.infobae.com\/politica\/2024\/06\/10\/como-se-gesto-la-reunion-entre-el-papa-francisco-y-kicillof-un-nombre-clave-y-el-objetivo-de-confrontar-con-milei\/\" target=\"_blank\" rel=\"noreferrer noopener\"><\/a><\/p>\n\n\n\n<p>Si la intenci\u00f3n del oficialismo es dilatar, puede hacer reuniones informativas, convocar a expertos y as\u00ed estirar los plazos. Las&nbsp;<strong>comisiones<\/strong>&nbsp;en principio en donde se deber\u00e1 debatir el proyectos ser\u00edan las de&nbsp;<strong>Presupuesto y Hacienda<\/strong>, que preside el senador juje\u00f1o&nbsp;de La Libertad Avanza&nbsp;<strong>Ezequiel Atauche,&nbsp;<\/strong>y la de&nbsp;<strong>Trabajo y Previsi\u00f3n Social,<\/strong>&nbsp;que encabeza la senadora del Pro&nbsp;<strong>Carmen Alvarez Rivero&nbsp;<\/strong>(C\u00f3rdoba).<\/p>\n\n\n\n<p>Pero una vez que pase por esa instancia ir\u00e1 al recinto y las cuentas muestran que recibir\u00eda un holgado apoyo teniendo en cuenta como se vot\u00f3 en Diputados. El bloque de\u00a0<strong>Uni\u00f3n por la Patria aportar\u00e1 33 votos a<\/strong>\u00a0favor, el del\u00a0<strong>UCR<\/strong>\u00a0-autor del proyecto- aportar\u00e1\u00a0<strong>otros 13.<\/strong>\u00a0S\u00f3lo con estos dos bloques se asegura la sanci\u00f3n con 46 votos -necesita 37 para tener la mitad m\u00e1s uno-.<a rel=\"noreferrer noopener\" href=\"https:\/\/www.infobae.com\/politica\/2024\/06\/10\/guillermo-francos-se-pone-al-frente-de-la-negociacion-final-por-la-ley-bases-mientras-milei-viaja-a-italia-por-el-g7\/\" target=\"_blank\"><\/a><\/p>\n\n\n\n<p>Pero puede avanzar a&nbsp;<strong>obtener los dos tercios<\/strong>&nbsp;ya que, siguiente el razonamiento de lo que sucedi\u00f3 en la C\u00e1mara Baja, los misioneros del Frente para la Concordia &#8211;&nbsp;<strong>Carlos Arce&nbsp;<\/strong>y&nbsp;<strong>Sonia Rojas Decut-, l<\/strong>os del bloque Por Santa Cruz&nbsp;<strong>-Jos\u00e9 Mar\u00eda Carambia&nbsp;<\/strong>y&nbsp;<strong>Natalia Gadano-&nbsp;<\/strong>y la senadora<strong>&nbsp;M\u00f3nica Silva&nbsp;<\/strong>que responde al gobernador de R\u00edo Negro<strong>, Alberto Weretilnek,&nbsp;<\/strong>tambi\u00e9n, lo que le dar\u00eda un total de 51 votos a favor. M\u00e1s los tres senadores de Unidad Federal &#8211;<strong>Carlos Esp\u00ednola, Edgardo Kueider&nbsp;<\/strong>y&nbsp;<strong>Alejandra Vigo<\/strong>&#8211; suma 54 pasando ampliamente los dos tercios de la C\u00e1mara.<\/p>\n\n\n\n<p>La&nbsp;<strong>oposici\u00f3n a la norma<\/strong>&nbsp;quedar\u00e1 en los&nbsp;<strong>7 senadores de La Libertad Avanza<\/strong>&nbsp;y hay&nbsp;<strong>dudas<\/strong>&nbsp;respecto de si los&nbsp;<strong>6 senadores del PRO&nbsp;<\/strong>acompa\u00f1ar\u00edan. En Diputados, y con la idea de no votar en contral, algunos se ausentaron al momento de la votaci\u00f3n.<\/p>\n\n\n\n<p>Pero el resultado lo que est\u00e1 previendo es un<strong>&nbsp;enfrentamiento entre el Poder Legislativo y el Ejecutivo<\/strong>. El Presidente de la Naci\u00f3n ya dijo que iba a vetar la ley e hizo referencia a los diputados que la votaron llam\u00e1ndolos&nbsp;<strong>\u201cdegenerados fiscales\u201d.<\/strong>&nbsp;Asimismo, se lanz\u00f3 la maquinaria del oficialismo a se\u00f1alar que la norma atenta contra el programa econ\u00f3mico que lleva adelante el Ejecutivo porque tiene un costo fiscalde 0,45% del PBI.<\/p>\n\n\n\n<p>Por su parte, los&nbsp;<strong>radicales<\/strong>&nbsp;criticaron ese posicionamiento &#8211; incluso alguno critic\u00f3 al ex presidente Mauricio Macri que se mostr\u00f3 en l\u00ednea con Milei- y&nbsp;<strong>amenazan con avanzar<\/strong>&nbsp;nuevamente con la norma si el Ejecutivo la veta&nbsp;<strong>apoy\u00e1ndose en los dos tercios de ambas c\u00e1maras<\/strong>&nbsp;y, en su defecto, profundizar el enfrentamiento.<\/p>\n\n\n\n<p>\u201cPodemos avanzar con\u00a0<strong>vetar el DNU que estableci\u00f3 esta f\u00f3rmula<\/strong>\u00a0o llamar a una\u00a0<strong>consulta popular,<\/strong>\u00a0algo que de suceder el Presidente no puede vetar\u201d, dijo uno de los operadores del bloque en la C\u00e1mara de Diputados frente a la amenaza de Milei.<\/p>\n\n\n\n<p>Fuente: Infobae<\/p>\n","protected":false},"excerpt":{"rendered":"<div class=\"mh-excerpt\"><p>La presidencia de la\u00a0C\u00e1mara de Diputados gir\u00f3 al Senado\u00a0de la Naci\u00f3n el\u00a0proyecto de ley de movilidad jubilatoria\u00a0que ya cuenta con media sanci\u00f3n. Y el oficialismo se prepara para que, luego del tratamiento de la Ley Bases, comience el debate. El resultado de la votaci\u00f3n en la C\u00e1mara Baja adelanta que&nbsp;La Libertad Avanza no tendr\u00e1 chances de frenarlo&nbsp;y, si el presidente&nbsp;Javier Milei&nbsp;cumple su palabra y&nbsp;lo veta,&nbsp;la sesi\u00f3n en la que sea aprobado ser\u00e1 el preludio de un fuerte&nbsp;enfrentamiento entre el Poder Ejecutivo y el Poder Legislativo. El Ejecutivo tiene a favor los&nbsp;plazos. Primero, esta semana hay sesi\u00f3n as\u00ed que es poco <a class=\"mh-excerpt-more\" href=\"http:\/\/dsrmedios.com.ar\/diario\/archivos\/44504\" title=\"El Senado ya tiene el proyecto de movilidad jubilatoria y se prev\u00e9 una holgada mayor\u00eda para su aprobaci\u00f3n\">[Leer m\u00e1s]<\/a><\/p>\n<\/div>","protected":false},"author":8,"featured_media":44505,"comment_status":"open","ping_status":"closed","sticky":false,"template":"","format":"standard","meta":{"_jetpack_newsletter_access":""},"categories":[6],"tags":[],"jetpack_featured_media_url":"http:\/\/dsrmedios.com.ar\/diario\/wp-content\/uploads\/2024\/06\/movilidad-jubilatoria-696x415-1.webp","jetpack_sharing_enabled":true,"jetpack_shortlink":"https:\/\/wp.me\/p9fihK-bzO","_links":{"self":[{"href":"http:\/\/dsrmedios.com.ar\/diario\/wp-json\/wp\/v2\/posts\/44504"}],"collection":[{"href":"http:\/\/dsrmedios.com.ar\/diario\/wp-json\/wp\/v2\/posts"}],"about":[{"href":"http:\/\/dsrmedios.com.ar\/diario\/wp-json\/wp\/v2\/types\/post"}],"author":[{"embeddable":true,"href":"http:\/\/dsrmedios.com.ar\/diario\/wp-json\/wp\/v2\/users\/8"}],"replies":[{"embeddable":true,"href":"http:\/\/dsrmedios.com.ar\/diario\/wp-json\/wp\/v2\/comments?post=44504"}],"version-history":[{"count":1,"href":"http:\/\/dsrmedios.com.ar\/diario\/wp-json\/wp\/v2\/posts\/44504\/revisions"}],"predecessor-version":[{"id":44506,"href":"http:\/\/dsrmedios.com.ar\/diario\/wp-json\/wp\/v2\/posts\/44504\/revisions\/44506"}],"wp:featuredmedia":[{"embeddable":true,"href":"http:\/\/dsrmedios.com.ar\/diario\/wp-json\/wp\/v2\/media\/44505"}],"wp:attachment":[{"href":"http:\/\/dsrmedios.com.ar\/diario\/wp-json\/wp\/v2\/media?parent=44504"}],"wp:term":[{"taxonomy":"category","embeddable":true,"href":"http:\/\/dsrmedios.com.ar\/diario\/wp-json\/wp\/v2\/categories?post=44504"},{"taxonomy":"post_tag","embeddable":true,"href":"http:\/\/dsrmedios.com.ar\/diario\/wp-json\/wp\/v2\/tags?post=44504"}],"curies":[{"name":"wp","href":"https:\/\/api.w.org\/{rel}","templated":true}]}}