{"id":44166,"date":"2024-05-20T10:21:18","date_gmt":"2024-05-20T13:21:18","guid":{"rendered":"http:\/\/dsrmedios.com.ar\/diario\/?p=44166"},"modified":"2024-05-21T07:16:34","modified_gmt":"2024-05-21T10:16:34","slug":"carhue-celebro-la-maraton-osvaldo-herrera-que-tuvo-a-158-participantes","status":"publish","type":"post","link":"http:\/\/dsrmedios.com.ar\/diario\/archivos\/44166","title":{"rendered":"Carhu\u00e9 celebr\u00f3 la Marat\u00f3n Osvaldo Herrera, que tuvo a 158 participantes"},"content":{"rendered":"\n<p>Como ocurre todos los a\u00f1os, Carhu\u00e9 vibr\u00f3 con la convocante marat\u00f3n \u201cOsvaldo Herrera\u201d. A las 11 de este domingo, los 158 participantes locales, de la regi\u00f3n y La Pampa, recorrieron las habituales distancias de 5 y 10 kil\u00f3metros, correspondientes tambi\u00e9n la 2\u00aa fecha de la Marat\u00f3n 6 Ciudades<\/p>\n\n\n\n<p>La competencia qued\u00f3 en manos del carhuense Cristian Cabrera, ganando la General caballeros 5K con un tiempo de 14 minutos, 51 segundos. Asimismo los 5K femenino lo gan\u00f3 otra representante local, Maira Amigo con un registro de 21 minutos, 13 segundos.&nbsp;<\/p>\n\n\n\n<p>En la distancia 10k, se impusieron los corredores de Trenque Lauquen, David Sayago con un tiempo de 34 minutos, 1 segundo y Angelina Reyes con 37 minutos, 39 segundos.<\/p>\n\n\n\n<p>La largada fue desde el Palacio Municipal bajo la fiscalizaci\u00f3n de Marath\u00f3n Eventos. Adem\u00e1s de las dos distancias a correr tambi\u00e9n hubo una caminata recreativa y carrera kids para los peque\u00f1os corredores de 4 a 11 a\u00f1os.<\/p>\n\n\n\n<p><strong>Todos los resultados<\/strong><\/p>\n\n\n\n<p>A continuaci\u00f3n toda la clasificaci\u00f3n completa, general y por categor\u00edas&nbsp;<a href=\"https:\/\/www.adolfoalsina.gov.ar\/wp-content\/uploads\/RESULTADOS-2\" target=\"_blank\" rel=\"noreferrer noopener\">https:\/\/www.adolfoalsina.gov.ar\/wp-content\/uploads\/RESULTADOS-2<\/a>\u00b0-FECHA-CARHUE.xlsx<\/p>\n\n\n\n<p><strong>Pr\u00f3xima fecha<\/strong><\/p>\n\n\n\n<p>La pr\u00f3xima fecha, la tercera, se correr\u00e1 en Salliquel\u00f3 el pr\u00f3ximo 9 de junio.<\/p>\n","protected":false},"excerpt":{"rendered":"<div class=\"mh-excerpt\"><p>Como ocurre todos los a\u00f1os, Carhu\u00e9 vibr\u00f3 con la convocante marat\u00f3n \u201cOsvaldo Herrera\u201d. A las 11 de este domingo, los 158 participantes locales, de la regi\u00f3n y La Pampa, recorrieron las habituales distancias de 5 y 10 kil\u00f3metros, correspondientes tambi\u00e9n la 2\u00aa fecha de la Marat\u00f3n 6 Ciudades La competencia qued\u00f3 en manos del carhuense Cristian Cabrera, ganando la General caballeros 5K con un tiempo de 14 minutos, 51 segundos. Asimismo los 5K femenino lo gan\u00f3 otra representante local, Maira Amigo con un registro de 21 minutos, 13 segundos.&nbsp; En la distancia 10k, se impusieron los corredores de Trenque Lauquen, <a class=\"mh-excerpt-more\" href=\"http:\/\/dsrmedios.com.ar\/diario\/archivos\/44166\" title=\"Carhu\u00e9 celebr\u00f3 la Marat\u00f3n Osvaldo Herrera, que tuvo a 158 participantes\">[Leer m\u00e1s]<\/a><\/p>\n<\/div>","protected":false},"author":8,"featured_media":44168,"comment_status":"open","ping_status":"closed","sticky":false,"template":"","format":"standard","meta":{"_jetpack_newsletter_access":""},"categories":[18,31,5],"tags":[],"jetpack_featured_media_url":"http:\/\/dsrmedios.com.ar\/diario\/wp-content\/uploads\/2024\/05\/MG_9151-scaled.jpg","jetpack_sharing_enabled":true,"jetpack_shortlink":"https:\/\/wp.me\/p9fihK-bum","_links":{"self":[{"href":"http:\/\/dsrmedios.com.ar\/diario\/wp-json\/wp\/v2\/posts\/44166"}],"collection":[{"href":"http:\/\/dsrmedios.com.ar\/diario\/wp-json\/wp\/v2\/posts"}],"about":[{"href":"http:\/\/dsrmedios.com.ar\/diario\/wp-json\/wp\/v2\/types\/post"}],"author":[{"embeddable":true,"href":"http:\/\/dsrmedios.com.ar\/diario\/wp-json\/wp\/v2\/users\/8"}],"replies":[{"embeddable":true,"href":"http:\/\/dsrmedios.com.ar\/diario\/wp-json\/wp\/v2\/comments?post=44166"}],"version-history":[{"count":2,"href":"http:\/\/dsrmedios.com.ar\/diario\/wp-json\/wp\/v2\/posts\/44166\/revisions"}],"predecessor-version":[{"id":44198,"href":"http:\/\/dsrmedios.com.ar\/diario\/wp-json\/wp\/v2\/posts\/44166\/revisions\/44198"}],"wp:featuredmedia":[{"embeddable":true,"href":"http:\/\/dsrmedios.com.ar\/diario\/wp-json\/wp\/v2\/media\/44168"}],"wp:attachment":[{"href":"http:\/\/dsrmedios.com.ar\/diario\/wp-json\/wp\/v2\/media?parent=44166"}],"wp:term":[{"taxonomy":"category","embeddable":true,"href":"http:\/\/dsrmedios.com.ar\/diario\/wp-json\/wp\/v2\/categories?post=44166"},{"taxonomy":"post_tag","embeddable":true,"href":"http:\/\/dsrmedios.com.ar\/diario\/wp-json\/wp\/v2\/tags?post=44166"}],"curies":[{"name":"wp","href":"https:\/\/api.w.org\/{rel}","templated":true}]}}