{"id":43956,"date":"2024-04-29T01:39:20","date_gmt":"2024-04-29T04:39:20","guid":{"rendered":"http:\/\/dsrmedios.com.ar\/diario\/?p=43956"},"modified":"2024-04-29T01:39:23","modified_gmt":"2024-04-29T04:39:23","slug":"nafta-tarifa-de-subtes-y-trenes-y-alquileres-uno-por-uno-los-aumentos-que-llegan-en-mayo","status":"publish","type":"post","link":"http:\/\/dsrmedios.com.ar\/diario\/archivos\/43956","title":{"rendered":"Nafta, tarifa de subtes y trenes y alquileres: uno por uno, los aumentos que llegan en mayo"},"content":{"rendered":"\n<p>Mientras avanza el proceso de&nbsp;<strong>desregulaci\u00f3n de la econom\u00eda<\/strong>&nbsp;y&nbsp;<strong>liberaci\u00f3n de&nbsp;<\/strong><a href=\"https:\/\/tn.com.ar\/economia\/2024\/01\/26\/la-inflacion-de-alimentos-se-acelero-en-la-ultima-semana-impulsada-por-el-azucar-la-leche-y-el-pan\/\"><strong>precios<\/strong><\/a>que impuls\u00f3 Javier Milei,hay al menos siete aumentos confirmados para mayo que presionar\u00e1n sobre el bolsillo de los argentinos.<\/p>\n\n\n\n<p>En ese sentido, el quinto mes de 2024 estar\u00e1 marcado por\u00a0<strong>alzas\u00a0<\/strong>en<strong>\u00a0la nafta, alquileres, boleto de trenes y subtes,<\/strong>\u00a0entre otros servicios que sumar\u00e1n al \u00edndice general de precios.<\/p>\n\n\n\n<h2>Prepagas<\/h2>\n\n\n\n<p>Luego de que el Gobierno tomara medidas para prevenir conductas anticompetitivas en el sector,&nbsp;<a href=\"https:\/\/tn.com.ar\/economia\/2024\/04\/17\/el-gobierno-anuncio-que-las-prepagas-van-a-dar-marcha-atras-con-los-aumentos-en-las-cuotas\/\"><strong>las obras sociales y empresas de medicina prepaga revertir\u00e1n los recientes aumentos en las cuotas<\/strong><\/a>&nbsp;y los precios ser\u00e1n retrotra\u00eddos a los valores de diciembre de 2023 y, a partir de esa fecha, se ajustar\u00e1n seg\u00fan la inflaci\u00f3n.<\/p>\n\n\n\n<figure class=\"wp-block-image\"><img decoding=\"async\" src=\"https:\/\/tn.com.ar\/resizer\/8ndmSIQnXmOV5VE6IhBi-VjwZBI=\/767x0\/smart\/filters:format(webp)\/cloudfront-us-east-1.images.arcpublishing.com\/artear\/ITBIIUP6U5HO3I2OWMUW4QTCI4.jpeg\" alt=\"Cambios en las cuotas de las prepagas a partir de la intervenci\u00f3n del Gobierno.\"\/><figcaption class=\"wp-element-caption\">Cambios en las cuotas de las prepagas a partir de la intervenci\u00f3n del Gobierno.<\/figcaption><\/figure>\n\n\n\n<p>Seg\u00fan lo que pudo saber&nbsp;<strong>TN<\/strong>, los descuentos que se aplicar\u00e1n ser\u00e1n entre el 6 y<strong>&nbsp;22%. Se trata de Galeno Argentina S.A.; Hospital Brit\u00e1nico<\/strong>&nbsp;de Buenos Aires Asociaci\u00f3n Civil;&nbsp;<strong>Hospital Alem\u00e1n<\/strong>&nbsp;Asociaci\u00f3n Civil;&nbsp;<strong>Medif\u00e9&nbsp;<\/strong>Asociaci\u00f3n Civil;&nbsp;<strong>Swiss Medical<\/strong>&nbsp;S.A.;&nbsp;<strong>Omint&nbsp;<\/strong>S.A. de Servicios y&nbsp;<strong>OSDE&nbsp;<\/strong>Organizaci\u00f3n de Servicios Directos Empresarios.<\/p>\n\n\n\n<h2>Alquileres<\/h2>\n\n\n\n<p>M\u00e1s all\u00e1 de Javier Milei derog\u00f3 la\u00a0<a href=\"https:\/\/tn.com.ar\/economia\/2023\/12\/21\/ley-de-alquileres-las-inmobiliarias-celebran-la-derogacion-y-aseguran-que-impulsara-la-oferta-de-viviendas\/\"><strong>Ley de Alquileres<\/strong><\/a><strong>\u00a0con el mega DNU<\/strong>, los contratos en curso\u00a0<strong>deben ser respetados hasta su fecha de vencimiento<\/strong>. Esto significa que mientras el acuerdo est\u00e9 vigente, todos los t\u00e9rminos y condiciones se aplicar\u00e1n hasta el momento de su finalizaci\u00f3n.<\/p>\n\n\n\n<p>En ese sentido, aquellos que alquilaron bajo la ley tendr\u00e1n que afrontar<strong>&nbsp;subas cercanas al 200%<\/strong>&nbsp;anual en los valores a pagar. De esta manera, abril anota otro r\u00e9cord para el \u00cdndice de Contratos de Locaci\u00f3n (ICL), que realiza el Banco Central (BCRA) sobre la base de la inflaci\u00f3n y los salarios.<\/p>\n\n\n\n<p>Esta f\u00f3rmula se aplica \u00fanicamente a los<strong>&nbsp;alquileres iniciados&nbsp;<\/strong>entre el<strong>&nbsp;1\u00b0 de julio de 2020 y el 17 de octubre de 2023.<\/strong><\/p>\n\n\n\n<h2>Naftas<\/h2>\n\n\n\n<p>El Gobierno aplicar\u00e1 el<strong>&nbsp;1\u00b0 de mayo&nbsp;<\/strong>el&nbsp;<strong>\u00faltimo<\/strong>&nbsp;tramo del<strong>&nbsp;aumento parcial<\/strong>&nbsp;de los<strong>&nbsp;impuestos<\/strong>&nbsp;al combustible l\u00edquido (ICL) y al di\u00f3xido de carbono (IDC) que se traslada directo al&nbsp;<a href=\"https:\/\/tn.com.ar\/economia\/2024\/04\/17\/el-presidente-de-ypf-anticipo-los-planes-de-la-petrolera-para-el-precio-de-la-nafta-y-el-gasoil\/\"><strong>precio del litro de nafta y gasoil<\/strong><\/a>.<\/p>\n\n\n\n<figure class=\"wp-block-image\"><img decoding=\"async\" src=\"https:\/\/tn.com.ar\/resizer\/B119yDwRA3AfNwRO-GsjB-XjtfE=\/767x0\/smart\/filters:format(webp)\/cloudfront-us-east-1.images.arcpublishing.com\/artear\/HOK4N5TWTVCUZOEU6QXBRGK46U.jpeg\" alt=\"Las naftas aumentan en mayo. (Foto: Adobe Stock)\"\/><figcaption class=\"wp-element-caption\">Las naftas aumentan en mayo. (Foto: Adobe Stock)Por:&nbsp;<strong>Kaspars Grinvalds &#8211; stock.adobe.<\/strong><\/figcaption><\/figure>\n\n\n\n<p>El quinto mes del a\u00f1o comenzar\u00e1 con una nueva suba en el gravamen sobre los combustibles l\u00edquidos, que se<strong>&nbsp;trasladar\u00e1 a los surtidores<\/strong>&nbsp;de las estaciones de servicio de las distintas petroleras.<\/p>\n\n\n\n<p>As\u00ed, en caso de que YPF aplique un<strong>&nbsp;alza del 7,38%<\/strong>&nbsp;sobre los precios vigentes, el litro de nafta s\u00faper y premium ser\u00edan los siguientes en la Ciudad de Buenos Aires (CABA):<\/p>\n\n\n\n<ul>\n<li>Nafta<strong>&nbsp;s\u00faper<\/strong>: de $837 a&nbsp;<strong>$899<\/strong>.<\/li>\n\n\n\n<li>Nafta<strong>&nbsp;premium<\/strong>: pasar\u00eda de $1033 a<strong>&nbsp;$1109<\/strong>.<\/li>\n<\/ul>\n\n\n\n<h2>Cable y celular<\/h2>\n\n\n\n<p>Las empresas comenzaron a anticipar a sus clientes que, a partir de los primeros d\u00edas de mayo, llevar\u00e1n a cabo un nuevo retoque de tarifas del 2024, con un<strong>&nbsp;incremento que rondar\u00e1 el 10 y el 20%<\/strong>, seg\u00fan el servicio y la operadora.<\/p>\n\n\n\n<h2>Subte<\/h2>\n\n\n\n<p>Viajar en<a rel=\"noreferrer noopener\" href=\"https:\/\/tn.com.ar\/economia\/2024\/04\/22\/el-subte-aumentara-en-dos-tramos-en-mayo-y-en-junio-el-boleto-llegara-a-757\/\" target=\"_blank\"><strong>\u00a0subte<\/strong><\/a>en la Ciudad de Buenos Aires tendr\u00e1 un\u00a0<strong>fuerte aumento a partir de mayo.\u00a0<\/strong>El incremento estaba pensado en tres tramos mensuales, aunque por las demoras en el proceso de consulta,\u00a0<strong>habr\u00e1 dos subas con 15 d\u00edas diferencia.<\/strong><\/p>\n\n\n\n<p>Desde el 1\u00b0 de mayo, el pasaje pasar\u00e1 de&nbsp;<strong>$125 a $574<\/strong>&nbsp;y dos semanas despu\u00e9s alcanzar\u00e1 los&nbsp;<strong>$667.&nbsp;<\/strong>El tercer ajuste est\u00e1 previsto que sea a partir del 1\u00b0 de junio, cuando el costo del boleto llegar\u00e1 a&nbsp;<strong>$757.<\/strong><\/p>\n\n\n\n<h2>Trenes<\/h2>\n\n\n\n<p>Desde mayo, subir\u00e1 el precio de los&nbsp;<strong>boletos de tren&nbsp;<\/strong>en el \u00c1rea Metropolitana de Buenos Aires (AMBA).<\/p>\n\n\n\n<ul>\n<li>El<strong>&nbsp;tramo m\u00ednimo,<\/strong>&nbsp;que abarca de 0 a 12 kil\u00f3metros, el pasaje aumentar\u00e1 de $130<strong>&nbsp;a $200.<\/strong><\/li>\n\n\n\n<li>Para&nbsp;<strong>distancias intermedias<\/strong>, que comprende tramos de 12 a 24 kil\u00f3metros, el precio del boleto pasar\u00e1 de $169<strong>&nbsp;a $260<\/strong>.<\/li>\n\n\n\n<li>El \u00faltimo trayecto, que va&nbsp;<strong>m\u00e1s all\u00e1 de los 24 kil\u00f3metros<\/strong>, subir\u00e1 de $208&nbsp;<strong>a $320<\/strong>.<\/li>\n<\/ul>\n\n\n\n<h2>Cuotas de colegios bonaerenses<\/h2>\n\n\n\n<p>En mayo, las<strong>&nbsp;cuotas&nbsp;<\/strong>de los&nbsp;<a href=\"https:\/\/tn.com.ar\/economia\/2024\/03\/28\/aumentan-los-colegios-privados-en-abril-cuanto-suben-en-caba-y-en-la-provincia-de-buenos-aires\/\"><strong>colegios privados<\/strong><\/a>&nbsp;de laprovincia de&nbsp;<strong>Buenos Aires aumentar\u00e1n un 6,7%<\/strong>. Se trata del tercer incremento consecutivo que autoriza el gobierno de&nbsp;<a href=\"https:\/\/tn.com.ar\/politica\/2024\/04\/26\/la-oposicion-bonaerense-busca-alinearse-para-revertir-la-suba-de-impuestos-de-kicillof-al-campo\/\">Axel Kicillof<\/a>&nbsp;y abarcan al&nbsp;<strong>nivel inicial<\/strong>,<strong>&nbsp;primario<\/strong>,&nbsp;<strong>secundario<\/strong>,&nbsp;<strong>t\u00e9cnico, agrario<\/strong>&nbsp;y&nbsp;<strong>superior<\/strong>. La actualizaci\u00f3n de las cuotas hab\u00eda sido solicitada por la&nbsp;<strong>Asociaci\u00f3n de Institutos de Ense\u00f1anza Privada bonaerenses&nbsp;<\/strong>(AIEPBA).<\/p>\n\n\n\n<figure class=\"wp-block-image\"><img decoding=\"async\" src=\"https:\/\/tn.com.ar\/resizer\/oNMeXO9PygN45rK-KJ7QGxsPKCE=\/767x0\/filters:focal(607x323:617x313):format(webp)\/cloudfront-us-east-1.images.arcpublishing.com\/artear\/X3H5EH37VZDLHCJLT7CBNYLDLQ.jpg\" alt=\"Aumentan los colegios en provincia: de cu\u00e1nto ser\u00e1 la suba. (Foto: Laura Lescano \/ Telam)\"\/><figcaption class=\"wp-element-caption\">Aumentan los colegios en provincia: de cu\u00e1nto ser\u00e1 la suba. (Foto: Laura Lescano \/ Telam)<\/figcaption><\/figure>\n\n\n\n<p>Los aranceles de los colegios privados bonaerenses con subvenci\u00f3n estatal quedan de la siguiente manera:<\/p>\n\n\n\n<ul>\n<li><strong>Nivel inicial y primario<\/strong>: las cuotas de los establecimientos con el 100% de aporte estatal ser\u00e1n de&nbsp;<strong>$17.447<\/strong>&nbsp;y&nbsp;<strong>$78.853&nbsp;<\/strong>para los que tienen el&nbsp;<strong>40%&nbsp;<\/strong>en mayo de 2024.<\/li>\n\n\n\n<li><strong>Secundaria<\/strong>: var\u00edan entre&nbsp;<strong>$19.230<\/strong>&nbsp;y&nbsp;<strong>$102.464<\/strong>, de acuerdo con la subvenci\u00f3n.<\/li>\n\n\n\n<li><strong>Secundaria t\u00e9cnica<\/strong>, agraria y especializadas en arte: las cuotas de mayo ir\u00e1n de $22.170 a&nbsp;<strong>$117.273<\/strong>.<\/li>\n\n\n\n<li><strong>Nivel superior<\/strong>: los aranceles van desde $25.119 hasta&nbsp;<strong>$100.080&nbsp;<\/strong>en el quinto mes de 2024.<\/li>\n<\/ul>\n\n\n\n<h2>Casas particulares<\/h2>\n\n\n\n<p>La&nbsp;<a href=\"https:\/\/tn.com.ar\/economia\/2024\/04\/25\/nuevo-aumento-para-el-empleo-domestico-como-quedan-los-salarios-y-la-hora-trabajada-en-abril-y-mayo\/\" target=\"_blank\" rel=\"noreferrer noopener\"><strong>Comisi\u00f3n de Trabajo en Casas Particulares<\/strong>&nbsp;<\/a>defini\u00f3 un&nbsp;<strong>nuevo aumento<\/strong>&nbsp;sobre las remuneraciones m\u00ednimas del personal que realiza<strong>&nbsp;tareas dom\u00e9sticas<\/strong>. Se realizar\u00e1 en dos tramos:<strong>&nbsp;11% en abril<\/strong>&nbsp;y&nbsp;<strong>7% en mayo<\/strong>. El alza tendr\u00e1 como base los salarios pagados en marzo.<\/p>\n\n\n\n<p>De esta manera, la hora y el&nbsp;<strong>mes&nbsp;<\/strong>trabajado deber\u00e1n pagarse:<\/p>\n\n\n\n<ul>\n<li>Supervisores con retiro: $2617,38 la&nbsp;<strong>hora<\/strong>&nbsp;y $326.517,60 el&nbsp;<strong>mes&nbsp;<\/strong>trabajado;<\/li>\n\n\n\n<li>Supervisores sin retiro: $2867,13 y $363.684,20;<\/li>\n\n\n\n<li>Personal para<strong>&nbsp;tareas espec\u00edficas<\/strong>&nbsp;con retiro:<strong>&nbsp;$2478,08&nbsp;<\/strong>y&nbsp;<strong>$303.353,57<\/strong>;<\/li>\n\n\n\n<li>Personal para tareas espec\u00edficas sin retiro: $2716,73 y $337.684,20;<\/li>\n\n\n\n<li>Caseros: $2340,99 y $295.969,85;<\/li>\n\n\n\n<li><strong>Asistencia y cuidado de personas<\/strong>&nbsp;con retiro:la hora<strong>&nbsp;$2340,99&nbsp;<\/strong>y el mes trabajado&nbsp;<strong>$295.969,85;<\/strong><\/li>\n\n\n\n<li>Asistencia y cuidado de personas sin retiro: $2617,38 y $329.827,62;<\/li>\n\n\n\n<li>Personal para&nbsp;<strong>tareas generales&nbsp;<\/strong>con retiro:<strong>&nbsp;$2170,05&nbsp;<\/strong>y&nbsp;<strong>$266.163,02<\/strong>;<\/li>\n\n\n\n<li>Personal para tareas generales sin retiro: $2340,99 y $295.969,85;<\/li>\n<\/ul>\n\n\n\n<p>Fuente: TN<\/p>\n","protected":false},"excerpt":{"rendered":"<div class=\"mh-excerpt\"><p>Mientras avanza el proceso de&nbsp;desregulaci\u00f3n de la econom\u00eda&nbsp;y&nbsp;liberaci\u00f3n de&nbsp;preciosque impuls\u00f3 Javier Milei,hay al menos siete aumentos confirmados para mayo que presionar\u00e1n sobre el bolsillo de los argentinos. En ese sentido, el quinto mes de 2024 estar\u00e1 marcado por\u00a0alzas\u00a0en\u00a0la nafta, alquileres, boleto de trenes y subtes,\u00a0entre otros servicios que sumar\u00e1n al \u00edndice general de precios. Prepagas Luego de que el Gobierno tomara medidas para prevenir conductas anticompetitivas en el sector,&nbsp;las obras sociales y empresas de medicina prepaga revertir\u00e1n los recientes aumentos en las cuotas&nbsp;y los precios ser\u00e1n retrotra\u00eddos a los valores de diciembre de 2023 y, a partir de esa fecha, <a class=\"mh-excerpt-more\" href=\"http:\/\/dsrmedios.com.ar\/diario\/archivos\/43956\" title=\"Nafta, tarifa de subtes y trenes y alquileres: uno por uno, los aumentos que llegan en mayo\">[Leer m\u00e1s]<\/a><\/p>\n<\/div>","protected":false},"author":8,"featured_media":1659,"comment_status":"open","ping_status":"closed","sticky":false,"template":"","format":"standard","meta":{"_jetpack_newsletter_access":""},"categories":[6],"tags":[],"jetpack_featured_media_url":"http:\/\/dsrmedios.com.ar\/diario\/wp-content\/uploads\/2017\/10\/naftas_0.jpg","jetpack_sharing_enabled":true,"jetpack_shortlink":"https:\/\/wp.me\/p9fihK-bqY","_links":{"self":[{"href":"http:\/\/dsrmedios.com.ar\/diario\/wp-json\/wp\/v2\/posts\/43956"}],"collection":[{"href":"http:\/\/dsrmedios.com.ar\/diario\/wp-json\/wp\/v2\/posts"}],"about":[{"href":"http:\/\/dsrmedios.com.ar\/diario\/wp-json\/wp\/v2\/types\/post"}],"author":[{"embeddable":true,"href":"http:\/\/dsrmedios.com.ar\/diario\/wp-json\/wp\/v2\/users\/8"}],"replies":[{"embeddable":true,"href":"http:\/\/dsrmedios.com.ar\/diario\/wp-json\/wp\/v2\/comments?post=43956"}],"version-history":[{"count":1,"href":"http:\/\/dsrmedios.com.ar\/diario\/wp-json\/wp\/v2\/posts\/43956\/revisions"}],"predecessor-version":[{"id":43957,"href":"http:\/\/dsrmedios.com.ar\/diario\/wp-json\/wp\/v2\/posts\/43956\/revisions\/43957"}],"wp:featuredmedia":[{"embeddable":true,"href":"http:\/\/dsrmedios.com.ar\/diario\/wp-json\/wp\/v2\/media\/1659"}],"wp:attachment":[{"href":"http:\/\/dsrmedios.com.ar\/diario\/wp-json\/wp\/v2\/media?parent=43956"}],"wp:term":[{"taxonomy":"category","embeddable":true,"href":"http:\/\/dsrmedios.com.ar\/diario\/wp-json\/wp\/v2\/categories?post=43956"},{"taxonomy":"post_tag","embeddable":true,"href":"http:\/\/dsrmedios.com.ar\/diario\/wp-json\/wp\/v2\/tags?post=43956"}],"curies":[{"name":"wp","href":"https:\/\/api.w.org\/{rel}","templated":true}]}}