{"id":43940,"date":"2024-04-26T00:24:09","date_gmt":"2024-04-26T03:24:09","guid":{"rendered":"http:\/\/dsrmedios.com.ar\/diario\/?p=43940"},"modified":"2024-04-26T00:24:11","modified_gmt":"2024-04-26T03:24:11","slug":"ley-bases-el-oficialismo-confia-en-tener-la-media-sancion-pero-siguen-las-diferencias-con-los-dialoguistas","status":"publish","type":"post","link":"http:\/\/dsrmedios.com.ar\/diario\/archivos\/43940","title":{"rendered":"Ley Bases: el oficialismo conf\u00eda en tener la media sanci\u00f3n, pero siguen las diferencias con los dialoguistas"},"content":{"rendered":"\n<p>La Libertad Avanza&nbsp;<a href=\"https:\/\/tn.com.ar\/economia\/2024\/04\/25\/impuesto-a-las-ganancias-y-monotributo-los-cambios-de-la-ley-bases-que-obtuvo-dictamen-en-diputados\/\" target=\"_blank\" rel=\"noreferrer noopener\">logr\u00f3 los dict\u00e1menes de mayor\u00eda para la<strong>&nbsp;Ley de Bases<\/strong><\/a>y Puntos de Partida de los Argentinos y la&nbsp;<strong>Ley de Acuerdo Fiscal&nbsp;<\/strong>con el acompa\u00f1amiento de los bloques denominados dialoguistas. Estos son el&nbsp;<strong>PRO, la UCR, Hacemos Coalici\u00f3n Federal e Innovaci\u00f3n Federal.<\/strong>&nbsp;Pero las fren\u00e9ticas reuniones de las \u00faltimas semanas y d\u00edas en el Congreso no cerraron del todo las diferencias que a\u00fan persisten en varios sectores, puertas hacia adentro y hacia afuera de cada una de las bancadas que colaboraron con el oficialismo.<\/p>\n\n\n\n<p>Con la convocatoria del presidente de la C\u00e1mara,\u00a0<strong>Mart\u00edn Menem,<\/strong>\u00a0a la sesi\u00f3n especial para el pr\u00f3ximo lunes a las 11 de la ma\u00f1ana, esas discrepancias retumbar\u00e1n en el recinto del Congreso. Y ya varios lo anticiparon con sus firmas en disidencia en las diferentes propuestas.<\/p>\n\n\n\n<h2>Los puntos que dividen al radicalismo de Rodrigo de Loredo<\/h2>\n\n\n\n<p>Fue el bloque que m\u00e1s reuniones tuvo con los oficialistas en el Congreso, l\u00e9ase&nbsp;<strong>Mart\u00edn Menem y Gabriel Bornoroni.<\/strong>&nbsp;Y con los funcionarios de Casa Rosada, desde el jefe de Gabinete,<strong>&nbsp;Nicol\u00e1s Posse<\/strong>; el ministro del Interior,&nbsp;<strong>Guillermo Francos<\/strong>, y los secretarios<strong>&nbsp;Jos\u00e9 Rolandi&nbsp;<\/strong>y<strong>&nbsp;Carlos Guberman<\/strong>. El presidente del bloque radical, de Loredo, atraviesa una compleja situaci\u00f3n de equilibrio con diferencias internas. Esto se vio en la convocatoria a sesi\u00f3n especial que realiz\u00f3 esta semana UxP para tratar el aumento del presupuesto universitario. En contraposici\u00f3n con la postura del cordob\u00e9s 14 diputados radicales bajaron al recinto. A tal punto que en el dictamen de la Ley de Bases, de los 16 radicales, dos no firmaron: el formose\u00f1o Fernando Carbajal y el bonaerense Pablo Juliano.<\/p>\n\n\n\n<figure class=\"wp-block-image\"><img decoding=\"async\" src=\"https:\/\/tn.com.ar\/resizer\/yi3RT8H3DNj-14XCz3sxaOwfeOU=\/767x0\/smart\/filters:format(webp)\/cloudfront-us-east-1.images.arcpublishing.com\/artear\/OQLYES3TG5EFTDZWM5ZN2DPPMM.jpg\" alt=\"En el plenario, la UCR marc\u00f3 sus disidencias en algunos temas: el impuesto al tabaco, los aportes sindicales y el R\u00e9gimen para Grandes Inversores (RGI). (Foto: Reuters)\"\/><figcaption class=\"wp-element-caption\">En el plenario, la UCR marc\u00f3 sus disidencias en algunos temas: el impuesto al tabaco, los aportes sindicales y el R\u00e9gimen para Grandes Inversores (RGI). (Foto: Reuters)<\/figcaption><\/figure>\n\n\n\n<p>Pero en el plenario, la&nbsp;<strong>UCR<\/strong>&nbsp;marc\u00f3 sus disidencias en algunos temas: el impuesto al tabaco, los aportes sindicales y el R\u00e9gimen para Grandes Inversores (RGI). La vicepresidenta de la bancada, Karina Banfi, se\u00f1al\u00f3: \u201cdesde el radicalismo, hemos incorporado en el marco de este debate modernizaci\u00f3n laboral. Es clave. Cuando hablamos de la falta de crecimiento en la industria, los marcos normativos en materia de trabajo son claramente un obst\u00e1culo. Nuestra propuesta se basa en mirar el trabajo del futuro, d\u00f3nde estamos parados hoy y hacia d\u00f3nde estamos yendo. Y principalmente la disidencia que vamos a plantear tiene que ver con eliminar las&nbsp;<strong>cuotas solidarias sindicales<\/strong>. Eso coarta la libertad de asociaci\u00f3n y lo vamos a defender en el recinto\u201d.<\/p>\n\n\n\n<p>Por su parte, Lisandro Nieri puntualiz\u00f3 la postura sobre el&nbsp;<strong>impuesto al tabaco:<\/strong>&nbsp;\u201cInsistimos con la necesidad de un mismo tratamiento impositivo a contribuyentes que son exactamente lo mismo. Tenemos una oportunidad de acercar la carga impositiva a un producto que es da\u00f1ino para la salud a los est\u00e1ndares internacionales, y al mismo tiempo corregir la inequidad horizontal que plantea que contribuyentes similares enfrentan distintos costos impositivos\u201d.<\/p>\n\n\n\n<p>Y en el&nbsp;<strong>R\u00e9gimen de Incentivos para Grandes Inversiones<\/strong>, el radicalismo reclama que se baje el m\u00ednimo de monto a invertir para poder incorporar a Pymes regionales.<\/p>\n\n\n\n<h2>El bloque de Pichetto, con dict\u00e1menes diferentes<\/h2>\n\n\n\n<p>La bancada del exsenador nacional est\u00e1 conformada por\u00a0<strong>22 diputados nacionales,<\/strong>\u00a0pero entre ellos hay fuertes contrapuntos en el tratamiento de la<strong>\u00a0Ley \u00d3mnibus<\/strong>. Esas diferencias quedaron plasmadas en febrero cuando se trat\u00f3 por primera vez la ley que propone\u00a0<strong>Javier Milei<\/strong>. Pichetto particip\u00f3 de las reuniones con los ministros del Ejecutivo y con\u00a0<strong>Mart\u00edn Menem.<\/strong>\u00a0Fue as\u00ed que acompa\u00f1\u00f3 los dict\u00e1menes de los proyectos junto con Emilio Monz\u00f3, Nicol\u00e1s Massot y otros.<\/p>\n\n\n\n<p>Pero en su bancada las diferencias est\u00e1n planteadas con los dict\u00e1menes en minor\u00eda presentados por los socialistas de Santa Fe, M\u00f3nica Fein y Esteban Paul\u00f3n. \u201dLa nueva ley que envi\u00f3 el Ejecutivo sigue sin priorizar los temas urgentes por los que nos llama a declarar la emergencia:&nbsp;<strong>la inflaci\u00f3n y la estabilizaci\u00f3n de la econom\u00eda.<\/strong>&nbsp;Vamos a acompa\u00f1ar con algunas propuestas propias. Entendemos que el pa\u00eds atraviesa una profunda crisis. En nuestro dictamen le damos al gobierno las herramientas necesarias para afrontar la crisis, pero en un sentido diferente al que sugiere el Ejecutivo e incluyen fomento al empleo y el ordenamiento de la deuda p\u00fablica\u201d, dijo la diputada Fein. Mientras que Paul\u00f3n expres\u00f3 que \u201cestamos convencidos de que estas herramientas extraordinarias, m\u00e1s todas las herramientas legales con las que el ejecutivo ya cuenta, son suficientes para encarar la&nbsp;<strong>cr\u00edtica situaci\u00f3n econ\u00f3mica, social y administrativa heredadas&nbsp;<\/strong>de al menos la \u00faltima d\u00e9cada\u201d.<\/p>\n\n\n\n<p>En su dictamen, los socialistas se refieren a la<strong>&nbsp;Reforma Laboral:&nbsp;<\/strong>\u201cEstamos dispuestos a debatir modificaciones necesarias a la legislaci\u00f3n laboral, pero entendemos que no pueden ser regresivas, ni aprobadas en un breve debate a puertas cerradas de los actores involucrados. No se trata solo de ajustar o actualizar algunas normativas; debemos abrazar una transformaci\u00f3n que abarque la&nbsp;<strong>seguridad social, la salud y el fortalecimiento&nbsp;<\/strong>de los derechos colectivos de trabajo\u201d.<\/p>\n\n\n\n<figure class=\"wp-block-image\"><img decoding=\"async\" src=\"https:\/\/tn.com.ar\/resizer\/q5hA2JOv44A08mshowPQaWKikw4=\/767x0\/smart\/filters:format(webp)\/cloudfront-us-east-1.images.arcpublishing.com\/artear\/FMPUIYK4WJAZJOLHR6VMUF4MLM.jpg\" alt=\"La bancada del exsenador nacional est\u00e1 conformada por 22 diputados nacionales, pero entre ellos hay fuertes contrapuntos en el tratamiento de la Ley \u00d3mnibus. (Foto: Reuters)\"\/><figcaption class=\"wp-element-caption\">La bancada del exsenador nacional est\u00e1 conformada por 22 diputados nacionales, pero entre ellos hay fuertes contrapuntos en el tratamiento de la Ley \u00d3mnibus. (Foto: Reuters)<\/figcaption><\/figure>\n\n\n\n<p>Pero en el bloque de\u00a0<strong>Pichetto\u00a0<\/strong>conviven seis diputados que pertenecen a la\u00a0<strong>Coalici\u00f3n C\u00edvica\u00a0<\/strong>de\u00a0<strong>Elisa Carri\u00f3.\u00a0<\/strong>All\u00ed su presidente, Juan Manuel L\u00f3pez, apenas se inici\u00f3 el debate en el plenario de las comisiones, adelant\u00f3 que presentar\u00edan dict\u00e1menes propios. \u201cEste Congreso est\u00e1 en deuda y estamos en deuda todos los partidos pol\u00edticos. Los diputados de la<strong>\u00a0Coalici\u00f3n C\u00edvica vamos a presentar nuestro propio dictamen,<\/strong>\u00a0que en muchos temas va a coincidir con el dictamen de la mayor\u00eda. Vamos a aclarar una emergencia en las materias que el oficialismo ha pedido, pero no vamos a votar las dos delegaciones que quedan. Vamos a acompa\u00f1ar el cap\u00edtulo de\u00a0<strong>empleo p\u00fablico<\/strong>, que ayuda al Presidente a modernizar esas cuestiones, pero no podemos delegar facultades ni a este Presidente ni a ning\u00fan otro. Es un poder muy grande para un Presidente que en alguna oportunidad neg\u00f3 su propia firma, por ejemplo, cuando se aument\u00f3 un\u00a0<strong>48% su salario hace unos meses<\/strong>. Preferimos que cada vez que necesite algo el Poder Ejecutivo nos lo pida a este Congreso y se lo vamos a dar\u201d, afirm\u00f3.<\/p>\n\n\n\n<p>La diputada M\u00f3nica Frade hab\u00eda anticipado que a la Reforma Laboral \u201cle falta tiempo de discusi\u00f3n, una reforma requiere mucho tratamiento\u201d.<\/p>\n\n\n\n<h2>El oficialismo buscar\u00e1 lograr la media sanci\u00f3n la pr\u00f3xima semana<\/h2>\n\n\n\n<p>El debate ya est\u00e1 listo. Consumir\u00e1 lunes y martes de la semana pr\u00f3xima y el presidente Javier Milei podr\u00eda tener sus primeros triunfos parlamentarios. La necesidad de acuerdos lo llevaron a modificaciones de \u00faltimo momento, como quitar del listado de empresas privatizables al<strong>&nbsp;Banco Naci\u00f3n<\/strong>, agregados a la propuesta de blanqueo de capitales y del impuesto a las ganancias.<\/p>\n\n\n\n<p>Y buscar adem\u00e1s una\u00a0<strong>reforma laboral\u00a0<\/strong>que, a pesar de las propuestas de varios bloques pol\u00edticos, no genere conflictos a\u00fan mayores con la CGT. Los reclamos de cada bloque y de cada sector volver\u00e1n a exponerse en pocos d\u00edas en el recinto de la C\u00e1mara de Diputados.<\/p>\n\n\n\n<p>Fuente:TN<\/p>\n","protected":false},"excerpt":{"rendered":"<div class=\"mh-excerpt\"><p>La Libertad Avanza&nbsp;logr\u00f3 los dict\u00e1menes de mayor\u00eda para la&nbsp;Ley de Basesy Puntos de Partida de los Argentinos y la&nbsp;Ley de Acuerdo Fiscal&nbsp;con el acompa\u00f1amiento de los bloques denominados dialoguistas. Estos son el&nbsp;PRO, la UCR, Hacemos Coalici\u00f3n Federal e Innovaci\u00f3n Federal.&nbsp;Pero las fren\u00e9ticas reuniones de las \u00faltimas semanas y d\u00edas en el Congreso no cerraron del todo las diferencias que a\u00fan persisten en varios sectores, puertas hacia adentro y hacia afuera de cada una de las bancadas que colaboraron con el oficialismo. Con la convocatoria del presidente de la C\u00e1mara,\u00a0Mart\u00edn Menem,\u00a0a la sesi\u00f3n especial para el pr\u00f3ximo lunes a las 11 <a class=\"mh-excerpt-more\" href=\"http:\/\/dsrmedios.com.ar\/diario\/archivos\/43940\" title=\"Ley Bases: el oficialismo conf\u00eda en tener la media sanci\u00f3n, pero siguen las diferencias con los dialoguistas\">[Leer m\u00e1s]<\/a><\/p>\n<\/div>","protected":false},"author":8,"featured_media":16016,"comment_status":"open","ping_status":"closed","sticky":false,"template":"","format":"standard","meta":{"_jetpack_newsletter_access":""},"categories":[6],"tags":[],"jetpack_featured_media_url":"http:\/\/dsrmedios.com.ar\/diario\/wp-content\/uploads\/2019\/11\/senado-provincia.jpg","jetpack_sharing_enabled":true,"jetpack_shortlink":"https:\/\/wp.me\/p9fihK-bqI","_links":{"self":[{"href":"http:\/\/dsrmedios.com.ar\/diario\/wp-json\/wp\/v2\/posts\/43940"}],"collection":[{"href":"http:\/\/dsrmedios.com.ar\/diario\/wp-json\/wp\/v2\/posts"}],"about":[{"href":"http:\/\/dsrmedios.com.ar\/diario\/wp-json\/wp\/v2\/types\/post"}],"author":[{"embeddable":true,"href":"http:\/\/dsrmedios.com.ar\/diario\/wp-json\/wp\/v2\/users\/8"}],"replies":[{"embeddable":true,"href":"http:\/\/dsrmedios.com.ar\/diario\/wp-json\/wp\/v2\/comments?post=43940"}],"version-history":[{"count":1,"href":"http:\/\/dsrmedios.com.ar\/diario\/wp-json\/wp\/v2\/posts\/43940\/revisions"}],"predecessor-version":[{"id":43942,"href":"http:\/\/dsrmedios.com.ar\/diario\/wp-json\/wp\/v2\/posts\/43940\/revisions\/43942"}],"wp:featuredmedia":[{"embeddable":true,"href":"http:\/\/dsrmedios.com.ar\/diario\/wp-json\/wp\/v2\/media\/16016"}],"wp:attachment":[{"href":"http:\/\/dsrmedios.com.ar\/diario\/wp-json\/wp\/v2\/media?parent=43940"}],"wp:term":[{"taxonomy":"category","embeddable":true,"href":"http:\/\/dsrmedios.com.ar\/diario\/wp-json\/wp\/v2\/categories?post=43940"},{"taxonomy":"post_tag","embeddable":true,"href":"http:\/\/dsrmedios.com.ar\/diario\/wp-json\/wp\/v2\/tags?post=43940"}],"curies":[{"name":"wp","href":"https:\/\/api.w.org\/{rel}","templated":true}]}}