{"id":43733,"date":"2024-04-07T11:11:44","date_gmt":"2024-04-07T14:11:44","guid":{"rendered":"http:\/\/dsrmedios.com.ar\/diario\/?p=43733"},"modified":"2024-04-07T11:11:46","modified_gmt":"2024-04-07T14:11:46","slug":"abriendo-caminos-de-que-hablamos-cuando-hablamos-de-autismo","status":"publish","type":"post","link":"http:\/\/dsrmedios.com.ar\/diario\/archivos\/43733","title":{"rendered":"Abriendo caminos: de qu\u00e9 hablamos cuando hablamos de autismo"},"content":{"rendered":"\n<p>El pasado 2 de abril, por cuestiones que son l\u00f3gicas para todos los argentinos, las luces se las llevaron nuestros Veteranos de la Guerra de Malvinas. Un sentimiento arraigado en lo m\u00e1s profundo del sentir nacional, un reconocimiento que debe ser eterno. Porque son los verdaderos h\u00e9roes de la Patria, por supuesto.<\/p>\n\n\n\n<p>Pero m\u00e1s all\u00e1 de eso, la jornada estuvo tambi\u00e9n marcada por otra cuesti\u00f3n importante. Se celebr\u00f3 el D\u00eda Mundial de Concienciaci\u00f3n sobre el Autismo. Es una fecha establecida desde 2008 por la Asamblea General de las Naciones Unidas.<\/p>\n\n\n\n<p>Haciendo un r\u00e1pido recorrido informativo, es dable mencionar que la elecci\u00f3n de la fecha tiene como finalidad sensibilizar a la poblaci\u00f3n mundial sobre el autismo, una condici\u00f3n permanente que se manifiesta desde la primera infancia y busca tambi\u00e9n enfatizar sobre la necesidad de ayudar a mejorar la calidad de vida de las personas con autismo para que puedan llevar una vida plena y significativa como parte integral de la sociedad.<\/p>\n\n\n\n<p>Desde su primera conmemoraci\u00f3n, el 2 de abril sirve para destacar las contribuciones de las personas con autismo en distintos \u00e1mbitos de la sociedad, como hogar, trabajo, artes y elaboraci\u00f3n de pol\u00edticas.<\/p>\n\n\n\n<p>Pero, a pesar de los avances en la concienciaci\u00f3n y aceptaci\u00f3n, las personas con TEA (trastorno del espectro autista) siguen enfrentando desaf\u00edos significativos, incluida la discriminaci\u00f3n, lo cual resalta la importancia de la observancia de este d\u00eda.<\/p>\n\n\n\n<h2>En Bah\u00eda se trabaja<\/h2>\n\n\n\n<p>Fundaci\u00f3n CIAN&nbsp;\u2013<em>Zelarray\u00e1n 1650<\/em>\u2013 es una organizaci\u00f3n de la sociedad civil sin fines de lucro, destinada a la atenci\u00f3n integral de ni\u00f1os, que naci\u00f3 en 2009 cuando un grupo de profesionales con vivencias compartidas sobre la realidad de la ni\u00f1ez, comenzaron a imaginar y darle forma a un lugar en donde se brindara una propuesta nueva para la recuperaci\u00f3n de la salud y rehabilitaci\u00f3n de los ni\u00f1os con&nbsp;desaf\u00edos del desarrollo.<\/p>\n\n\n\n<p>En su presentaci\u00f3n formal, Fundaci\u00f3n CIAN se\u00f1ala que&nbsp;<em>\u201csi bien nuestra instituci\u00f3n est\u00e1 destinada a la atenci\u00f3n integral del ni\u00f1o, nuestra prioridad son los ni\u00f1os con desaf\u00edos del desarrollo. Entre estos \u00faltimos se destacan los trastornos del espectro autista (TEA), trastornos espec\u00edficos del lenguaje (TEL), trastornos del aprendizaje (fracaso escolar, lectura, escritura, c\u00e1lculo), retrasos madurativos y discapacidad intelectual vinculados o no a s\u00edndromes gen\u00e9ticos (Down, Angelman, Rett, West)\u201d.<\/em><\/p>\n\n\n\n<p>Un ejemplo de las actividades que lleva adelante la instituci\u00f3n es\u00a0<strong><a href=\"https:\/\/www.labrujula24.com\/notas\/2024\/04\/02\/lanzan-podcast-con-profesionales-bahienses-para-entender-que-es-el-autismo-n360670\/\">\u201cPoder del espectro. Otra mirada sobre el autismo\u201d<\/a><\/strong>, un poscast desarrollado por profesionales bahienses para entender m\u00e1s sobre el tema que nos convoca.<\/p>\n\n\n\n<h2>\u00bfDe qu\u00e9 estamos hablando?<\/h2>\n\n\n\n<p>El equipo del programa \u201cNunca es tarde\u201d, emitido por&nbsp;<strong>La Br\u00fajula 24<\/strong>, habl\u00f3 al respecto con la psicopedagoga Carolina Donato, coordinadora de Fundaci\u00f3n CIAN. Y fue mucho m\u00e1s que una entrevista.<\/p>\n\n\n\n<p>Primero, a modo de introducci\u00f3n, la profesional destac\u00f3 que \u201ces muy importante poder sacarle la connotaci\u00f3n de enfermedad, de trastorno, de s\u00edndrome, justamente porque es una connotaci\u00f3n negativa. Adem\u00e1s, cuando se habla de enfermedad, se entiende como algo que tiene una posible cura y el autismo es una condici\u00f3n que acompa\u00f1a a la persona durante toda su vida\u201d.<\/p>\n\n\n\n<p>\u201cPor supuesto, van variando los s\u00edntomas. No es lo mismo un chiquito de dos a\u00f1os con uno de tres, un adolescente o un adulto. Y se habla de espectro justamente porque no hay dos personas con autismo iguales, como sucede con cualquier persona\u201d, coment\u00f3.<\/p>\n\n\n\n<figure class=\"wp-block-image\"><img decoding=\"async\" src=\"https:\/\/www.labrujula24.com\/wp-content\/uploads\/2024\/04\/autiss.webp\" alt=\"\" class=\"wp-image-361417\"\/><\/figure>\n\n\n\n<h2>Diagn\u00f3stico<\/h2>\n\n\n\n<p>En cuanto a la actualidad, Donato dijo que \u201choy se sabe un poco m\u00e1s de qu\u00e9 se trata, hay mucha m\u00e1s especificidad en los diagn\u00f3sticos. Los chicos con autismo tienen desaf\u00edos en tres \u00e1reas, en la interacci\u00f3n social, la comunicaci\u00f3n y el juego o intereses particulares\u201d.<\/p>\n\n\n\n<p>\u201cEn el imaginario de la gente, todav\u00eda se piensa en el nene que se golpea contra la pared o que est\u00e1 totalmente aislado, que no tiene sentimientos. Hay muchos mitos y creo que tambi\u00e9n las pel\u00edculas contribuyen a que esto pase. Pero el espectro habla de que no hay un ni\u00f1o igual al otro, hay personas que tienen comunicaci\u00f3n verbal y otras que no, hay quienes necesitan m\u00e1s movimiento, otras son m\u00e1s tranquilas. Es decir, se va de m\u00e1s a menos, por eso hablamos de que no existe la severidad en el autismo, lo que lo define es el apoyo que la persona est\u00e9 necesitando\u201d, explic\u00f3.<\/p>\n\n\n\n<h2>Se\u00f1ales<\/h2>\n\n\n\n<p>\u201cEs importante poder reconocer las se\u00f1ales de alerta, las banderas rojas como decimos nosotros, eso que al pap\u00e1 preocupa. Que no mire a los ojos, que no responda al nombre, que alinee los juguetes, o que juegue con una parte del objeto. Muchas veces adquieren alg\u00fan tipo de palabra y a los 18\/24 meses la pierden. Y yo creo que el pap\u00e1 siempre tiene alguna duda, y cuando eso pasa, en m\u00e1s del 80% de las veces tiene raz\u00f3n\u201d, dijo Donato.<\/p>\n\n\n\n<p>Y agreg\u00f3: \u201cTambi\u00e9n hay muchas abuelas que pueden estar atentas, maestras del jard\u00edn maternal. Nosotros, desde nuestro lugar, siempre decimos que hay que consultar y no quedarse con la duda\u201d. \u201cSiempre cuando se habla de un hijo es algo complejo. El camino de la aceptaci\u00f3n no es f\u00e1cil. Hay pap\u00e1s que tienen la duda y creen que algo est\u00e1 pasando y en cierta medida el diagn\u00f3stico aliviana un poco. Y muchas veces el otro camino, en el que pap\u00e1 no espera llegar a ese diagn\u00f3stico y quiz\u00e1s es un poco m\u00e1s dif\u00edcil. Pero ambos caminos hay que aceptarlos igual y nosotros estamos para acompa\u00f1ar desde el respeto, la empat\u00eda\u201d.<\/p>\n\n\n\n<figure class=\"wp-block-image\"><img decoding=\"async\" src=\"https:\/\/www.labrujula24.com\/wp-content\/uploads\/2024\/04\/2d16034d-2085-4a1f-9abc-77a82b3247f6.jpeg\" alt=\"\" class=\"wp-image-361407\"\/><\/figure>\n\n\n\n<p><em>Carolina Donato, coordinadora de Fundaci\u00f3n CIAN, pas\u00f3 por el estudio de La Br\u00fajula 24.<\/em><\/p>\n\n\n\n<h2>El entorno<\/h2>\n\n\n\n<p>\u201cNo hay un manual, pero yo creo que lo primero es tener informaci\u00f3n, porque saber es poder. Conocer m\u00e1s acerca del perfil sensorial del ni\u00f1o. Y preguntarle a los pap\u00e1s c\u00f3mo est\u00e1n interactuando, sin temores. Poner en palabras lo que est\u00e1 sucediendo es sanador. El camino de la aceptaci\u00f3n hay que transitarlo desde todos los \u00e1mbitos, tanto el familiar como tambi\u00e9n desde toda la sociedad en general\u201d, indic\u00f3 la especialista.<\/p>\n\n\n\n<h2>Los ni\u00f1os, ejemplo de convivencia<\/h2>\n\n\n\n<p>\u201cEllos naturalmente lo hacen, por eso nosotros hablamos de convivir m\u00e1s que de incluir. Antes a los ni\u00f1os con autismo o cualquier otro tipo de desaf\u00edo se los apartaba m\u00e1s y hoy est\u00e1n en los jardines comunes. Los ni\u00f1os aprenden entre ellos, y en esto hay mucho que los grandes debemos aprender. Ellos no tienen prejuicios, no juzgan, y ejemplos sobran\u201d.<\/p>\n\n\n\n<p>\u201cLa hipersensibilidad auditiva es bastante com\u00fan y enseguida los compa\u00f1eros le buscan los protectores auditivos, por ejemplo, para cantar el feliz cumplea\u00f1os\u201d, refiri\u00f3. Y afirm\u00f3 que \u201cdesde chicos, nuestra generaci\u00f3n, no conviv\u00edamos con los ni\u00f1os neurodiversos. Por eso creo que es una generaci\u00f3n muy buena la que viene, van a aprender a convivir m\u00e1s f\u00e1cil que nosotros\u201d.<\/p>\n\n\n\n<blockquote class=\"wp-block-quote\">\n<p>\u201cAlguien con autismo me ense\u00f1\u00f3 que el amor no necesita palabras\u201d<\/p>\n<\/blockquote>\n\n\n\n<p><\/p>\n\n\n\n<p>Fuente: la brujula<\/p>\n","protected":false},"excerpt":{"rendered":"<div class=\"mh-excerpt\"><p>El pasado 2 de abril, por cuestiones que son l\u00f3gicas para todos los argentinos, las luces se las llevaron nuestros Veteranos de la Guerra de Malvinas. Un sentimiento arraigado en lo m\u00e1s profundo del sentir nacional, un reconocimiento que debe ser eterno. Porque son los verdaderos h\u00e9roes de la Patria, por supuesto. Pero m\u00e1s all\u00e1 de eso, la jornada estuvo tambi\u00e9n marcada por otra cuesti\u00f3n importante. Se celebr\u00f3 el D\u00eda Mundial de Concienciaci\u00f3n sobre el Autismo. Es una fecha establecida desde 2008 por la Asamblea General de las Naciones Unidas. Haciendo un r\u00e1pido recorrido informativo, es dable mencionar que la <a class=\"mh-excerpt-more\" href=\"http:\/\/dsrmedios.com.ar\/diario\/archivos\/43733\" title=\"Abriendo caminos: de qu\u00e9 hablamos cuando hablamos de autismo\">[Leer m\u00e1s]<\/a><\/p>\n<\/div>","protected":false},"author":8,"featured_media":43734,"comment_status":"open","ping_status":"closed","sticky":false,"template":"","format":"standard","meta":{"_jetpack_newsletter_access":""},"categories":[43],"tags":[],"jetpack_featured_media_url":"http:\/\/dsrmedios.com.ar\/diario\/wp-content\/uploads\/2024\/04\/autismo.jpg","jetpack_sharing_enabled":true,"jetpack_shortlink":"https:\/\/wp.me\/p9fihK-bnn","_links":{"self":[{"href":"http:\/\/dsrmedios.com.ar\/diario\/wp-json\/wp\/v2\/posts\/43733"}],"collection":[{"href":"http:\/\/dsrmedios.com.ar\/diario\/wp-json\/wp\/v2\/posts"}],"about":[{"href":"http:\/\/dsrmedios.com.ar\/diario\/wp-json\/wp\/v2\/types\/post"}],"author":[{"embeddable":true,"href":"http:\/\/dsrmedios.com.ar\/diario\/wp-json\/wp\/v2\/users\/8"}],"replies":[{"embeddable":true,"href":"http:\/\/dsrmedios.com.ar\/diario\/wp-json\/wp\/v2\/comments?post=43733"}],"version-history":[{"count":1,"href":"http:\/\/dsrmedios.com.ar\/diario\/wp-json\/wp\/v2\/posts\/43733\/revisions"}],"predecessor-version":[{"id":43735,"href":"http:\/\/dsrmedios.com.ar\/diario\/wp-json\/wp\/v2\/posts\/43733\/revisions\/43735"}],"wp:featuredmedia":[{"embeddable":true,"href":"http:\/\/dsrmedios.com.ar\/diario\/wp-json\/wp\/v2\/media\/43734"}],"wp:attachment":[{"href":"http:\/\/dsrmedios.com.ar\/diario\/wp-json\/wp\/v2\/media?parent=43733"}],"wp:term":[{"taxonomy":"category","embeddable":true,"href":"http:\/\/dsrmedios.com.ar\/diario\/wp-json\/wp\/v2\/categories?post=43733"},{"taxonomy":"post_tag","embeddable":true,"href":"http:\/\/dsrmedios.com.ar\/diario\/wp-json\/wp\/v2\/tags?post=43733"}],"curies":[{"name":"wp","href":"https:\/\/api.w.org\/{rel}","templated":true}]}}