{"id":43674,"date":"2024-03-25T18:16:28","date_gmt":"2024-03-25T21:16:28","guid":{"rendered":"http:\/\/dsrmedios.com.ar\/diario\/?p=43674"},"modified":"2024-03-25T18:16:31","modified_gmt":"2024-03-25T21:16:31","slug":"jubilaciones-cuanto-cobraran-en-abril-que-pasara-con-el-bono-y-como-seran-los-aumentos-en-los-siguientes-meses","status":"publish","type":"post","link":"http:\/\/dsrmedios.com.ar\/diario\/archivos\/43674","title":{"rendered":"Jubilaciones: cu\u00e1nto cobrar\u00e1n en abril, qu\u00e9 pasar\u00e1 con el bono y c\u00f3mo ser\u00e1n los aumentos en los siguientes meses"},"content":{"rendered":"\n<p>El Gobierno defini\u00f3 establecer por decreto una nueva<strong>\u00a0f\u00f3rmula de movilidad jubilatoria<\/strong>\u00a0que comenzar\u00e1 a reflejarse en los haberes a partir de julio y aplicar desde abril aumentos mensuales en base a la inflaci\u00f3n con dos meses de rezago, ante las dificultades de generar consensos con la oposici\u00f3n en el\u00a0<strong>Congreso<\/strong>. As\u00ed, desde el mes que viene la jubilaci\u00f3n m\u00ednima pasar\u00e1 de $137.216 a $172.463 pesos. Con el bono de $70.000 escalar\u00e1n a la zona de los 242.000 pesos.<a rel=\"noreferrer noopener\" href=\"https:\/\/www.infobae.com\/economia\/2024\/03\/25\/el-gobierno-aprobo-un-pago-por-usd-337-millones-para-apelar-un-fallo-por-distorsionar-datos-del-indec\/\" target=\"_blank\"><\/a><\/p>\n\n\n\n<p>A partir de la confusi\u00f3n que gener\u00f3 el&nbsp;<strong>Decreto 274\/2024<\/strong>, por el cual se oficializaron los cambios, el vocero presidencial,&nbsp;<strong>Manuel Adorni<\/strong>, sali\u00f3 a explicar que desde abril las jubilaciones tendr\u00e1n un incremento correspondiente al&nbsp;<strong>\u00cdndice de Precios al Consumidor (IPC)<\/strong>&nbsp;de febebero, del 13,2%, m\u00e1s otro 12,5% de recomposici\u00f3n. En mayo habr\u00e1 una actualizaci\u00f3n por el IPC correspondiente a marzo.<\/p>\n\n\n\n<p>El funcionario tambi\u00e9n aclar\u00f3 que el bono de $70.000 continuar\u00e1 vigente y que los haberes m\u00ednimos lo cobrar\u00e1n completo, algo que quedar\u00e1 plasmado en un nuevo decreto que se conocer\u00e1 en las pr\u00f3ximas horas, tal como informaron fuentes del Ministerio de Econom\u00eda.<a rel=\"noreferrer noopener\" href=\"https:\/\/www.infobae.com\/economia\/2024\/03\/25\/por-que-los-mercados-estan-muy-positivos-las-claves-de-un-informe-para-inversores\/\" target=\"_blank\"><\/a><\/p>\n\n\n\n<p>Por lo tanto, el c\u00e1lculo que realiza el Gobierno es que la recomposici\u00f3n del per\u00edodo ser\u00e1 del 62% si se tiene en cuenta tambi\u00e9n el 27,2% de suba que otorg\u00f3 la f\u00f3rmula vigente hasta esta \u00faltima modificaci\u00f3n.<\/p>\n\n\n\n<p>El asesor del\u00a0<strong>Ministerio de Econom\u00eda, Mart\u00edn Vauthier<\/strong>, explic\u00f3 que si en junio el aumento acumulado es menor al que se hubiera aplicado con el c\u00e1lculo vigente, habr\u00e1 una compensaci\u00f3n por la diferencia. \u201cSi el aumento es mayor al que resultaba de la f\u00f3rmula, no hay descuento y se incorpora al haber\u201d, resalt\u00f3.<a rel=\"noreferrer noopener\" href=\"https:\/\/www.infobae.com\/economia\/2024\/03\/25\/subasta-de-vehiculos-como-participar-que-modelos-se-ofreceran-y-cual-sera-el-precio-base\/\" target=\"_blank\"><\/a><\/p>\n\n\n\n<p>Esto sucede porque en caso de convalidar un incremento menor,&nbsp;<strong>habr\u00eda una vulneraci\u00f3n de los derechos adquiridos de los jubilados y el Estado quedar\u00eda expuesto a juicios<\/strong>. Desde julio se pondr\u00e1 en marcha el nuevo esquema de aumentos para jubilados.<\/p>\n\n\n\n<p>Los c\u00e1lculos del economista&nbsp;<strong>Fernando Marull&nbsp;<\/strong>arrojaron que la jubilaci\u00f3n m\u00ednima pasar\u00e1 de $137.216 en marzo a $172.463 en abril. En mayo no est\u00e1 definido el n\u00famero, pero deber\u00eda estar en los $193.294 en base a la estimaci\u00f3n del consultor sobre el IPC de marzo que se aplica ese mes. As\u00ed, los haberes de junio totalizar\u00e1n 215.396 pesos.<\/p>\n\n\n\n<p>Seg\u00fan los n\u00fameros de Marull, si el Gobierno no cambiaba la f\u00f3rmula la jubilaci\u00f3n m\u00ednima iba a ser de $137.216 en marzo, se mantendr\u00eda sin cambios, mientras que reci\u00e9n en junio se aplicar\u00e1 la suba en base a salarios y recaudaci\u00f3n de<strong>&nbsp;Anses&nbsp;<\/strong>para llegar a 201.170 pesos.<\/p>\n\n\n\n<p>\u201cLos haberes se actualizar\u00e1n mensualmente de acuerdo con las variaciones del Nivel General del \u00cdndice de Precios al Consumidor Nacional publicado por el INSTITUTO NACIONAL DE ESTAD\u00cdSTICA Y CENSOS (INDEC)\u201d, se estableci\u00f3 en el Decreto 274\/2024 publicado este lunes en el Bolet\u00edn Oficial.<\/p>\n\n\n\n<p>\u201cEn ning\u00fan caso la aplicaci\u00f3n de dicho \u00edndice podr\u00e1 producir la disminuci\u00f3n del haber que percibe el beneficiario\u201d, se aclar\u00f3 en la norma.<\/p>\n\n\n\n<p><img decoding=\"async\" loading=\"lazy\" alt=\"Evoluci\u00f3n de las jubilaci\u00f3n con nueva f\u00f3rmula vs f\u00f3rmula actual. (Fernando Marull)\" height=\"331\" width=\"434\" class=\"\" src=\"https:\/\/www.infobae.com\/new-resizer\/snF26CWb89xDyyrzdBk_WNea_n8=\/420x315\/filters:format(webp):quality(85)\/cloudfront-us-east-1.images.arcpublishing.com\/infobae\/WLU4XFO5AJDQJOW6M426B2LVTU.jpg%20420w\" srcset=\"https:\/\/www.infobae.com\/new-resizer\/snF26CWb89xDyyrzdBk_WNea_n8=\/420x315\/filters:format(webp):quality(85)\/cloudfront-us-east-1.images.arcpublishing.com\/infobae\/WLU4XFO5AJDQJOW6M426B2LVTU.jpg 420w,https:\/\/www.infobae.com\/new-resizer\/Kd7Haxql1nF6XHh61QXF4AqOExU=\/768x576\/filters:format(webp):quality(85)\/cloudfront-us-east-1.images.arcpublishing.com\/infobae\/WLU4XFO5AJDQJOW6M426B2LVTU.jpg 768w,https:\/\/www.infobae.com\/new-resizer\/nOhaJe6odKfWvW-mVF5EP0ZTcWg=\/992x744\/filters:format(webp):quality(85)\/cloudfront-us-east-1.images.arcpublishing.com\/infobae\/WLU4XFO5AJDQJOW6M426B2LVTU.jpg 992w,https:\/\/www.infobae.com\/new-resizer\/YDUOHsney1AFW4wVloU7481wFFM=\/1200x900\/filters:format(webp):quality(85)\/cloudfront-us-east-1.images.arcpublishing.com\/infobae\/WLU4XFO5AJDQJOW6M426B2LVTU.jpg 1200w,https:\/\/www.infobae.com\/new-resizer\/pDfy_ezN9OQdbOruFB96hoiZxus=\/1440x1080\/filters:format(webp):quality(85)\/cloudfront-us-east-1.images.arcpublishing.com\/infobae\/WLU4XFO5AJDQJOW6M426B2LVTU.jpg 1440w\">Evoluci\u00f3n de las jubilaci\u00f3n con nueva f\u00f3rmula vs f\u00f3rmula actual. (Fernando Marull)<\/p>\n\n\n\n<p>De acuerdo a la nueva f\u00f3rmula, ejemplificaron: \u201cEn julio de 2024 se abonar\u00e1 la variaci\u00f3n del \u00cdndice de Precios al Consumidor correspondiente a mayo de 2024. En agosto se abonar\u00e1 la variaci\u00f3n correspondiente a junio, y as\u00ed sucesivamente\u201d.<\/p>\n\n\n\n<p>En los considerando, el Gobierno cuestion\u00f3 la f\u00f3rmula de movilidad vigente:&nbsp;<strong>\u201cHa arrojado resultados desastrosos para los jubilados y pensionados del pa\u00eds, quienes han sufrido una notoria p\u00e9rdida del poder adquisitivo\u201d<\/strong>.<\/p>\n\n\n\n<p>\u201cLa urgente necesidad de modificar la f\u00f3rmula jubilatoria a los efectos de lograr mantener el est\u00e1ndar de vida de los adultos mayores y evitar que contin\u00faen perdiendo poder adquisitivo y el inminente inicio del mes de abril, cuyo transcurso dificultar\u00eda el debido empalme de f\u00f3rmulas dan cuenta de las circunstancias excepcionales que exigen el dictado del presente decreto\u201d, justific\u00f3.<\/p>\n\n\n\n<p>\u201cQue la gravedad de la crisis que enfrentan los adultos mayores hace que ellos no puedan aguardar hasta el mes de junio del corriente a\u00f1o para ver incrementados sus haberes\u201d, sentenci\u00f3 el Poder Ejecutivo a trav\u00e9s del decreto que lleva la firma de&nbsp;<strong>Javier Milei&nbsp;<\/strong>y de todo el Gabinete de Ministros.<\/p>\n\n\n\n<p>Pero estos no son todos los factores que van a influir en el monto que cobrar\u00e1n los jubilados el mes pr\u00f3ximo. Y eso es porque el Gobierno public\u00f3 la semana pasada un decreto que fija un nuevo bono de $70.000 para el mes que viene. Como siempre, aplica s\u00f3lo a las jubilaciones m\u00e1s bajas y no se suma linealmente al haber.<\/p>\n\n\n\n<h2>C\u00f3mo se aplica el bono de 70.000 pesos<\/h2>\n\n\n\n<p>El decreto que establece el bono fija que con el aumento del 27,18% que se otorg\u00f3 en marzo y el bono de hasta $70.000, las jubilaciones y pensiones de haberes m\u00ednimos estar\u00e1n cobrando $204.445 brutos. El total se desglosa en $134.445 de m\u00ednima m\u00e1s $70.000.<\/p>\n\n\n\n<p>Como el bono fijado por decreto se aplica sobre montos nominales, el aumento por el DNU de hoy que cambia la f\u00f3rmula de movilidad mueve el piso desde el que parte esa asignaci\u00f3n extra, pero no cambia el techo. Sin embargo, el&nbsp;<strong>Ministerio de Econom\u00eda<\/strong>&nbsp;inform\u00f3 que los beneficiarios de la m\u00ednima cobrar\u00e1n el bono completo a partir de un nuevo decreto que reemplazar\u00e1 al anterior.<\/p>\n\n\n\n<p>Con el esquema actual los jubilados que cobran la m\u00ednima percibir\u00eda los $172.463 de la nueva f\u00f3rmula m\u00e1s $33.228,91 de bono para alcanzar un total de $204.445, lo mismo que cobraron en marzo. Los que cobrar\u00edan entre $172.464 y $204.444 percibir\u00e1n tambi\u00e9n un bono que lleve a su desembolso hasta el l\u00edmite de $204.445.<\/p>\n\n\n\n<p>Con el cambio previsto, la jubilaci\u00f3n m\u00ednima saltar\u00e1 por encima de los $240.000 desde abril. Esto se desglosa en $172.463 m\u00e1s el refuerzo de $70.000 cuyas condiciones ser\u00e1n modificadas en las pr\u00f3ximas horas tal como informaron fuentes oficiales.<\/p>\n\n\n\n<p>Fuente: Infobae<\/p>\n","protected":false},"excerpt":{"rendered":"<div class=\"mh-excerpt\"><p>El Gobierno defini\u00f3 establecer por decreto una nueva\u00a0f\u00f3rmula de movilidad jubilatoria\u00a0que comenzar\u00e1 a reflejarse en los haberes a partir de julio y aplicar desde abril aumentos mensuales en base a la inflaci\u00f3n con dos meses de rezago, ante las dificultades de generar consensos con la oposici\u00f3n en el\u00a0Congreso. As\u00ed, desde el mes que viene la jubilaci\u00f3n m\u00ednima pasar\u00e1 de $137.216 a $172.463 pesos. Con el bono de $70.000 escalar\u00e1n a la zona de los 242.000 pesos. A partir de la confusi\u00f3n que gener\u00f3 el&nbsp;Decreto 274\/2024, por el cual se oficializaron los cambios, el vocero presidencial,&nbsp;Manuel Adorni, sali\u00f3 a explicar que <a class=\"mh-excerpt-more\" href=\"http:\/\/dsrmedios.com.ar\/diario\/archivos\/43674\" title=\"Jubilaciones: cu\u00e1nto cobrar\u00e1n en abril, qu\u00e9 pasar\u00e1 con el bono y c\u00f3mo ser\u00e1n los aumentos en los siguientes meses\">[Leer m\u00e1s]<\/a><\/p>\n<\/div>","protected":false},"author":8,"featured_media":23775,"comment_status":"open","ping_status":"closed","sticky":false,"template":"","format":"standard","meta":{"_jetpack_newsletter_access":""},"categories":[6],"tags":[],"jetpack_featured_media_url":"http:\/\/dsrmedios.com.ar\/diario\/wp-content\/uploads\/2021\/05\/jubilados-1.jpg","jetpack_sharing_enabled":true,"jetpack_shortlink":"https:\/\/wp.me\/p9fihK-bmq","_links":{"self":[{"href":"http:\/\/dsrmedios.com.ar\/diario\/wp-json\/wp\/v2\/posts\/43674"}],"collection":[{"href":"http:\/\/dsrmedios.com.ar\/diario\/wp-json\/wp\/v2\/posts"}],"about":[{"href":"http:\/\/dsrmedios.com.ar\/diario\/wp-json\/wp\/v2\/types\/post"}],"author":[{"embeddable":true,"href":"http:\/\/dsrmedios.com.ar\/diario\/wp-json\/wp\/v2\/users\/8"}],"replies":[{"embeddable":true,"href":"http:\/\/dsrmedios.com.ar\/diario\/wp-json\/wp\/v2\/comments?post=43674"}],"version-history":[{"count":1,"href":"http:\/\/dsrmedios.com.ar\/diario\/wp-json\/wp\/v2\/posts\/43674\/revisions"}],"predecessor-version":[{"id":43675,"href":"http:\/\/dsrmedios.com.ar\/diario\/wp-json\/wp\/v2\/posts\/43674\/revisions\/43675"}],"wp:featuredmedia":[{"embeddable":true,"href":"http:\/\/dsrmedios.com.ar\/diario\/wp-json\/wp\/v2\/media\/23775"}],"wp:attachment":[{"href":"http:\/\/dsrmedios.com.ar\/diario\/wp-json\/wp\/v2\/media?parent=43674"}],"wp:term":[{"taxonomy":"category","embeddable":true,"href":"http:\/\/dsrmedios.com.ar\/diario\/wp-json\/wp\/v2\/categories?post=43674"},{"taxonomy":"post_tag","embeddable":true,"href":"http:\/\/dsrmedios.com.ar\/diario\/wp-json\/wp\/v2\/tags?post=43674"}],"curies":[{"name":"wp","href":"https:\/\/api.w.org\/{rel}","templated":true}]}}