{"id":43660,"date":"2024-03-25T10:54:23","date_gmt":"2024-03-25T13:54:23","guid":{"rendered":"http:\/\/dsrmedios.com.ar\/diario\/?p=43660"},"modified":"2024-03-25T10:54:25","modified_gmt":"2024-03-25T13:54:25","slug":"andres-participo-en-el-primer-encuentro-del-ano-del-comite-de-cuencas-regional","status":"publish","type":"post","link":"http:\/\/dsrmedios.com.ar\/diario\/archivos\/43660","title":{"rendered":"<strong>Andres particip\u00f3 en el Primer Encuentro del A\u00f1o del Comit\u00e9 de Cuencas Regional<\/strong>"},"content":{"rendered":"\n<p>El Intendente de Adolfo Alsina, Javier Andres, Particip\u00f3 del&nbsp;Primer Encuentro del A\u00f1o del Comit\u00e9 de Cuencas Regional, encabezado por el Intendente de Guamin\u00ed, localidad anfitriona,&nbsp;Jos\u00e9 Augusto Nobre Ferreira, y la presencia del Presidente de la Autoridad del Agua, Dami\u00e1n Costamagno, y el Subsecretario de Recursos H\u00eddricos de la Provincia N\u00e9stor \u00c1lvarez.<\/p>\n\n\n\n<p>Trabajaron, entre otros temas, sobre la puesta en valor de la Estaci\u00f3n de Bombeo de la Ruta 65 y la reconstrucci\u00f3n de la defensa del Lago del Monte; sobre los proyectos a impulsar en el transcurso del a\u00f1o y la adecuaci\u00f3n del manual de consignas de manejo de sistema. Se actualizaron niveles de la cuenca y pron\u00f3sticos y tendencias, y se repasaron obras ejecutadas y en gesti\u00f3n en los dos organismos h\u00eddricos provinciales.<\/p>\n\n\n\n<p>Cabe destacar que tambi\u00e9n estuvieron presentes el Director Operativo de Hidr\u00e1ulica, Jos\u00e9 Donatueno, y miembros de las comisiones de los distritos participantes junto a autoridades de la Direcci\u00f3n Provincial de Hidr\u00e1ulica.<\/p>\n","protected":false},"excerpt":{"rendered":"<div class=\"mh-excerpt\"><p>El Intendente de Adolfo Alsina, Javier Andres, Particip\u00f3 del&nbsp;Primer Encuentro del A\u00f1o del Comit\u00e9 de Cuencas Regional, encabezado por el Intendente de Guamin\u00ed, localidad anfitriona,&nbsp;Jos\u00e9 Augusto Nobre Ferreira, y la presencia del Presidente de la Autoridad del Agua, Dami\u00e1n Costamagno, y el Subsecretario de Recursos H\u00eddricos de la Provincia N\u00e9stor \u00c1lvarez. Trabajaron, entre otros temas, sobre la puesta en valor de la Estaci\u00f3n de Bombeo de la Ruta 65 y la reconstrucci\u00f3n de la defensa del Lago del Monte; sobre los proyectos a impulsar en el transcurso del a\u00f1o y la adecuaci\u00f3n del manual de consignas de manejo de sistema. <a class=\"mh-excerpt-more\" href=\"http:\/\/dsrmedios.com.ar\/diario\/archivos\/43660\" title=\"Andres particip\u00f3 en el Primer Encuentro del A\u00f1o del Comit\u00e9 de Cuencas Regional\">[Leer m\u00e1s]<\/a><\/p>\n<\/div>","protected":false},"author":8,"featured_media":43661,"comment_status":"open","ping_status":"closed","sticky":false,"template":"","format":"standard","meta":{"_jetpack_newsletter_access":""},"categories":[18,31,5],"tags":[],"jetpack_featured_media_url":"http:\/\/dsrmedios.com.ar\/diario\/wp-content\/uploads\/2024\/03\/434304578_815087840655307_7763721367974007555_n.jpg","jetpack_sharing_enabled":true,"jetpack_shortlink":"https:\/\/wp.me\/p9fihK-bmc","_links":{"self":[{"href":"http:\/\/dsrmedios.com.ar\/diario\/wp-json\/wp\/v2\/posts\/43660"}],"collection":[{"href":"http:\/\/dsrmedios.com.ar\/diario\/wp-json\/wp\/v2\/posts"}],"about":[{"href":"http:\/\/dsrmedios.com.ar\/diario\/wp-json\/wp\/v2\/types\/post"}],"author":[{"embeddable":true,"href":"http:\/\/dsrmedios.com.ar\/diario\/wp-json\/wp\/v2\/users\/8"}],"replies":[{"embeddable":true,"href":"http:\/\/dsrmedios.com.ar\/diario\/wp-json\/wp\/v2\/comments?post=43660"}],"version-history":[{"count":1,"href":"http:\/\/dsrmedios.com.ar\/diario\/wp-json\/wp\/v2\/posts\/43660\/revisions"}],"predecessor-version":[{"id":43662,"href":"http:\/\/dsrmedios.com.ar\/diario\/wp-json\/wp\/v2\/posts\/43660\/revisions\/43662"}],"wp:featuredmedia":[{"embeddable":true,"href":"http:\/\/dsrmedios.com.ar\/diario\/wp-json\/wp\/v2\/media\/43661"}],"wp:attachment":[{"href":"http:\/\/dsrmedios.com.ar\/diario\/wp-json\/wp\/v2\/media?parent=43660"}],"wp:term":[{"taxonomy":"category","embeddable":true,"href":"http:\/\/dsrmedios.com.ar\/diario\/wp-json\/wp\/v2\/categories?post=43660"},{"taxonomy":"post_tag","embeddable":true,"href":"http:\/\/dsrmedios.com.ar\/diario\/wp-json\/wp\/v2\/tags?post=43660"}],"curies":[{"name":"wp","href":"https:\/\/api.w.org\/{rel}","templated":true}]}}