{"id":43636,"date":"2024-03-24T10:41:43","date_gmt":"2024-03-24T13:41:43","guid":{"rendered":"http:\/\/dsrmedios.com.ar\/diario\/?p=43636"},"modified":"2024-03-24T10:44:30","modified_gmt":"2024-03-24T13:44:30","slug":"si-luiggi-uno-vuelve-siempre","status":"publish","type":"post","link":"http:\/\/dsrmedios.com.ar\/diario\/archivos\/43636","title":{"rendered":"S\u00ed, Luiggi, uno vuelve siempre\u2026"},"content":{"rendered":"\n<p>Existe en nuestra provincia un enorme bagaje musical, con int\u00e9rpretes que abarcan todos los g\u00e9neros. Pero cabe decir que hubo antes una movida all\u00e1 por los a\u00f1os \u201870 y \u201880 que dej\u00f3 una indeleble huella.<\/p>\n\n\n\n<p>MARIO VEGA<\/p>\n\n\n\n<p>Supongo nos debe suceder a muchos. Eso de cada tanto hacer un alto y mirar hacia atr\u00e1s para repasar de qu\u00e9 manera hemos recorrido el camino de la vida. Con sus m\u00e1s y con sus menos\u2026<\/p>\n\n\n\n<p>Es ah\u00ed cuando se realiza una suerte de inventario, evaluando si tuvimos o no la fortuna de una buena vida. Y es en ese instante cuando nos asaltan como ramalazos los recuerdos, los de nuestra juventud y las andanzas de esos tiempos, de modo tal que parecer\u00eda que estamos viendo la pel\u00edcula de nuestra propia historia. Evocando con una sonrisa las buenas cosas que nos puedan haber sucedido; y poni\u00e9ndonos serios con las situaciones de angustias y dolores, que en alg\u00fan momento a todos nos tocaron.<\/p>\n\n\n\n<p>Volver a los viejos sitios.<\/p>\n\n\n\n<p>He transcurrido en esta ciudad desde siempre, y nunca me plantee irme a ning\u00fan lado, como no fuera de paseo. Otras personas de mi generaci\u00f3n un d\u00eda se marcharon\u2026 algunos a lejanas tierras de las que no piensan volver; otras a sitios m\u00e1s cercanos, pero tambi\u00e9n fuera de esta Santa Rosa querida.<\/p>\n\n\n\n<p>Estar\u00e1n los que se sientan muy a gusto en los lugares que eligieron para continuar el camino; y otros que quiz\u00e1s no tanto pero siguen\u2026 Pero asimismo unos\/as y otros\/as, me parece, necesitan cada tanto volver a los viejos sitios y a esos afectos que nunca se olvidan.<\/p>\n\n\n\n<p>Permitirse so\u00f1ar.<\/p>\n\n\n\n<p>Luiggi Corval\u00e1n (74) viene cada tanto a visitar a los suyos, a algunos familiares que le quedan por aqu\u00ed, a los amigos de siempre, y a caminar las calles de la ciudad que sigue amando\u2026<\/p>\n\n\n\n<p>Y de paso, cada vez que lo hace se permite so\u00f1ar\u2026 con un teatro colmado, con sus amigos en el escenario y en la platea, mientras el aire se va llenando de antiguas melod\u00edas\u2026 Y por qu\u00e9 no so\u00f1ar, si dicen que es gratis. Todav\u00eda.<\/p>\n\n\n\n<p>Y al cabo regresa porque \u2013como dice la canci\u00f3n&#8211; uno vuelve siempre a los viejos sitios\u2026 donde am\u00f3 la vida.<\/p>\n\n\n\n<p>Una gran movida.<\/p>\n\n\n\n<p>Son estos tiempos florecientes en nuestra m\u00fasica lugare\u00f1a. Con una enorme cantidad de artistas tocando, cantando e interpretando, en distintos escenarios, pero sumando adem\u00e1s a quienes hacen arte callejero, que cada vez son m\u00e1s los que se animan.<\/p>\n\n\n\n<p>Es una movida que puede llamar la atenci\u00f3n, pero que tiene su explicaci\u00f3n. Hay en estos d\u00edas muchos y diversos lugares donde capacitarse con la m\u00fasica, tanto en lo instrumental como en lo vocal, como el Crear, escuelas municipales, academias musicales, y tambi\u00e9n m\u00fasicos que tienen sus propios alumnos, que hacen que los int\u00e9rpretes sean cada vez m\u00e1s. Y tambi\u00e9n cantidad de escenarios donde presentarse a mostrar lo que saben hacer, desde el Teatro Espa\u00f1ol, ATTP y Teatrok\u00e9. Y est\u00e1n adem\u00e1s los y pub y bares donde los m\u00fasicos son muy bien recibidos.<\/p>\n\n\n\n<p>Otros tiempos..<\/p>\n\n\n\n<p>Pero hubo otra \u00e9poca, de menos posibilidades porque no exist\u00edan tantos lugares donde actuar, y porque obviamente la tecnolog\u00eda comparada con la de hoy era m\u00e1s vale escasa, y todo se hac\u00eda a puro pulm\u00f3n y ganas.<\/p>\n\n\n\n<p>Antes un cantante ten\u00eda que tener a su lado \u2013ineludiblemente&#8211; uno o m\u00e1s m\u00fasicos que lo acompa\u00f1aran con lo instrumental. Ahora, y desde hace bastante est\u00e1n las \u201cpistas\u201d &#8211;melod\u00edas que sirven a modo de soporte del int\u00e9rprete&#8211;, que llegaron para acompa\u00f1arlos.<\/p>\n\n\n\n<p>Aquella otra movida.<\/p>\n\n\n\n<p>Hace ya d\u00e9cadas, en esta querida Santa Rosa hab\u00eda tambi\u00e9n grupos de muchachos apasionados que, seguro, ten\u00edan la ilusi\u00f3n de convertirse en estrellas de la canci\u00f3n.<\/p>\n\n\n\n<p>Estaban los que hab\u00edan visto por primera vez a Los Fronterizos en la Escuela Hogar \u2013hoy dependencia del Ej\u00e9rcito&#8211; y quedaron enamorados del folklore; y otros que buscaban para otro lado, para otros g\u00e9neros musicales.<\/p>\n\n\n\n<p>Promediando los \u201870 \u2013y a\u00fan antes&#8211; era el advenimiento del fen\u00f3meno de Los Beatles. En tanto en nuestro pa\u00eds iban apareciendo Los Iracundos, Los Linces, Los \u00c1ngeles Negros, La Joven Guardia\u2026<\/p>\n\n\n\n<p>En Santa Rosa tambi\u00e9n se iban formando grupos seguidos entusiastamente por los j\u00f3venes de entonces. Y as\u00ed, despu\u00e9s de Los Violentos, surgieron Grupo 04, Clan 5, Sol Naciente, y muchos otros.<\/p>\n\n\n\n<p>\u201cFamoso\u201d de la \u00e9poca.<\/p>\n\n\n\n<p>Uno de aquellos m\u00fasicos que empezaron a ser reconocidos era Luis Alberto Corval\u00e1n, que trascender\u00eda m\u00e1s tarde como Luiggi Corval\u00e1n. Iba a ser uno de los \u201cfamosos\u201d de la \u00e9poca, con una voz y un estilo que algunos dec\u00edan lo asemejaban a Nino Bravo.<\/p>\n\n\n\n<p>Luiggi acept\u00f3 gustoso la charla conmigo, y mientras va recordando aspectos de su vida no deja de se\u00f1alar que tiene especial entusiasmo por la posibilidad de armar pr\u00f3ximamente un espect\u00e1culo en el Teatro Espa\u00f1ol, acompa\u00f1ado de algunos de sus tantos amigos de aquellos tiempos.<\/p>\n\n\n\n<p>La familia.<\/p>\n\n\n\n<p>Su padre se llamaba Luis Orlando, la mam\u00e1 Hilda Delia Molina, y tiene una \u00fanica hermana, Pochy, que contin\u00faa radicada por aqu\u00ed. \u201cMi querido viejito era mec\u00e1nico de la Agencia Oficial Ford, y despu\u00e9s puso su propio taller\u2026 y s\u00ed, viv\u00edamos en Villa Del Busto\u201d, expresa.<\/p>\n\n\n\n<p>Luis hoy est\u00e1 separado de la madre de sus hijos, a quien hab\u00eda conocido en Epecu\u00e9n una vez que fueron por una actuaci\u00f3n. Tiene dos hijos: Chantal que es docente; y Luciano administrativo en la municipalidad de Carhu\u00e9; y tambi\u00e9n est\u00e1n los nietos para alegrarle la existencia.<\/p>\n\n\n\n<p>\u201cCantaba muy bien Luis\u201d.<\/p>\n\n\n\n<p>Mi amigo Oscar Christensen estaba muy cerca de aquella movida de los a\u00f1os \u201870 y \u201880 \u2013lleg\u00f3 a integrar Clan 5 como baterista&#8211; y tiene un lindo recuerdo de Luis. \u201cEra excelente cantando, con un timbre de voz y un estilo muy parecidos a Nino Bravo. Se destac\u00f3 much\u00edsimo en Sol Naciente, que fue un grupo con unos m\u00fasicos terribles&#8230; Lo perd\u00ed de vista cuando se fue a vivir para el lado de la provincia de Buenos Aires; pero hace algunos meses lo vi en un par de programas de televisi\u00f3n; uno un concurso que ten\u00eda la conducci\u00f3n de Guido Kaczka donde lleg\u00f3 a estar entre los finalistas. S\u00ed, era bueno\u2026 muy bueno\u201d, reafirm\u00f3 El Ruso.<\/p>\n\n\n\n<p>El cuadrado m\u00e1gico.<\/p>\n\n\n\n<p>En estos d\u00edas Ra\u00fal Bustos \u2013\u201cEl Trompa\u201d, hombre del barrio Oeste&#8211; me contact\u00f3 con Luiggi, y surgi\u00f3 la posibilidad de conocer que fue de \u00e9l, y que como dice Oscar Christensen mucha gente de aquella \u00e9poca pueda saber qu\u00e9 anda haciendo en este tiempo. Porque como qued\u00f3 dicho se lo dej\u00f3 de ver por aqu\u00ed, y poco m\u00e1s supimos de \u00e9l.<\/p>\n\n\n\n<p>Luiggi Corval\u00e1n vivi\u00f3 su ni\u00f1ez y adolescencia en Villa del Busto. Y aqu\u00ed vuelvo sobre lo que dec\u00eda El Gallego Oscar Garc\u00eda en su libro \u201cLa Patria del coraz\u00f3n\u201d, donde afirmaba que \u201cdetr\u00e1s de las v\u00edas\u201d, hacia el norte de la ciudad, hay un \u201ccuadrado m\u00e1gico\u201d. Dice Garc\u00eda que en esa zona de la ciudad se mueven duendes que tendr\u00edan que ver conque por all\u00ed nacieran talentos de distintas vertientes: deportistas, m\u00fasicos, cient\u00edficos\u2026 S\u00ed, algo hay por all\u00ed Gallego.<\/p>\n\n\n\n<p>Las \u00e9pocas de pibe.<\/p>\n\n\n\n<p>Y narra Luis: \u201cSoy pampeano hasta la m\u00e9dula, y en Santa Rosa pas\u00e9 los mejores a\u00f1os de mi vida, y de mi ni\u00f1ez y adolescencia tengo los mejores recuerdos\u2026 con amigos maravillosos como Chispa L\u00f3pez, Jorgito Cenizo, Chiquito Moreno, Tachi Gaich, Omar L\u00f3pez, Negrito Ibarra, Sapito Santa Juliana, Carlitos V\u00e9rtiz, Hugo Dom\u00ednguez, Miguel Guzm\u00e1n\u2026 \u00a1tantos!.. Nos juntabamos en el m\u00e1stil de la Escuela 4 a charlar y tomar mate. Y \u00e9ramos felices d\u00e1ndole a la pelotita de trapo; y tambi\u00e9n con eso de comenzar con la m\u00fasica\u201d.<\/p>\n\n\n\n<p>Y sigue: \u201cEscuch\u00e1bamos a Los Iracundos\u2026 me encantaban y compraba sus discos para cantar en casa arriba de la m\u00fasica imitando a Franco\u201d.<\/p>\n\n\n\n<p>Paralelamente se acerc\u00f3 al grupo musical que ensayaba a la vuelta de su casa. \u201cEran Los Play Boy, que se estaban formando con Guillermo Mangano, Carlitos Nemesio en bater\u00eda, cantaba y muy bien Chiquito D\u00edaz, estaba Foreto con su guitarra y el Negro Ibarra con guitarra r\u00edtmica. Me pasaba noches escuch\u00e1ndolos, porque ya amaba la m\u00fasica. Es lo que m\u00e1s me gusta en la vida\u201d, enfatiza.<\/p>\n\n\n\n<p>Sol Naciente y otros grupos.<\/p>\n\n\n\n<p>Un d\u00eda, ya hab\u00eda hecho el Servicio Militar; Luis fue a cantar con el grupo Godo y Los Winders a Rivera (provincia de Buenos Aires). Fue del 71 al 74, y m\u00e1s tarde incursion\u00f3 en varios grupos en Santa Rosa\u2026 \u201cHasta que en 1977 tuve la suerte y el honor de entrar en Sol Naciente, cuando Conejo Rold\u00e1n sali\u00f3 a hacer su carrera de solista. Estuve cantando ah\u00ed hasta el \u201880, cuando hicimos la presentaci\u00f3n de despedida en el Teatro Espa\u00f1ol\u201d, rememora.<\/p>\n\n\n\n<p>Era el fin de un ciclo y el comienzo de otro: \u201cEmpec\u00e9 como solista, hasta que formamos Grupo Quetral con gente y m\u00fasicos de primer nivel. M\u00e1s tarde estuve en Los Trinos, otro grupo hermoso: Ad\u00e1n en teclado, Beto P\u00e9rez trompeta, y Alejandro un cantante b\u00e1rbaro. Tiempos del Club Argentino y esos bailes hermosos&#8230;\u201d.<\/p>\n\n\n\n<p>En Epecu\u00e9n.<\/p>\n\n\n\n<p>\u201cEn Quetral estaban Tachi Gaich, tremendo m\u00fasico en teclados; Jorgito Satragno en saxo y flauta traversa; y Chispa L\u00f3pez en bater\u00eda. \u00a1Y c\u00f3mo son las cosas\u2026 los tres se fueron de gira! Dejaron un gran vac\u00edo, tambi\u00e9n en lo humano\u201d, reconoci\u00f3 Luis. \u201cEran temas de David Heredia, de Nino Bravo, de varios cantantes\u2026 Llegamos a hacer un recital en el Teatro Espa\u00f1ol, que fue una linda puesta; pero al poquito tiempo nos disolvimos\u2026 Resulta que un d\u00eda vinieron unas personas de Carhu\u00e9, donde vivo hoy, a ofrecernos a tocar al lago Epecu\u00e9n, que era muy popular. Estuvimos toda la temporada con parte de Sol Naciente\u2026 M\u00e1ngano, Foreto, Chispa L\u00f3pez, y hab\u00eda una chica (Marcia) que cantaba tambi\u00e9n\u201d.<\/p>\n\n\n\n<p>Y ser\u00eda un paso trascendente porque termin\u00f3 por armar su vida en Carhu\u00e9. Se cas\u00f3, llegaron los hijos y se dedic\u00f3 a la producci\u00f3n de bailes. \u201cTra\u00edamos m\u00fasicos pampeanos a esas bailantas que eran muy lindas\u201d, evoc\u00f3.<\/p>\n\n\n\n<p>Novela con Grecia Colmenares.<\/p>\n\n\n\n<p>En 1987 Luiggi iba a conocer al actor Jorge Mart\u00ednez. \u201cMe ofreci\u00f3 trabajar en Buenos Aires con \u00e9l y me fui. Particip\u00e9 como extra en una novela, \u2018Mar\u00eda de Nadie\u2019, que estaba de moda y ten\u00eda como artista estelar a Grecia Colmenares. Despu\u00e9s fuimos a Formosa a trabajar en boliches, y m\u00e1s tarde me volv\u00ed y empec\u00e9 como solista y con pistas. Y sigo en eso\u2026 Nunca dej\u00e9 de cantar\u201d, indica.<\/p>\n\n\n\n<p>En 2018 particip\u00f3 del programa de Guido Kackzka. \u201cAh\u00ed hice un tema de Cacho Casta\u00f1a, y sali\u00f3 tan bien que Cacho me regal\u00f3 las pistas originales. Por eso siempre que puedo le hago una suerte de tributo\u2026 pero a mi estilo, sin imitarlo\u2026, porque la idea es hacerle un homenaje a \u00e9l, con un respeto inmenso como se lo merece\u201d, dice sobre su admiraci\u00f3n del creador de \u201cGarganta con arena\u201d.<\/p>\n\n\n\n<p>\u00a1Est\u00e1s igual, Luiggi!<\/p>\n\n\n\n<p>Quienes escuchan ahora mismo a Luiggi Corval\u00e1n advierten que tiene la misma voz que en sus mejores momentos. \u201cDebe ser porque jam\u00e1s fum\u00e9 ni beb\u00ed\u2026 y puedo decir que a mis 74 a\u00f1os tengo la misma voz de los 20 a\u00f1os; y lo compruebo midi\u00e9ndome con grabaciones m\u00edas de los a\u00f1os \u201870. Lo hago para saber d\u00f3nde estoy parado\u201d.<\/p>\n\n\n\n<p>Y se entusiasma con el resultado: \u201cDir\u00eda que estoy mejor que antes, con much\u00edsima m\u00e1s experiencia por supuesto y otra forma de cantar, con la misma textura y la misma coloratura de voz que eso para m\u00ed es todo. Y bueno, siempre con el respeto que el p\u00fablico se merece. Me sigue encantando estar arriba de un escenario, y me entrego por completo\u2026 y digo de verdad me siento m\u00e1s int\u00e9rprete que cantante, porque siento lo que voy diciendo\u2026 Por eso valoro esas canciones que tienen un contenido en sus letras\u2026 Me pasa con Cacho Casta\u00f1a, con Alberto Cortez; con algunas cosas de Sergio Denis\u201d, completa.<\/p>\n\n\n\n<p>Lo que viene.<\/p>\n\n\n\n<p>Se entusiasma Luis con el proyecto que quieren concretar con Oscar Martin \u2013tanguero de ley&#8211;, en una fecha pr\u00f3xima. \u201cCreemos que podemos hacer una cosa muy linda, y ya m\u00e1s o menos lo tenemos armado. Queremos hacerlo en Santa Rosa, si es posible en el Teatro Espa\u00f1ol, y en eso estamos\u201d, se ilusion\u00f3.<\/p>\n\n\n\n<p>Luiggi regresa cada tanto a visitar a los suyos que quedaron por aqu\u00ed, su hermana, sus amigos, y con la idea fija de volver a presentarse ante el p\u00fablico de Santa Rosa. Y sue\u00f1a\u2026 sue\u00f1a con un teatro colmado con su voz y esas melod\u00edas que siempre se recuerdan, interpretando esas letras que tengan contenido y emoci\u00f3n. Esa que lo embarga cuando vuelve atr\u00e1s en el tiempo y rememora aquellos viejos buenos tiempos.<\/p>\n\n\n\n<p>Al cabo porque \u2013como canta la Negra Sosa&#8211; uno vuelve siempre a los viejos sitios donde am\u00f3 la vida\u2026<\/p>\n\n\n\n<p>Un bar\u00edtono atenorado.<\/p>\n\n\n\n<p>\u201cEl timbre de voz de Luiggi Corval\u00e1n es muy particular\u2026 quiz\u00e1s podamos definirlo como un bar\u00edtono atenorado. Es una clasificaci\u00f3n no muy usada, y se define as\u00ed a aquellas personas que tienen un amplio registro que abarca notas oscuras o graves, y un l\u00edmite en los sonidos agudos. A eso suma la excelente interpretaci\u00f3n en cada una de las obras, sin hacer lo que muchos hacen que es imitar. \u00c9l tiene su propia versi\u00f3n de las canciones\u201d, elogi\u00f3 sin miramientos el maestro Alberto Carpio.<\/p>\n\n\n\n<p>Julio Braile, contempor\u00e1neo y amigo de Corval\u00e1n, sostuvo que tiene \u201cuna voz potente, muy linda\u2026 un registro b\u00e1rbaro. \u00c9l estaba en Clan 5 cuando nosotros est\u00e1bamos con Grupo 04\u201d, otro grupo ic\u00f3nico de la \u00e9poca.<\/p>\n\n\n\n<p>\u201cAunque nunca pudimos actuar juntos puedo decir que adem\u00e1s es muy buena persona y siempre tuvo una presencia muy linda, muy especial\u201d.<\/p>\n\n\n\n<p>Por su parte, el Ruso Christensen agreg\u00f3 que \u201cpudo haber trascendido a nivel nacional, pero no s\u00e9 luego qu\u00e9 pas\u00f3\u2026 Era de aquellos buenos vagos de esa \u00e9poca, que estuvieron siempre con la misma historia de la m\u00fasica, integrando bandas que en aquel momento se llamaban grupos o conjuntos\u2026 pero eran muy conocidos, aqu\u00ed y tambi\u00e9n en el pa\u00eds, porque actuaron en muchos lugares. Y la hago corta: Luiggi para m\u00ed ha sido el mejor cantante pop, o de rock popular de La Pampa\u201d, concluy\u00f3.<\/p>\n\n\n\n<p>Una an\u00e9cdota: \u00bfRitmo salvaje?<\/p>\n\n\n\n<p>Se r\u00ede con ganas Luiggi Corval\u00e1n al recordar aquella noche en el Club Argentino. \u201cTen\u00edamos un grupo que llamamos \u2018Los Salvajes\u2019, donde estaban Gori Gonz\u00e1lez, que tocaba guitarra r\u00edtmica; Gringo Zorzi en bater\u00eda; Paco Ibarra era primera guitarra; el Turquito Salom\u00f3n tocaba el bajo, y yo cantaba. Era uno de esos bailes impresionantes de Argentino y quisimos hacer un tema nuestro, \u2018Ritmo salvaje\u2019 le hab\u00edamos puesto. Desde un costado nos miraba un tipo un poco pasado de copas, y cuando terminamos nos dice: \u201c\u00a1La mi\u00e9rcoles, si ustedes son los salvajes; c\u00f3mo ser\u00e1n \u2018Los tranquilos\u2019! Y ten\u00eda raz\u00f3n, hicimos un tema horrible, pesado. Como ser\u00e1 que la gente no bail\u00f3 y casi que nos chiflaron\u2026 nos dio bastante verg\u00fcenza. Pero esas cosas pueden pasar&#8230;\u201d, justifica.<\/p>\n\n\n\n<p>Fuente: La arena<\/p>\n","protected":false},"excerpt":{"rendered":"<div class=\"mh-excerpt\"><p>Existe en nuestra provincia un enorme bagaje musical, con int\u00e9rpretes que abarcan todos los g\u00e9neros. Pero cabe decir que hubo antes una movida all\u00e1 por los a\u00f1os \u201870 y \u201880 que dej\u00f3 una indeleble huella. MARIO VEGA Supongo nos debe suceder a muchos. Eso de cada tanto hacer un alto y mirar hacia atr\u00e1s para repasar de qu\u00e9 manera hemos recorrido el camino de la vida. Con sus m\u00e1s y con sus menos\u2026 Es ah\u00ed cuando se realiza una suerte de inventario, evaluando si tuvimos o no la fortuna de una buena vida. Y es en ese instante cuando nos <a class=\"mh-excerpt-more\" href=\"http:\/\/dsrmedios.com.ar\/diario\/archivos\/43636\" title=\"S\u00ed, Luiggi, uno vuelve siempre\u2026\">[Leer m\u00e1s]<\/a><\/p>\n<\/div>","protected":false},"author":8,"featured_media":43638,"comment_status":"open","ping_status":"closed","sticky":false,"template":"","format":"standard","meta":{"_jetpack_newsletter_access":""},"categories":[32,31],"tags":[],"jetpack_featured_media_url":"http:\/\/dsrmedios.com.ar\/diario\/wp-content\/uploads\/2024\/03\/1711249751746.png","jetpack_sharing_enabled":true,"jetpack_shortlink":"https:\/\/wp.me\/p9fihK-blO","_links":{"self":[{"href":"http:\/\/dsrmedios.com.ar\/diario\/wp-json\/wp\/v2\/posts\/43636"}],"collection":[{"href":"http:\/\/dsrmedios.com.ar\/diario\/wp-json\/wp\/v2\/posts"}],"about":[{"href":"http:\/\/dsrmedios.com.ar\/diario\/wp-json\/wp\/v2\/types\/post"}],"author":[{"embeddable":true,"href":"http:\/\/dsrmedios.com.ar\/diario\/wp-json\/wp\/v2\/users\/8"}],"replies":[{"embeddable":true,"href":"http:\/\/dsrmedios.com.ar\/diario\/wp-json\/wp\/v2\/comments?post=43636"}],"version-history":[{"count":1,"href":"http:\/\/dsrmedios.com.ar\/diario\/wp-json\/wp\/v2\/posts\/43636\/revisions"}],"predecessor-version":[{"id":43637,"href":"http:\/\/dsrmedios.com.ar\/diario\/wp-json\/wp\/v2\/posts\/43636\/revisions\/43637"}],"wp:featuredmedia":[{"embeddable":true,"href":"http:\/\/dsrmedios.com.ar\/diario\/wp-json\/wp\/v2\/media\/43638"}],"wp:attachment":[{"href":"http:\/\/dsrmedios.com.ar\/diario\/wp-json\/wp\/v2\/media?parent=43636"}],"wp:term":[{"taxonomy":"category","embeddable":true,"href":"http:\/\/dsrmedios.com.ar\/diario\/wp-json\/wp\/v2\/categories?post=43636"},{"taxonomy":"post_tag","embeddable":true,"href":"http:\/\/dsrmedios.com.ar\/diario\/wp-json\/wp\/v2\/tags?post=43636"}],"curies":[{"name":"wp","href":"https:\/\/api.w.org\/{rel}","templated":true}]}}