{"id":43628,"date":"2024-03-23T21:08:39","date_gmt":"2024-03-24T00:08:39","guid":{"rendered":"http:\/\/dsrmedios.com.ar\/diario\/?p=43628"},"modified":"2024-03-23T21:08:41","modified_gmt":"2024-03-24T00:08:41","slug":"impuestos-gastos-y-presion-tributaria-buenos-aires-es-tan-austera-como-dice-axel-kicillof","status":"publish","type":"post","link":"http:\/\/dsrmedios.com.ar\/diario\/archivos\/43628","title":{"rendered":"Impuestos, gastos y presi\u00f3n tributaria: \u00bfBuenos Aires es tan austera como dice Axel Kicillof?"},"content":{"rendered":"\n<p>El aumento de impuestos dispuesto por la legislatura provincial de mayor\u00eda kirchnerista y el conato de rebeli\u00f3n fiscal del campo en la provincia de Buenos Aires volvi\u00f3 a atizar el conflicto entre el gobierno nacional y el del distrito subnacional m\u00e1s grande, poblado y de mayor peso econ\u00f3mico de la Argentina, cuyo gobernador,<a rel=\"noreferrer noopener\" href=\"https:\/\/www.infobae.com\/politica\/2023\/12\/11\/cristina-kirchner-asistira-a-la-jura-de-axel-kicillof-que-inicia-su-segundo-mandato-como-gobernador-de-la-provincia-de-buenos-aires\/\" target=\"_blank\"><strong>Axel Kicillof<\/strong><\/a>, afirm\u00f3 que la provincia tiene \u201cel estado m\u00e1s peque\u00f1o y m\u00e1s austero y de los que menos recursos tiene por habitante\u201d y que comparada con el promedio general \u201cgasta la mitad\u201d.<a rel=\"noreferrer noopener\" href=\"https:\/\/www.infobae.com\/economia\/2024\/03\/23\/como-reducir-costos-para-el-inquilino-a-la-hora-de-firmar-un-contrato-de-alquiler\/\" target=\"_blank\"><\/a><\/p>\n\n\n\n<p>El gobierno de&nbsp;<a rel=\"noreferrer noopener\" href=\"https:\/\/www.infobae.com\/politica\/2024\/03\/19\/jorge-macri-y-axel-kicillof-los-dos-casos-paradigmaticos-del-ajuste-fiscal-que-lleva-adelante-javier-milei\/\" target=\"_blank\"><strong>Javier Milei<\/strong><\/a>&nbsp;ve en Kicillof la contracara de su credo pol\u00edtico y econ\u00f3mico, y el gobernador bonaerense ve all\u00ed una oportunidad para posicionarse como principal cabeza de oposici\u00f3n. El ministro del Interior,&nbsp;<a rel=\"noreferrer noopener\" href=\"https:\/\/www.infobae.com\/politica\/2024\/03\/20\/en-pie-de-guerra-para-guillermo-francos-el-aumento-del-impuesto-inmobiliario-rural-de-axel-kicillof-es-una-especie-de-ley-125\/\" target=\"_blank\"><strong>Guillermo Francos<\/strong><\/a>, explicit\u00f3 esta situaci\u00f3n al resaltar: \u201cdif\u00edcilmente encontremos puntos de acuerdo (\u2026) nosotros queremos un pa\u00eds en libertad, absolutamente desregulado, y Kicillof quiere todo lo contrario, un pa\u00eds con alta regulaci\u00f3n, altos impuestos, haciendo todo mal adem\u00e1s\u201d.<\/p>\n\n\n\n<p>As\u00ed como antes lo hab\u00eda hecho\u00a0<a rel=\"noreferrer noopener\" href=\"https:\/\/www.infobae.com\/politica\/2024\/03\/18\/milei-ratifico-el-llamado-a-no-pagar-la-suba-de-impuestos-que-dispuso-kicillof-en-la-provincia-de-buenos-aires-2\/\" target=\"_blank\">el propio presidente,\u00a0<strong>Javier Milei<\/strong>,<\/a>\u00a0Francos reiter\u00f3 el aval oficial al llamado del diputado<a rel=\"noreferrer noopener\" href=\"https:\/\/www.infobae.com\/politica\/2024\/03\/16\/jose-luis-espert-no-hay-que-pagar-los-impuestos-que-quiere-kicillof-yo-no-los-voy-a-pagar\/\" target=\"_blank\"><strong>Jos\u00e9 Luis Espert<\/strong><\/a>\u00a0a no pagar el Impuesto Inmobiliario Rural bonaerense (IIRB). \u201cLa \u00fanica forma que (Kicillof) tiene de pagar la fiesta de gastos es aumentando los impuestos de una manera brutal\u201d que -dijo el ministro- \u201ces una especie de 125\u2033, por la resoluci\u00f3n que en 2008 desat\u00f3 el conflicto rural con el kirchnerismo y marc\u00f3 la pol\u00edtica argentina durante los \u00faltimos 16 a\u00f1os.<a rel=\"noreferrer noopener\" href=\"https:\/\/www.infobae.com\/economia\/2024\/03\/23\/que-jubilaciones-resultaran-de-la-nueva-formula-de-movilidad-previsional-el-analisis-de-los-expertos\/\" target=\"_blank\"><\/a><\/p>\n\n\n\n<p><img decoding=\"async\" loading=\"lazy\" alt=\"En relaci\u00f3n al PBI de cada distrito, PBA es el segundo distrito m\u00e1s &quot;austero&quot;, detr\u00e1s de CABA y en l\u00ednea con otros distritos de alta poblaci\u00f3n, como C\u00f3rdoba y Santa Fe \" height=\"1080\" width=\"1920\" class=\"\" src=\"https:\/\/www.infobae.com\/new-resizer\/DAZUPTE-l-NBP579AF-2n9kLWV0=\/420x236\/filters:format(webp):quality(85)\/cloudfront-us-east-1.images.arcpublishing.com\/infobae\/7OCW3D3AOFG2FBB43R4IYYKJNI.jpg%20420w\" srcset=\"https:\/\/www.infobae.com\/new-resizer\/DAZUPTE-l-NBP579AF-2n9kLWV0=\/420x236\/filters:format(webp):quality(85)\/cloudfront-us-east-1.images.arcpublishing.com\/infobae\/7OCW3D3AOFG2FBB43R4IYYKJNI.jpg 420w,https:\/\/www.infobae.com\/new-resizer\/gqnewfeKe5fIV51AxRaJJsM7cSg=\/768x432\/filters:format(webp):quality(85)\/cloudfront-us-east-1.images.arcpublishing.com\/infobae\/7OCW3D3AOFG2FBB43R4IYYKJNI.jpg 768w,https:\/\/www.infobae.com\/new-resizer\/5phs6wP9iDLKIn09wOf2Hv1niBo=\/992x558\/filters:format(webp):quality(85)\/cloudfront-us-east-1.images.arcpublishing.com\/infobae\/7OCW3D3AOFG2FBB43R4IYYKJNI.jpg 992w,https:\/\/www.infobae.com\/new-resizer\/Tkj3giOUn8nQyN1yv-DSXfCMQGY=\/1200x675\/filters:format(webp):quality(85)\/cloudfront-us-east-1.images.arcpublishing.com\/infobae\/7OCW3D3AOFG2FBB43R4IYYKJNI.jpg 1200w,https:\/\/www.infobae.com\/new-resizer\/NVRlxrgjCRmV2pIxKkODanTmExo=\/1440x810\/filters:format(webp):quality(85)\/cloudfront-us-east-1.images.arcpublishing.com\/infobae\/7OCW3D3AOFG2FBB43R4IYYKJNI.jpg 1440w\">En relaci\u00f3n al PBI de cada distrito, PBA es el segundo distrito m\u00e1s &#8220;austero&#8221;, detr\u00e1s de CABA y en l\u00ednea con otros distritos de alta poblaci\u00f3n, como C\u00f3rdoba y Santa Fe<\/p>\n\n\n\n<p>El vocero presidencial,&nbsp;<strong>Manuel Adorni<\/strong>, list\u00f3 a su vez&nbsp;<a rel=\"noreferrer noopener\" href=\"https:\/\/www.infobae.com\/politica\/2024\/03\/18\/haceme-tuyo-y-juguemos-piola-adorni-enumero-gastos-superfluos-del-gobierno-de-kicillof\/\" target=\"_blank\">gastos del gobierno de Kicillof<\/a>&nbsp;por $170.000 millones en \u201cpol\u00edticas de perspectiva de g\u00e9nero\u201d, am\u00e9n de programas como \u201cMar para Todas\u201d apuntado a mujeres LGBT, \u201cHaceme Tuya\u201d, de provisi\u00f3n de geles de lubricaci\u00f3n genital, \u201cJuguemos piola\u201d y \u201cBuen vivir\u201d, con fines l\u00fadicos y preceptos y pr\u00e1cticas ambientales, y fondos para viajes de egresados.<\/p>\n\n\n\n<p>Los principales focos del conflicto, al menos en la parte fiscal, fueron la sanci\u00f3n por la legislatura del aumento del IIRB, a fin de diciembre 2023, supuestamente con un tope del 200% anual y, dos meses despu\u00e9s, la decisi\u00f3n del gobierno nacional de eliminar por decreto el \u201cFondo de Fortalecimiento Fiscal de la Provincia de Buenos Aires\u201d que el gobierno de\u00a0<strong>Alberto Fern\u00e1ndez<\/strong>\u00a0hab\u00eda creado tambi\u00e9n por decreto en septiembre de 2020.<a rel=\"noreferrer noopener\" href=\"https:\/\/www.infobae.com\/economia\/2024\/03\/23\/el-banquero-de-wall-street-que-mas-estudio-a-la-argentina-milei-es-el-primer-presidente-que-no-le-echa-la-culpa-a-otros-por-la-deuda\/\" target=\"_blank\"><\/a><\/p>\n\n\n\n<p><img decoding=\"async\" loading=\"lazy\" alt=\"El gr\u00e1fico marca las cuotas de fondos &quot;discrecionales&quot; que recibieron las provincias en 2023. A Buenos Aires fue casi la mitad del total, lo que compens\u00f3 en parte su bajo porcentaje en el reparto &quot;autom\u00e1tico&quot; de coparticipaci\u00f3n\" height=\"1118\" width=\"1920\" class=\"\" src=\"https:\/\/www.infobae.com\/new-resizer\/SAImlibiFVyoLl7ktnToMyEp4pI=\/992x606\/filters:format(webp):quality(85)\/cloudfront-us-east-1.images.arcpublishing.com\/infobae\/YOEFVI5FAVF43OX365FPPHOLJE.jpg%20992w\" srcset=\"https:\/\/www.infobae.com\/new-resizer\/SAImlibiFVyoLl7ktnToMyEp4pI=\/992x606\/filters:format(webp):quality(85)\/cloudfront-us-east-1.images.arcpublishing.com\/infobae\/YOEFVI5FAVF43OX365FPPHOLJE.jpg 992w\">El gr\u00e1fico marca las cuotas de fondos &#8220;discrecionales&#8221; que recibieron las provincias en 2023. A Buenos Aires fue casi la mitad del total, lo que compens\u00f3 en parte su bajo porcentaje en el reparto &#8220;autom\u00e1tico&#8221; de coparticipaci\u00f3n<\/p>\n\n\n\n<p>Esa medida, en respuesta a un conato de rebeli\u00f3n de la polic\u00eda bonaerense debido a causas salariales, favoreci\u00f3 claramente al gobiernode Kicillof en detrimento del porte\u00f1o y, en rigor, del resto de las provincias, al punto de que -como muestra el gr\u00e1fico de arriba- en 2023 recibi\u00f3 en \u201ctransferencias discrecionales\u201d -esto es, por fuera de las \u201cautom\u00e1ticas\u201d que establece la ley 23.548, de \u201cCoparticipaci\u00f3n Federal\u201d- el 49,5% del total. Esto es, casi lo mismo que las 22 restantes grandes jurisdicciones del pa\u00eds y el distrito porte\u00f1o sumados.<\/p>\n\n\n\n<p>Debe tenerse en cuenta, adem\u00e1s, que esa cuenta deja de lado las transferencias directas de Naci\u00f3n a municipios: en 2022, precis\u00f3 entonces un estudio de la consultora Aerarium, los municipios bonaerenses (y, en particular, los del oficialismo provincial) recibieron 61% de los recursos por esa v\u00eda en todo el pa\u00eds.<\/p>\n\n\n\n<p>Adem\u00e1s, si se excluyen la provincia y la Ciudad de Buenos Aires y las provincias de Santa Fe y C\u00f3rdoba, , la relativa paridad que exhibe que exhibe el reparto en el resto del pa\u00eds (20 de los 24 distritos recibieron porcentajes que van del 3% al 0,7%) esconde en realidad grandes disparidades: Mendoza, con m\u00e1s de dos millones de habitantes, recibi\u00f3 1,8%, apenas una d\u00e9cima de punto por encima del 1,7% de Santa Cruz, que seg\u00fan el Censo 2022 tiene 333.000 habitantes, m\u00e1s de la sexta parte.<\/p>\n\n\n\n<h2>\u00bfImpuestazo?<\/h2>\n\n\n\n<p><strong>Cristian Girard<\/strong>, director de ARBA, la agencia de recaudaci\u00f3n fiscal bonaerense,&nbsp;<a rel=\"noreferrer noopener\" href=\"https:\/\/www.infobae.com\/opinion\/2024\/03\/18\/no-hay-ningun-impuestazo-en-la-provincia-de-buenos-aires\/\" target=\"_blank\">neg\u00f3 en&nbsp;<strong>Infobae<\/strong><\/a>que haya un \u201cimpuestazo\u201d bonaerense. Solo los campos cuyo valor excede de $199 millones (0,71% de las poco m\u00e1s de 300.000 \u201cpartidas rurales\u201d de la provincia), afirm\u00f3, recibieron aumentos superiores a 200 por ciento.<\/p>\n\n\n\n<blockquote class=\"wp-block-quote\">\n<p>Solo los campos cuyo valor excede de $199 millones (0,71% de las poco m\u00e1s de 300.000 \u201cpartidas rurales\u201d de la provincia) recibieron aumentos superiores a 200 por ciento (Girard)<\/p>\n<\/blockquote>\n\n\n\n<p>Sin embargo,&nbsp;<a rel=\"noreferrer noopener\" href=\"https:\/\/www.infobae.com\/economia\/campo\/2024\/03\/20\/productores-plantean-no-pagar-subas-excesivas-del-inmobiliario-rural-bonaerense-al-denunciar-que-llegan-hasta-el-500\/\" target=\"_blank\">productores rurales<\/a>&nbsp;de Salto, Saliquell\u00f3, San Antonio de Areco y otras localidades bonaerenses denunciaron incrementos de hasta 500%, de ah\u00ed que entidades de la Mesa de Enlace&nbsp;<a rel=\"noreferrer noopener\" href=\"https:\/\/www.infobae.com\/economia\/campo\/2024\/03\/22\/la-sociedad-rural-se-metio-en-la-polemica-por-la-suba-de-impuestos-en-buenos-aires-y-alerto-que-los-productores-atraviesan-una-situacion-critica\/\" target=\"_blank\">estudian estrategias judiciales<\/a>, que podr\u00edan llegar a \u201cacciones colectivas\u201d para no pagarlos, por su car\u00e1cter \u201cconfiscatorio\u201d.<\/p>\n\n\n\n<p><img decoding=\"async\" loading=\"lazy\" alt=\"Una de las asambleas de productores rurales en el interior bonaerense, para evaluar qu\u00e9 hacer ante el aumento del inmobiliario rural\" height=\"1445\" width=\"1920\" class=\"\" src=\"https:\/\/www.infobae.com\/new-resizer\/ghr3lySL67NqS5L6-dva12rK0KU=\/420x315\/filters:format(webp):quality(85)\/cloudfront-us-east-1.images.arcpublishing.com\/infobae\/RV3IJEWWDNDKZASBTBQ2HG6C6I.jpeg%20420w\" srcset=\"https:\/\/www.infobae.com\/new-resizer\/ghr3lySL67NqS5L6-dva12rK0KU=\/420x315\/filters:format(webp):quality(85)\/cloudfront-us-east-1.images.arcpublishing.com\/infobae\/RV3IJEWWDNDKZASBTBQ2HG6C6I.jpeg 420w,https:\/\/www.infobae.com\/new-resizer\/aG0-ostASfwDHtCqu1q4_yUSAjg=\/768x576\/filters:format(webp):quality(85)\/cloudfront-us-east-1.images.arcpublishing.com\/infobae\/RV3IJEWWDNDKZASBTBQ2HG6C6I.jpeg 768w,https:\/\/www.infobae.com\/new-resizer\/-LdU41SmuYN4ST1eCVzV55aUqds=\/992x744\/filters:format(webp):quality(85)\/cloudfront-us-east-1.images.arcpublishing.com\/infobae\/RV3IJEWWDNDKZASBTBQ2HG6C6I.jpeg 992w,https:\/\/www.infobae.com\/new-resizer\/f-PEYDh6ylIh-Kigr4BBkimFN1o=\/1200x900\/filters:format(webp):quality(85)\/cloudfront-us-east-1.images.arcpublishing.com\/infobae\/RV3IJEWWDNDKZASBTBQ2HG6C6I.jpeg 1200w,https:\/\/www.infobae.com\/new-resizer\/sAXIMDYs-a_GIrty4by_fO6uCZQ=\/1440x1080\/filters:format(webp):quality(85)\/cloudfront-us-east-1.images.arcpublishing.com\/infobae\/RV3IJEWWDNDKZASBTBQ2HG6C6I.jpeg 1440w\">Una de las asambleas de productores rurales en el interior bonaerense, para evaluar qu\u00e9 hacer ante el aumento del inmobiliario rural<\/p>\n\n\n\n<p>\u00bfCu\u00e1n \u201caustero\u201d, como dice Kicillof, es el gobierno bonaerense? Por cierto, los programas listados por Adorni, el vocero presidencial, no sustentan la afirmaci\u00f3n del gobernador. En t\u00e9rminos m\u00e1s anal\u00edticos,&nbsp;<strong>Marcelo Capello<\/strong>, experto en federalismo fiscal y vicepresidente del Ieral de Fundaci\u00f3n Mediterr\u00e1nea, cont\u00f3 a&nbsp;<strong>Infobae<\/strong>&nbsp;que la provincia de Buenos Aires, \u201cdada su enorme poblaci\u00f3n con relaci\u00f3n al resto de las jurisdicciones es normal que presente un gasto provincial per c\u00e1pita inferior al resto, por las mayores econom\u00edas de escala con que cuenta\u201d.<\/p>\n\n\n\n<blockquote class=\"wp-block-quote\">\n<p>Buenos Aires, dada su enorme poblaci\u00f3n con relaci\u00f3n al resto de las jurisdicciones es normal que presente un gasto provincial per c\u00e1pita inferior al resto, por las mayores econom\u00edas de escala con que cuenta (Capello)<\/p>\n<\/blockquote>\n\n\n\n<p>En base a datos completos, incluidos de 2022, Capello precis\u00f3 que ese a\u00f1o la provincia contaba con un gasto por habitante equivalente al 80% de Mendoza y C\u00f3rdoba y que si se considera el gasto en relaci\u00f3n al Producto Bruto Geogr\u00e1fico (PBG, el PBI provincial) el gasto bonaerense es superior al de la Ciudad Aut\u00f3noma de Buenos Aires y pr\u00e1cticamente igual al de Santa Fe.<\/p>\n\n\n\n<h2>Del dicho al hecho<\/h2>\n\n\n\n<p>En su diatriba contra la p\u00e9rdida del Fondo de Fortalecimiento Fiscal y la pol\u00edtica econ\u00f3mica del gobierno nacional, Axel Kicillof afirm\u00f3: \u201cBuenos Aires aporta el 40% de los recursos de coparticipaci\u00f3n federal y recibimos cerca del 20%\u201d, algo que consider\u00f3 \u201cuna injusticia\u201d.<\/p>\n\n\n\n<p><img decoding=\"async\" loading=\"lazy\" alt=\"Selfies y alegr\u00eda en la partida de uno de los viajes de egresados pagado con fondos del gobierno bonaerense \n\" height=\"1079\" width=\"1920\" class=\"\" src=\"https:\/\/www.infobae.com\/new-resizer\/_kD8SnljEDjZlrG3g5ZgsOht3Ro=\/420x236\/filters:format(webp):quality(85)\/cloudfront-us-east-1.images.arcpublishing.com\/infobae\/VOEY253W4NHQZLPKROY7FFVEGQ.jpeg%20420w\" srcset=\"https:\/\/www.infobae.com\/new-resizer\/_kD8SnljEDjZlrG3g5ZgsOht3Ro=\/420x236\/filters:format(webp):quality(85)\/cloudfront-us-east-1.images.arcpublishing.com\/infobae\/VOEY253W4NHQZLPKROY7FFVEGQ.jpeg 420w,https:\/\/www.infobae.com\/new-resizer\/4FheVPiBMuvrDJpBL4Vo7ql7I-M=\/768x432\/filters:format(webp):quality(85)\/cloudfront-us-east-1.images.arcpublishing.com\/infobae\/VOEY253W4NHQZLPKROY7FFVEGQ.jpeg 768w,https:\/\/www.infobae.com\/new-resizer\/vBk244WQYe3r0nzbdZQSgmCMbnE=\/992x558\/filters:format(webp):quality(85)\/cloudfront-us-east-1.images.arcpublishing.com\/infobae\/VOEY253W4NHQZLPKROY7FFVEGQ.jpeg 992w,https:\/\/www.infobae.com\/new-resizer\/kPMjjHaxHcnIz53TYRJuRuGaEoo=\/1200x675\/filters:format(webp):quality(85)\/cloudfront-us-east-1.images.arcpublishing.com\/infobae\/VOEY253W4NHQZLPKROY7FFVEGQ.jpeg 1200w,https:\/\/www.infobae.com\/new-resizer\/67eoynRzRtDteqcwHJEUXh8Uguc=\/1440x810\/filters:format(webp):quality(85)\/cloudfront-us-east-1.images.arcpublishing.com\/infobae\/VOEY253W4NHQZLPKROY7FFVEGQ.jpeg 1440w\">Selfies y alegr\u00eda en la partida de uno de los viajes de egresados pagado con fondos del gobierno bonaerense<\/p>\n\n\n\n<p>M\u00e1s preciso, Marcelo Capello destac\u00f3 que seg\u00fan el \u00faltimo estudio sobre las contribuciones provinciales a la torta recaudatoria nacional, Buenos Aires no aporta 40%, como dijo Kicillof, sino 34,7 por ciento.<\/p>\n\n\n\n<p>\u201cLa provincia cuenta con 38% de la poblaci\u00f3n del pa\u00eds y la Ley de Coparticipaci\u00f3n vigente (23.548, desde enero de 1989), le asign\u00f3 22% de coparticipaci\u00f3n. Se trata de un porcentaje relativamente bajo. Pero es la Ley vigente. No obstante, las provincias reciben otras transferencias autom\u00e1ticas, adem\u00e1s de la coparticipaci\u00f3n, y giros discrecionales (corrientes y de capital)\u201d, precis\u00f3.<\/p>\n\n\n\n<blockquote class=\"wp-block-quote\">\n<p>El punto m\u00e1s bajo fue en 2014, cuando el gobernador de la provincia era Daniel Scioli y el ministro de Econom\u00eda de la Naci\u00f3n era Axel Kicillof<\/p>\n<\/blockquote>\n\n\n\n<p>Lo m\u00e1s parad\u00f3jico es que, cuando se analiza la evoluci\u00f3n de los fondos que en todo concepto (\u201cautom\u00e1ticos\u201d y \u201cdiscrecionales\u201d) recibi\u00f3 Buenos Aires desde 1989, cuando entr\u00f3 en vigencia la actual Ley de Coparticipaci\u00f3n, el punto m\u00e1s bajo fue en 2014, cuando el gobernador de la provincia era&nbsp;<strong>Daniel Scioli<\/strong>&nbsp;y el ministro de Econom\u00eda de la Naci\u00f3n era Axel Kicillof.<\/p>\n\n\n\n<p><img decoding=\"async\" loading=\"lazy\" alt=\"Marcelo Capello destac\u00f3 que seg\u00fan el \u00faltimo estudio sobre las contribuciones provinciales a la torta recaudatoria nacional, Buenos Aires no aporta 40%, como dijo Kicillof, sino 34,7 por ciento\" height=\"1080\" width=\"1920\" class=\"\" src=\"https:\/\/www.infobae.com\/new-resizer\/Ve8Mg7BIH0OL0E3M-sbMoqcgnkI=\/420x236\/filters:format(webp):quality(85)\/cloudfront-us-east-1.images.arcpublishing.com\/infobae\/U7CLS7P7OZHKZHAXD3TZAS4HQQ.jpg%20420w\" srcset=\"https:\/\/www.infobae.com\/new-resizer\/Ve8Mg7BIH0OL0E3M-sbMoqcgnkI=\/420x236\/filters:format(webp):quality(85)\/cloudfront-us-east-1.images.arcpublishing.com\/infobae\/U7CLS7P7OZHKZHAXD3TZAS4HQQ.jpg 420w,https:\/\/www.infobae.com\/new-resizer\/UwyRx1eosZq5BWlhMCRBDrhThcQ=\/768x432\/filters:format(webp):quality(85)\/cloudfront-us-east-1.images.arcpublishing.com\/infobae\/U7CLS7P7OZHKZHAXD3TZAS4HQQ.jpg 768w,https:\/\/www.infobae.com\/new-resizer\/5GGxlKL-O3_5JDVsi2e1FBfMkhM=\/992x558\/filters:format(webp):quality(85)\/cloudfront-us-east-1.images.arcpublishing.com\/infobae\/U7CLS7P7OZHKZHAXD3TZAS4HQQ.jpg 992w,https:\/\/www.infobae.com\/new-resizer\/R-uF5B_g1GIvyT7Hb52LV5nz4xY=\/1200x675\/filters:format(webp):quality(85)\/cloudfront-us-east-1.images.arcpublishing.com\/infobae\/U7CLS7P7OZHKZHAXD3TZAS4HQQ.jpg 1200w,https:\/\/www.infobae.com\/new-resizer\/aLmG34zB3OR6xDy8Ajb5KVIPZy8=\/1440x810\/filters:format(webp):quality(85)\/cloudfront-us-east-1.images.arcpublishing.com\/infobae\/U7CLS7P7OZHKZHAXD3TZAS4HQQ.jpg 1440w\">Marcelo Capello destac\u00f3 que seg\u00fan el \u00faltimo estudio sobre las contribuciones provinciales a la torta recaudatoria nacional, Buenos Aires no aporta 40%, como dijo Kicillof, sino 34,7 por ciento<\/p>\n\n\n\n<p>\u201cEntre 1989 y 1995 la participaci\u00f3n pas\u00f3 de 19,5% a 26%, cuando se cre\u00f3 el Fondo del Conurbano Bonaerense (FCB) en los primeros a\u00f1os de la Gobernaci\u00f3n de&nbsp;<strong>Eduardo Duhalde<\/strong>. Tras imponerse un techo al FCB la participaci\u00f3n bonaerense cay\u00f3 hasta un m\u00ednimo de 18,5% en 2014. A partir de 2016, por env\u00edo de m\u00e1s recursos discrecionales y luego, con la eliminaci\u00f3n del Fondo, que hab\u00eda empezado a perjudicarla, Buenos Aires comenz\u00f3 a mejorar su participaci\u00f3n en el total de env\u00edos, llegando en el primer per\u00edodo del actual gobernador a participaciones similares a las que hab\u00eda tenido Duhalde entre 1994 y 1996\u2033, recapitul\u00f3 Capello.<\/p>\n\n\n\n<h2>La ley y las trampas<\/h2>\n\n\n\n<p>\u201cEn la actual Ley, la provincia tiene asignado un coeficiente relativamente bajo, pero cuando se consideran tambi\u00e9n las transferencias discrecionales, su participaci\u00f3n mejor\u00f3 mucho en los \u00faltimos a\u00f1os, especialmente con Alberto Fern\u00e1ndez, y en la gobernaci\u00f3n de Kicillof, junto a la de Duhalde, se pudieron observar las mayores participaciones de PBA en casi 35 a\u00f1os\u201d, subray\u00f3 el experto mediterr\u00e1neo.<\/p>\n\n\n\n<p><img decoding=\"async\" loading=\"lazy\" alt=\"Recursos tributarios propios por habitante, una aproximaci\u00f3n a la &quot;presi\u00f3n tributaria&quot; de cada distrito. CABA, el m\u00e1s rico, es el primero, lejos. Buenos Aires recauda por habitante algo menos que el promedio, pero en relaci\u00f3n al PBI Geogr\u00e1fico tiene una presi\u00f3n relativamente alta\" height=\"1341\" width=\"1920\" class=\"\" src=\"https:\/\/www.infobae.com\/new-resizer\/DtK9J-lU-Atb-_JWOIOPnGTACwQ=\/420x280\/filters:format(webp):quality(85)\/cloudfront-us-east-1.images.arcpublishing.com\/infobae\/O5XQII3PRFHQPA53ZTUPYNLJ4A.jpg%20420w\" srcset=\"https:\/\/www.infobae.com\/new-resizer\/DtK9J-lU-Atb-_JWOIOPnGTACwQ=\/420x280\/filters:format(webp):quality(85)\/cloudfront-us-east-1.images.arcpublishing.com\/infobae\/O5XQII3PRFHQPA53ZTUPYNLJ4A.jpg 420w,https:\/\/www.infobae.com\/new-resizer\/3bc1VXirZktkpSDljek5hOVUFHQ=\/768x512\/filters:format(webp):quality(85)\/cloudfront-us-east-1.images.arcpublishing.com\/infobae\/O5XQII3PRFHQPA53ZTUPYNLJ4A.jpg 768w,https:\/\/www.infobae.com\/new-resizer\/l6mrJ2XKnvLd-rZJVZbw2tN3Uwo=\/992x661\/filters:format(webp):quality(85)\/cloudfront-us-east-1.images.arcpublishing.com\/infobae\/O5XQII3PRFHQPA53ZTUPYNLJ4A.jpg 992w,https:\/\/www.infobae.com\/new-resizer\/CEJHDe07Izbg0KrjtT7Dd5ANp7k=\/1200x800\/filters:format(webp):quality(85)\/cloudfront-us-east-1.images.arcpublishing.com\/infobae\/O5XQII3PRFHQPA53ZTUPYNLJ4A.jpg 1200w,https:\/\/www.infobae.com\/new-resizer\/2naZMz43t3QPAEF6m7sLbU4FKL8=\/1440x960\/filters:format(webp):quality(85)\/cloudfront-us-east-1.images.arcpublishing.com\/infobae\/O5XQII3PRFHQPA53ZTUPYNLJ4A.jpg 1440w\">Recursos tributarios propios por habitante, una aproximaci\u00f3n a la &#8220;presi\u00f3n tributaria&#8221; de cada distrito. CABA, el m\u00e1s rico, es el primero, lejos. Buenos Aires recauda por habitante algo menos que el promedio, pero en relaci\u00f3n al PBI Geogr\u00e1fico tiene una presi\u00f3n relativamente alta<\/p>\n\n\n\n<p>En cuanto a la presi\u00f3n tributaria, Marcelo Capello precis\u00f3 que Buenos Aires la tiene relativamente alta (5,1% de su PBG), solo superada por CABA entre los distritos subnacionales m\u00e1s poblados.<\/p>\n\n\n\n<p>Mendoza, C\u00f3rdoba y Santa Fe, que completan el quinteto de los distritos m\u00e1s poblados de la Argentina, tienen menos presi\u00f3n tributaria que la provincia de Buenos Aires, concluy\u00f3 el investigador del Ieral.<\/p>\n\n\n\n<p>Fuente: Infobae<\/p>\n","protected":false},"excerpt":{"rendered":"<div class=\"mh-excerpt\"><p>El aumento de impuestos dispuesto por la legislatura provincial de mayor\u00eda kirchnerista y el conato de rebeli\u00f3n fiscal del campo en la provincia de Buenos Aires volvi\u00f3 a atizar el conflicto entre el gobierno nacional y el del distrito subnacional m\u00e1s grande, poblado y de mayor peso econ\u00f3mico de la Argentina, cuyo gobernador,Axel Kicillof, afirm\u00f3 que la provincia tiene \u201cel estado m\u00e1s peque\u00f1o y m\u00e1s austero y de los que menos recursos tiene por habitante\u201d y que comparada con el promedio general \u201cgasta la mitad\u201d. El gobierno de&nbsp;Javier Milei&nbsp;ve en Kicillof la contracara de su credo pol\u00edtico y econ\u00f3mico, y <a class=\"mh-excerpt-more\" href=\"http:\/\/dsrmedios.com.ar\/diario\/archivos\/43628\" title=\"Impuestos, gastos y presi\u00f3n tributaria: \u00bfBuenos Aires es tan austera como dice Axel Kicillof?\">[Leer m\u00e1s]<\/a><\/p>\n<\/div>","protected":false},"author":8,"featured_media":33910,"comment_status":"open","ping_status":"closed","sticky":false,"template":"","format":"standard","meta":{"_jetpack_newsletter_access":""},"categories":[7],"tags":[],"jetpack_featured_media_url":"http:\/\/dsrmedios.com.ar\/diario\/wp-content\/uploads\/2023\/05\/p14-axel-kicillof-n_optjpeg.jpeg","jetpack_sharing_enabled":true,"jetpack_shortlink":"https:\/\/wp.me\/p9fihK-blG","_links":{"self":[{"href":"http:\/\/dsrmedios.com.ar\/diario\/wp-json\/wp\/v2\/posts\/43628"}],"collection":[{"href":"http:\/\/dsrmedios.com.ar\/diario\/wp-json\/wp\/v2\/posts"}],"about":[{"href":"http:\/\/dsrmedios.com.ar\/diario\/wp-json\/wp\/v2\/types\/post"}],"author":[{"embeddable":true,"href":"http:\/\/dsrmedios.com.ar\/diario\/wp-json\/wp\/v2\/users\/8"}],"replies":[{"embeddable":true,"href":"http:\/\/dsrmedios.com.ar\/diario\/wp-json\/wp\/v2\/comments?post=43628"}],"version-history":[{"count":1,"href":"http:\/\/dsrmedios.com.ar\/diario\/wp-json\/wp\/v2\/posts\/43628\/revisions"}],"predecessor-version":[{"id":43629,"href":"http:\/\/dsrmedios.com.ar\/diario\/wp-json\/wp\/v2\/posts\/43628\/revisions\/43629"}],"wp:featuredmedia":[{"embeddable":true,"href":"http:\/\/dsrmedios.com.ar\/diario\/wp-json\/wp\/v2\/media\/33910"}],"wp:attachment":[{"href":"http:\/\/dsrmedios.com.ar\/diario\/wp-json\/wp\/v2\/media?parent=43628"}],"wp:term":[{"taxonomy":"category","embeddable":true,"href":"http:\/\/dsrmedios.com.ar\/diario\/wp-json\/wp\/v2\/categories?post=43628"},{"taxonomy":"post_tag","embeddable":true,"href":"http:\/\/dsrmedios.com.ar\/diario\/wp-json\/wp\/v2\/tags?post=43628"}],"curies":[{"name":"wp","href":"https:\/\/api.w.org\/{rel}","templated":true}]}}