{"id":43608,"date":"2024-03-21T12:38:02","date_gmt":"2024-03-21T15:38:02","guid":{"rendered":"http:\/\/dsrmedios.com.ar\/diario\/?p=43608"},"modified":"2024-03-21T12:38:05","modified_gmt":"2024-03-21T15:38:05","slug":"ganancias-proponen-cubrir-recorte-de-nacion-con-suba-exclusiva-para-grandes-contribuyentes","status":"publish","type":"post","link":"http:\/\/dsrmedios.com.ar\/diario\/archivos\/43608","title":{"rendered":"Ganancias: proponen cubrir recorte de Naci\u00f3n con suba exclusiva para grandes contribuyentes"},"content":{"rendered":"\n<p><strong>Hugo Yasky<\/strong>, diputado Nacional y secretario general de la CTA, present\u00f3 el mi\u00e9rcoles junto con otros miembros del bloque de Uni\u00f3n por la Patria y dirigentes pertenecientes a todas las centrales sindicales un&nbsp;<strong>proyecto de Ley<\/strong>&nbsp;para modificar el&nbsp;<strong><a href=\"https:\/\/www.ambito.com\/ambito-nacional\/ganancias-la-piedra-el-zapato-las-negociaciones-el-gobierno-y-las-provincias-n5968706\" target=\"_blank\" rel=\"noreferrer noopener\">Impuesto a las Ganancias<\/a><\/strong>&nbsp;aumentando el gravamen para el peque\u00f1o n\u00facleo de grandes empresas.<\/p>\n\n\n\n<p>Lo que el proyecto busca es implementar un mecanismo de justicia tributaria donde paguen m\u00e1s los que m\u00e1s tienen aumentando la recaudaci\u00f3n de un tributo enteramente coparticipable. De esta manera, se puede beneficiar al conjunto de las provincias argentinas\u00a0<strong>sin perjudicar los salarios ya deteriorados de las personas que trabajan.<\/strong><\/p>\n\n\n\n<p>Javier Milei gan\u00f3 las elecciones prometiendo que jam\u00e1s iba a aumentar un impuesto. Sin embargo, apremiado porque el equilibrio fiscal alcanzado en el primer bimestre pende de un hilo debido al derrumbe de la recaudaci\u00f3n que gener\u00f3 la brutal recesi\u00f3n autoinfligida, ahora&nbsp;<strong>amenaza a los trabajadores con volver a cobrarles el impuesto a las ganancias<\/strong>&nbsp;sobre un salario extremadamente deteriorado por la inflaci\u00f3n y el ajuste.<\/p>\n\n\n\n<p>Hasta el momento el sacrificio en b\u00fasqueda del super\u00e1vit fiscal se&nbsp;<strong>impuso exclusivamente sobre los que menos tienen<\/strong>. El gobierno ya le quit\u00f3 el reintegro del IVA a los hogares de m\u00e1s bajos ingresos y a los jubilados. Adem\u00e1s el ajuste del gasto p\u00fablico lo pagaron los jubilados, los hogares por la quita de subsidios a la energ\u00eda, los docentes, estudiantes y escuelas, adem\u00e1s de los que se quedaron sin trabajo por la eliminaci\u00f3n de la obra p\u00fablica y los que sufren el aumento del transporte, adem\u00e1s de todas las familias que quedaron en la calle por los despidos masivos.<\/p>\n\n\n\n<h2>El proyecto de ley enviado por Hugo Yasky<\/h2>\n\n\n\n<p>La propuesta pretende demostrar que &#8221;es posible ampliar la recaudaci\u00f3n sin caer en el recurso f\u00e1cil de pescar en la pecera de los asalariados. As\u00ed, el proyecto enviado por Yasky expone tres argumentos:<\/p>\n\n\n\n<ul>\n<li>Primero, proponen &#8221;dotar al impuesto de mayor&nbsp;<strong>progresividad y capacidad<\/strong>&nbsp;recaudatoria a trav\u00e9s de una modificaci\u00f3n en la composici\u00f3n de la escala y las al\u00edcuotas de las sociedades. Para ello se desglosa el \u00faltimo tramo en dos niveles, y se establece una al\u00edcuota del 40% \u00fanicamente al \u00faltimo tramo que abarcar\u00eda a una muy peque\u00f1a minor\u00eda de empresas que a su vez concentra la mayor parte de las ganancias de la econom\u00eda&#8221;.<\/li>\n\n\n\n<li>En segundo lugar, establecen &#8221;una<strong>&nbsp;modificaci\u00f3n de la al\u00edcuota<\/strong>&nbsp;que grava la distribuci\u00f3n de dividendos que pasa<strong>&nbsp;del 7% al 10%<\/strong>, retrotray\u00e9ndola a su nivel original establecido en el a\u00f1o 2013. Esta medida pretende fomentar la reinversi\u00f3n de utilidades al mismo tiempo que fortalece la capacidad recaudatoria del impuesto&#8221;.<\/li>\n\n\n\n<li>Por \u00faltimo, pretenden incorporar &#8221;un mecanismo que requiera a ciertas sociedades de capital abonar un<strong>&nbsp;importe m\u00ednimo<\/strong>&nbsp;en concepto de Impuesto a las Ganancias. Este mecanismo se traduce en la aplicaci\u00f3n de un impuesto m\u00ednimo del 15% sobre la ganancia contable en sociedades, para medianas empresas del tramo 2 y grandes empresas -conforme lo previsto en la Resoluci\u00f3n N\u00ba121 del 23 de marzo de 2023 de la Secretar\u00eda de Industria y Desarrollo Productivo del entonces Ministerio de Econom\u00eda y sus modificatorias, o la que en el futuro la reemplace-&#8221;.<\/li>\n\n\n\n<li><\/li>\n<\/ul>\n\n\n\n<h2>Mucha participaci\u00f3n en la presentaci\u00f3n del proyecto<\/h2>\n\n\n\n<p>En la presentaci\u00f3n participaron tambi\u00e9n representantes sindicales de varios pa\u00edses que se encuentran de visita en la Argentina.<\/p>\n\n\n\n<p>Con la coordinaci\u00f3n del diputado nacional por la provincia de Buenos Aires de Uni\u00f3n por la Patria y secretario general de la Central de Trabajadores y Trabajadoras de la Argentina,&nbsp;<strong>Hugo Yasky<\/strong>, participaron los diputados&nbsp;<strong>Magal\u00ed Mastaler<\/strong>&nbsp;por Santa Fe, de la localidad de G\u00e1lvez;&nbsp;<strong>Pablo Carro<\/strong>, por C\u00f3rdoba;&nbsp;<strong>Jos\u00e9 G\u00f3mez<\/strong>, por Santiago del Estero y referente de Luz y Fuerza;&nbsp;<strong>Juan Marino<\/strong>, militante y fundador del Partido Piquetero y de Unidad Piquetera;&nbsp;<strong>Mario &#8216;Paco&#8217; Manrique<\/strong>, secretario gremial de la CGT y adjunto de SMATA;&nbsp;<strong>Carlos Castagneto<\/strong>, presidente del Partido Kolina Nacional y ex titular de AFIP;&nbsp;<strong>Rogelio Iparraguirre<\/strong>, por la provincia de Buenos Aires;&nbsp;<strong>Andrea Freites y Carolina Yutrovic<\/strong>, por Tierra del Fuego;&nbsp;<strong>Juan Manuel Pedrini<\/strong>, de Chaco, y&nbsp;<strong>Germ\u00e1n Mart\u00ednez<\/strong>, presidente del bloque que UxP.<\/p>\n\n\n\n<p>Estuvieron presentes referentes de delegaciones internacionales:&nbsp;<strong>F\u00e9lix Ovejero<\/strong>; de la Secretar\u00eda de Internacional y Cooperaci\u00f3n de las Comisiones Obreras (CCOO) de Espa\u00f1a;&nbsp;<strong>Vicent Mauri<\/strong>, de la Intersindical de Valencia;&nbsp;<strong>Rosalba G\u00f3mez<\/strong>, docente y referente de la CUT de Colombia.<\/p>\n\n\n\n<p>Tambi\u00e9n participaron&nbsp;<strong>Cecilia Garriga<\/strong>, licenciada en Econom\u00eda (UBA), docente e investigadora del Centro de Investigaci\u00f3n y Formaci\u00f3n de la Rep\u00fablica Argentina (CIFRA);&nbsp;<strong>Claudio Guida<\/strong>, dirigente sindical de Asociaci\u00f3n del Personal Superior de Empresas de Energ\u00eda (APSEE);&nbsp;<strong>Sonia Alesso<\/strong>, secretaria general de CTERA;&nbsp;<strong>Andr\u00e9s Larisgoitia<\/strong>, director de la Secretar\u00eda de Relaciones Internacionales de la CTA-T, entre otros.<\/p>\n\n\n\n<figure class=\"wp-block-image\"><img decoding=\"async\" src=\"https:\/\/media.ambito.com\/p\/dff59eb45959f24ca4e3ca4bb693a1e2\/adjuntos\/239\/imagenes\/041\/394\/0041394436\/ganancias-proyectojpeg.jpeg\" alt=\"Ganancias: proponen cubrir el recorte de Naci\u00f3n con suba exclusiva para grandes contribuyentes\"\/><\/figure>\n\n\n\n<p>Ganancias: proponen cubrir el recorte de Naci\u00f3n con suba exclusiva para grandes contribuyentes<\/p>\n\n\n\n<p>Fuente: \u00e1mbito<\/p>\n","protected":false},"excerpt":{"rendered":"<div class=\"mh-excerpt\"><p>Hugo Yasky, diputado Nacional y secretario general de la CTA, present\u00f3 el mi\u00e9rcoles junto con otros miembros del bloque de Uni\u00f3n por la Patria y dirigentes pertenecientes a todas las centrales sindicales un&nbsp;proyecto de Ley&nbsp;para modificar el&nbsp;Impuesto a las Ganancias&nbsp;aumentando el gravamen para el peque\u00f1o n\u00facleo de grandes empresas. Lo que el proyecto busca es implementar un mecanismo de justicia tributaria donde paguen m\u00e1s los que m\u00e1s tienen aumentando la recaudaci\u00f3n de un tributo enteramente coparticipable. De esta manera, se puede beneficiar al conjunto de las provincias argentinas\u00a0sin perjudicar los salarios ya deteriorados de las personas que trabajan. Javier Milei <a class=\"mh-excerpt-more\" href=\"http:\/\/dsrmedios.com.ar\/diario\/archivos\/43608\" title=\"Ganancias: proponen cubrir recorte de Naci\u00f3n con suba exclusiva para grandes contribuyentes\">[Leer m\u00e1s]<\/a><\/p>\n<\/div>","protected":false},"author":8,"featured_media":43609,"comment_status":"open","ping_status":"closed","sticky":false,"template":"","format":"standard","meta":{"_jetpack_newsletter_access":""},"categories":[6],"tags":[],"jetpack_featured_media_url":"http:\/\/dsrmedios.com.ar\/diario\/wp-content\/uploads\/2024\/03\/descarga-56.jpeg","jetpack_sharing_enabled":true,"jetpack_shortlink":"https:\/\/wp.me\/p9fihK-blm","_links":{"self":[{"href":"http:\/\/dsrmedios.com.ar\/diario\/wp-json\/wp\/v2\/posts\/43608"}],"collection":[{"href":"http:\/\/dsrmedios.com.ar\/diario\/wp-json\/wp\/v2\/posts"}],"about":[{"href":"http:\/\/dsrmedios.com.ar\/diario\/wp-json\/wp\/v2\/types\/post"}],"author":[{"embeddable":true,"href":"http:\/\/dsrmedios.com.ar\/diario\/wp-json\/wp\/v2\/users\/8"}],"replies":[{"embeddable":true,"href":"http:\/\/dsrmedios.com.ar\/diario\/wp-json\/wp\/v2\/comments?post=43608"}],"version-history":[{"count":1,"href":"http:\/\/dsrmedios.com.ar\/diario\/wp-json\/wp\/v2\/posts\/43608\/revisions"}],"predecessor-version":[{"id":43610,"href":"http:\/\/dsrmedios.com.ar\/diario\/wp-json\/wp\/v2\/posts\/43608\/revisions\/43610"}],"wp:featuredmedia":[{"embeddable":true,"href":"http:\/\/dsrmedios.com.ar\/diario\/wp-json\/wp\/v2\/media\/43609"}],"wp:attachment":[{"href":"http:\/\/dsrmedios.com.ar\/diario\/wp-json\/wp\/v2\/media?parent=43608"}],"wp:term":[{"taxonomy":"category","embeddable":true,"href":"http:\/\/dsrmedios.com.ar\/diario\/wp-json\/wp\/v2\/categories?post=43608"},{"taxonomy":"post_tag","embeddable":true,"href":"http:\/\/dsrmedios.com.ar\/diario\/wp-json\/wp\/v2\/tags?post=43608"}],"curies":[{"name":"wp","href":"https:\/\/api.w.org\/{rel}","templated":true}]}}