{"id":43571,"date":"2024-03-20T19:04:48","date_gmt":"2024-03-20T22:04:48","guid":{"rendered":"http:\/\/dsrmedios.com.ar\/diario\/?p=43571"},"modified":"2024-03-20T19:04:51","modified_gmt":"2024-03-20T22:04:51","slug":"dengue-presentan-un-proyecto-para-que-la-vacuna-sea-gratuita-y-obligatoria","status":"publish","type":"post","link":"http:\/\/dsrmedios.com.ar\/diario\/archivos\/43571","title":{"rendered":"Dengue: presentan un proyecto para que la vacuna sea gratuita y obligatoria"},"content":{"rendered":"\n<p>Los diputados nacionales de Santa Fe, M\u00f3nica Fein y Esteban Paulon, presentaron este lunes un proyecto de ley para que la vacuna contra el dengue sea gratuita y se incluya en el calendario obligatorio. El Gobierno rechaza su incorporaci\u00f3n.<\/p>\n\n\n\n<p>Argentina atraviesa un pico de casos de dengue y los n\u00fameros ponen en alerta a todo el sistema de salud. El \u00faltimo informe epidemiol\u00f3gico revel\u00f3 que en los \u00faltimos ocho meses hubo m\u00e1s de 120 mil positivos y 79 muertes.<\/p>\n\n\n\n<p>Ante la grave situaci\u00f3n sanitaria, el vocero presidencial Manuel Adorni consider\u00f3 que \u201cla inmunidad se logra a trav\u00e9s del paso del tiempo, por lo que vacunar ahora implicar\u00eda que esa inmunidad la vas a lograr en cuatro meses, donde ya el mosquito no sea un inconveniente, m\u00e1s all\u00e1 de que la efectividad no est\u00e1 comprobada\u201d.<\/p>\n\n\n\n<p>El bi\u00f3logo molecular Ernesto Resnik desminti\u00f3 los dichos de Adorni y aclar\u00f3 que \u201cla inmunidad se ve enseguida, pero adem\u00e1s la inmunidad dura mucho tiempo, vacunar ahora es ayudar ahora y despu\u00e9s\u201d. \u201c\u00bfPor qu\u00e9 dice cualquier cosa? Sea responsable\u201d, le critic\u00f3.<\/p>\n\n\n\n<h2>Vacuna gratuita y obligatoria<\/h2>\n\n\n\n<p>En ese contexto, ante la resistencia del Gobierno a incluir la vacuna en el calendario nacional, Paulon y Fein presentaron el proyecto en la C\u00e1mara de Diputados para combatir la situaci\u00f3n sanitaria. \u201cAnte la escalada de casos de dengue y la falta de pol\u00edticas de prevenci\u00f3n, junto a M\u00f3nica Fein presentamos un proyecto para que la vacuna sea obligatoria y gratuita\u201d, dijo el diputado santafecino por el Partido Socialista.<\/p>\n\n\n\n<p>De acuerdo al art\u00edculo 2, se invita a promover \u201cla conciencia p\u00fablica sobre las enfermedades mencionadas en el art\u00edculo 1 y su prevenci\u00f3n, fomentando la adopci\u00f3n de h\u00e1bitos que eviten la propagaci\u00f3n del mosquito vector\u201d. Por ese motivo, proponen adoptar \u201cacciones complementarias espec\u00edficas y de car\u00e1cter excepcional, destinadas a cortar el ciclo de transmisi\u00f3n\u201d.<\/p>\n\n\n\n<p>En particular, el apartado C de dicho art\u00edculo establece que se debe \u201casegurar el acceso gratuito al esquema completo de vacunaci\u00f3n contra el Dengue\u201d, mientras que el D menciona la obligaci\u00f3n de \u201cGarantizar el abastecimiento y distribuci\u00f3n de los productos necesarios para la prevenci\u00f3n de la picadura del mosquito vector a los efectos de prevenir la transmisi\u00f3n de enfermedades\u201d.<\/p>\n\n\n\n<p>El art\u00edculo 4 del proyecto establece que debe incorporarse al Calendario Nacional de Vacunaci\u00f3n \u201cel esquema completo de vacunaci\u00f3n contra el virus del dengue priorizando a las poblaciones que sean consideradas poblaci\u00f3n de riesgo de acuerdo a los criterios fijados por el Ministerio de Salud de la Naci\u00f3n\u201d.<\/p>\n\n\n\n<p>Adem\u00e1s, proponen impulsar \u201cla entrega de repelentes en efectores de salud\u201d, como tambi\u00e9n \u201cla realizaci\u00f3n de campa\u00f1as de concientizaci\u00f3n\u201d. El proyecto abarca tambi\u00e9n a la prevenci\u00f3n contra enfermedades como el Zika y la fiebre Chikungunya.<\/p>\n\n\n\n<p>FUENTE: la brujula24<\/p>\n","protected":false},"excerpt":{"rendered":"<div class=\"mh-excerpt\"><p>Los diputados nacionales de Santa Fe, M\u00f3nica Fein y Esteban Paulon, presentaron este lunes un proyecto de ley para que la vacuna contra el dengue sea gratuita y se incluya en el calendario obligatorio. El Gobierno rechaza su incorporaci\u00f3n. Argentina atraviesa un pico de casos de dengue y los n\u00fameros ponen en alerta a todo el sistema de salud. El \u00faltimo informe epidemiol\u00f3gico revel\u00f3 que en los \u00faltimos ocho meses hubo m\u00e1s de 120 mil positivos y 79 muertes. Ante la grave situaci\u00f3n sanitaria, el vocero presidencial Manuel Adorni consider\u00f3 que \u201cla inmunidad se logra a trav\u00e9s del paso del <a class=\"mh-excerpt-more\" href=\"http:\/\/dsrmedios.com.ar\/diario\/archivos\/43571\" title=\"Dengue: presentan un proyecto para que la vacuna sea gratuita y obligatoria\">[Leer m\u00e1s]<\/a><\/p>\n<\/div>","protected":false},"author":8,"featured_media":43546,"comment_status":"open","ping_status":"closed","sticky":false,"template":"","format":"standard","meta":{"_jetpack_newsletter_access":""},"categories":[6],"tags":[],"jetpack_featured_media_url":"http:\/\/dsrmedios.com.ar\/diario\/wp-content\/uploads\/2024\/03\/aedes-aegypti-el-mosquito-que-transmite-dengue-D64WY3NZZZEIDNXJLA6SBD5ROU-1.jpg","jetpack_sharing_enabled":true,"jetpack_shortlink":"https:\/\/wp.me\/p9fihK-bkL","_links":{"self":[{"href":"http:\/\/dsrmedios.com.ar\/diario\/wp-json\/wp\/v2\/posts\/43571"}],"collection":[{"href":"http:\/\/dsrmedios.com.ar\/diario\/wp-json\/wp\/v2\/posts"}],"about":[{"href":"http:\/\/dsrmedios.com.ar\/diario\/wp-json\/wp\/v2\/types\/post"}],"author":[{"embeddable":true,"href":"http:\/\/dsrmedios.com.ar\/diario\/wp-json\/wp\/v2\/users\/8"}],"replies":[{"embeddable":true,"href":"http:\/\/dsrmedios.com.ar\/diario\/wp-json\/wp\/v2\/comments?post=43571"}],"version-history":[{"count":1,"href":"http:\/\/dsrmedios.com.ar\/diario\/wp-json\/wp\/v2\/posts\/43571\/revisions"}],"predecessor-version":[{"id":43582,"href":"http:\/\/dsrmedios.com.ar\/diario\/wp-json\/wp\/v2\/posts\/43571\/revisions\/43582"}],"wp:featuredmedia":[{"embeddable":true,"href":"http:\/\/dsrmedios.com.ar\/diario\/wp-json\/wp\/v2\/media\/43546"}],"wp:attachment":[{"href":"http:\/\/dsrmedios.com.ar\/diario\/wp-json\/wp\/v2\/media?parent=43571"}],"wp:term":[{"taxonomy":"category","embeddable":true,"href":"http:\/\/dsrmedios.com.ar\/diario\/wp-json\/wp\/v2\/categories?post=43571"},{"taxonomy":"post_tag","embeddable":true,"href":"http:\/\/dsrmedios.com.ar\/diario\/wp-json\/wp\/v2\/tags?post=43571"}],"curies":[{"name":"wp","href":"https:\/\/api.w.org\/{rel}","templated":true}]}}