{"id":43504,"date":"2024-03-16T23:42:24","date_gmt":"2024-03-17T02:42:24","guid":{"rendered":"http:\/\/dsrmedios.com.ar\/diario\/?p=43504"},"modified":"2024-03-16T23:42:26","modified_gmt":"2024-03-17T02:42:26","slug":"atraso-cambiario-mas-importaciones-y-caida-de-actividad-las-preocupaciones-de-la-industria-y-un-pedido-a-caputo","status":"publish","type":"post","link":"http:\/\/dsrmedios.com.ar\/diario\/archivos\/43504","title":{"rendered":"Atraso cambiario, m\u00e1s importaciones y ca\u00edda de actividad: las preocupaciones de la industria y un pedido a Caputo"},"content":{"rendered":"\n<p>\u201cLos industriales necesitan que los mimen un poco\u201d, dijo a\u00a0<strong>Infobae<\/strong>\u00a0d\u00edas atr\u00e1s un directivo de la UIA, horas despu\u00e9s de que el Ministerio de Econom\u00eda anunciara\u00a0<a rel=\"noreferrer noopener\" href=\"https:\/\/www.infobae.com\/economia\/2024\/03\/12\/luis-caputo-defendio-la-importhttps:\/\/www.infobae.com\/economia\/2024\/03\/12\/luis-caputo-defendio-la-importacion-de-alimentos-hay-precios-que-no-pueden-estar-ahi\/acion-de-alimentos-hay-precios-que-no-pueden-estar-ahi\/\" target=\"_blank\">facilidades financieras e impositivas<\/a>\u00a0para los importadores de productos b\u00e1sicos de alimentos y art\u00edculos de higiene y limpieza, con el objetivo de forzar una baja de precios al consumidor.<a rel=\"noreferrer noopener\" href=\"https:\/\/www.infobae.com\/economia\/2024\/03\/16\/alquileres-cuales-son-los-cambios-que-hicieron-crecer-hasta-200-la-oferta-de-unidades\/\" target=\"_blank\"><\/a><\/p>\n\n\n\n<p>La decisi\u00f3n gener\u00f3 sorpresa entre los fabricantes, no s\u00f3lo por la medida misma, sino por los argumentos esgrimidos por el presidente&nbsp;<strong>Javier Milei<\/strong>&nbsp;para justificarla. Los trat\u00f3 de \u201cformadores de precios que no quieren bajar los productos que&nbsp;<em>pricearon<\/em>&nbsp;con un d\u00f3lar a $1.500\u2033, frase que circul\u00f3, con estupor, por los grupos de&nbsp;<em>whatsapp&nbsp;<\/em>de empresarios por ser parte del cl\u00e1sico discurso kirchnerista para explicar la inflaci\u00f3n. \u201c\u00bfNo era que el problema de la inflaci\u00f3n era monetario y fiscal?\u201d, se preguntaban, ir\u00f3nicamente, varios industriales.<\/p>\n\n\n\n<p>El clima entre los empresarios del sector manufacturero est\u00e1 cada vez m\u00e1s caldeado. La actividad econ\u00f3mica est\u00e1 en ca\u00edda, no encuentra piso, y hay sectores que ya est\u00e1n suspendiendo y hasta despidiendo personal, con bajas de demanda de hasta 50% en algunos casos.<a rel=\"noreferrer noopener\" href=\"https:\/\/www.infobae.com\/economia\/2024\/03\/16\/la-dolarizacion-se-acelero-en-el-ultimo-trimestre-persiste-la-huida-del-peso\/\" target=\"_blank\"><\/a><\/p>\n\n\n\n<p>A ello se le suma la situaci\u00f3n cambiaria, con un d\u00f3lar oficial que camina lento y con un nivel de inflaci\u00f3n que se mantiene elevado y que debe atravesar a\u00fan meses complejos para mostrar si efectivamente inici\u00f3 un camino de desaceleraci\u00f3n sostenido.<\/p>\n\n\n\n<blockquote class=\"wp-block-quote\">\n<p>\u00bfNo era que el problema de la inflaci\u00f3n era monetario y fiscal?, se preguntaban, ir\u00f3nicamente, varios industriales<\/p>\n<\/blockquote>\n\n\n\n<p>El dato de&nbsp;<a rel=\"noreferrer noopener\" href=\"https:\/\/www.infobae.com\/economia\/2024\/03\/12\/la-inflacion-en-febrero-fue-del-132-y-acumulo-2762-en-los-ultimos-12-meses\/\" target=\"_blank\">inflaci\u00f3n<\/a>&nbsp;de febrero mostr\u00f3 una baja (fue 13,2%), pero se trata de apenas un registro; el dato de marzo ser\u00e1 importante para avizorar mejor una tendencia, sostienen los empresarios; y en las primeras dos semanas del mes varias consultoras registraron una aceleraci\u00f3n en alimentos y bebidas.<\/p>\n\n\n\n<p><a href=\"https:\/\/www.infobae.com\/economia\/2024\/03\/16\/herencia-complicada-en-2023-la-argentina-encabezo-el-ranking-mundial-en-el-indice-de-miseria-economica\/\" target=\"_blank\" rel=\"noreferrer noopener\"><\/a><\/p>\n\n\n\n<p>\u201cQue la inflaci\u00f3n vaya cediendo, en un contexto de tipo de cambio planchado, es clave, ya que, de lo contrario, las presiones por una nueva devaluaci\u00f3n por p\u00e9rdida de competitividad no tardar\u00e1n en llegar\u201d, advierten los economistas.<\/p>\n\n\n\n<p>En la UIA tambi\u00e9n est\u00e1n siguiendo muy de cerca lo que sucede con las importaciones, m\u00e1s a\u00fan teniendo en cuenta que el Gobierno, con el prop\u00f3sito de forzar una baja m\u00e1s r\u00e1pida de la inflaci\u00f3n en ciertos sectores, est\u00e1 generando incentivos que afectan a los productores nacionales.<\/p>\n\n\n\n<p><img decoding=\"async\" loading=\"lazy\" alt=\"La decisi\u00f3n oficial de facilitar las importaciones de alimentos b\u00e1sicos y productos de higiene y limpieza para forzar una baja de precios fue tomada con mucha sorpresa y temor por los industriales\" height=\"1080\" width=\"1920\" src=\"https:\/\/www.infobae.com\/new-resizer\/yganHF6eY8HjC2uJoYRT0AVfmBA=\/420x236\/filters:format(webp):quality(85)\/cloudfront-us-east-1.images.arcpublishing.com\/infobae\/ET7Q2P46LZCXDLLYS2F5SYF6DE.jpg%20420w\" srcset=\"https:\/\/www.infobae.com\/new-resizer\/yganHF6eY8HjC2uJoYRT0AVfmBA=\/420x236\/filters:format(webp):quality(85)\/cloudfront-us-east-1.images.arcpublishing.com\/infobae\/ET7Q2P46LZCXDLLYS2F5SYF6DE.jpg 420w,https:\/\/www.infobae.com\/new-resizer\/CLgfnLHYglYOqNPy5-bXOJNt_4g=\/768x432\/filters:format(webp):quality(85)\/cloudfront-us-east-1.images.arcpublishing.com\/infobae\/ET7Q2P46LZCXDLLYS2F5SYF6DE.jpg 768w,https:\/\/www.infobae.com\/new-resizer\/hDZKogL5BOq9OcyAg98wkvJeZqw=\/992x558\/filters:format(webp):quality(85)\/cloudfront-us-east-1.images.arcpublishing.com\/infobae\/ET7Q2P46LZCXDLLYS2F5SYF6DE.jpg 992w,https:\/\/www.infobae.com\/new-resizer\/NaZmGo7FUyObkO8xBKTXbZyD_oY=\/1200x675\/filters:format(webp):quality(85)\/cloudfront-us-east-1.images.arcpublishing.com\/infobae\/ET7Q2P46LZCXDLLYS2F5SYF6DE.jpg 1200w,https:\/\/www.infobae.com\/new-resizer\/cnKUUHIVv0PB5fwxmRu9PmuKsRM=\/1440x810\/filters:format(webp):quality(85)\/cloudfront-us-east-1.images.arcpublishing.com\/infobae\/ET7Q2P46LZCXDLLYS2F5SYF6DE.jpg 1440w\">La decisi\u00f3n oficial de facilitar las importaciones de alimentos b\u00e1sicos y productos de higiene y limpieza para forzar una baja de precios fue tomada con mucha sorpresa y temor por los industriales<\/p>\n\n\n\n<p>En el caso de los alimentos, higiene y limpieza, adem\u00e1s de medicamentos, la ventaja anunciada fue que podr\u00e1n pagarse a 30 d\u00edas al d\u00f3lar oficial, cuando hoy la mayor\u00eda de los sectores lo hacen en cuatro cuotas iguales de 25%; y adem\u00e1s, a las importaciones de esos productos (son unas 3.200 posiciones arancelarias, seg\u00fan se public\u00f3 este jueves en el Bolet\u00edn Oficial) se les suspender\u00e1 por 120 d\u00edas el cobro de la percepci\u00f3n de IVA adicional e impuesto a las ganancias.<\/p>\n\n\n\n<p>Hoy las importaciones est\u00e1n completamente habilitadas. Si bien existe el r\u00e9gimen informativo SEDI, que reemplaz\u00f3 a las SIRA, los pedidos se autorizan casi inmediatamente.<\/p>\n\n\n\n<blockquote class=\"wp-block-quote\">\n<p>Si bien existe el r\u00e9gimen informativo SEDI, que reemplaz\u00f3 a las SIRA, los pedidos se autorizan casi inmediatamente<\/p>\n<\/blockquote>\n\n\n\n<p>Sigue siendo un problema el acceso inmediato a los d\u00f3lares, por lo cual esta flexibilizaci\u00f3n anunciada fue interpretada en la Coordinadora de Industrias de Productos Alimenticios (Copal) como discriminatoria y riesgosa para el desarrollo de la producci\u00f3n local y el empleo.<\/p>\n\n\n\n<p>\u201cLa apertura fuerte te puede disciplinar un poco los precios, pero si lo hac\u00e9s a nivel agregado, la industria genera 1,2 mill\u00f3n de puestos de trabajo en blanco; puede aumentar mucho el desempleo y lo que gan\u00e1s en precio pod\u00e9s perderlo en consumo\u201d, dijo un referente de la central fabril.<\/p>\n\n\n\n<p><img decoding=\"async\" loading=\"lazy\" alt=\"La apertura fuerte te puede disciplinar un poco los precios, pero si lo hac\u00e9s a nivel agregado, la industria genera 1,2 mill\u00f3n de puestos de trabajo en blanco; puede aumentar mucho el desempleo (Reuters)\" height=\"534\" width=\"800\" src=\"https:\/\/www.infobae.com\/new-resizer\/R6Xr_p8uKCsEs_tGWjcAZMm2k_w=\/420x280\/filters:format(webp):quality(85)\/cloudfront-us-east-1.images.arcpublishing.com\/infobae\/X7X42Y3N6BDVYS6N2M57JI3ABI.jpg%20420w\" srcset=\"https:\/\/www.infobae.com\/new-resizer\/R6Xr_p8uKCsEs_tGWjcAZMm2k_w=\/420x280\/filters:format(webp):quality(85)\/cloudfront-us-east-1.images.arcpublishing.com\/infobae\/X7X42Y3N6BDVYS6N2M57JI3ABI.jpg 420w,https:\/\/www.infobae.com\/new-resizer\/5M46BgdueIDYp_SqDIwN8Pu7dVo=\/768x512\/filters:format(webp):quality(85)\/cloudfront-us-east-1.images.arcpublishing.com\/infobae\/X7X42Y3N6BDVYS6N2M57JI3ABI.jpg 768w,https:\/\/www.infobae.com\/new-resizer\/PyaDJab4_faVYkNFQh-VznGjBLw=\/992x661\/filters:format(webp):quality(85)\/cloudfront-us-east-1.images.arcpublishing.com\/infobae\/X7X42Y3N6BDVYS6N2M57JI3ABI.jpg 992w,https:\/\/www.infobae.com\/new-resizer\/MwJc-m4PeBVwV3PWNcqPJEg_qb8=\/1200x800\/filters:format(webp):quality(85)\/cloudfront-us-east-1.images.arcpublishing.com\/infobae\/X7X42Y3N6BDVYS6N2M57JI3ABI.jpg 1200w,https:\/\/www.infobae.com\/new-resizer\/y4bzZtFZ8Wg2WBoeT-F7mVm_pB4=\/1440x960\/filters:format(webp):quality(85)\/cloudfront-us-east-1.images.arcpublishing.com\/infobae\/X7X42Y3N6BDVYS6N2M57JI3ABI.jpg 1440w\">La apertura fuerte te puede disciplinar un poco los precios, pero si lo hac\u00e9s a nivel agregado, la industria genera 1,2 mill\u00f3n de puestos de trabajo en blanco; puede aumentar mucho el desempleo (Reuters)<\/p>\n\n\n\n<p>Otro industrial consider\u00f3 que las importaciones van a ir aumentando mientras el d\u00f3lar siga relativamente quieto y los costos internos sigan subiendo fuerte. \u201cSi quieren que compitamos, primero el Gobierno tiene que resolvernos el tema impositivo y laboral. De lo contrario, nos est\u00e1n mandando al cementerio. Si no nos ayudan para ser competitivos, no nos abran la importaci\u00f3n\u201d, se quej\u00f3 el textil&nbsp;<strong>Pedro Bergaglio<\/strong>, productor de sweaters y de capelladas para zapatillas y miembro de la Fundaci\u00f3n ProTejer.<\/p>\n\n\n\n<p>El empresario se mostr\u00f3 muy preocupado por la situaci\u00f3n que atraviesa la industria, con un uso de la capacidad instalada de apenas 36% y ventas que caen entre 40% y 50%. \u201cEn los \u00faltimos 60 d\u00edas no entr\u00f3 ni un pedido. Hay mucho stock. No s\u00f3lo va a bajar la inflaci\u00f3n, sino que va a haber deflaci\u00f3n\u201d, dispar\u00f3 el industrial.<\/p>\n\n\n\n<p>En el sector de indumentaria repasan las cifras de inflaci\u00f3n del Indec de febrero y remacan que el rubro viene creciendo en precios mucho menos que el promedio, cuando pos pandemia lideraba los aumentos. Entre noviembre de 2022 y febrero de este a\u00f1o, mientras que el IPC trep\u00f3 349%, los precios de la ropa aumentaron 219,8% y los del calzado, 307,3%, reflej\u00f3 un informe de la C\u00e1mara Industrial Argentina de la Indumentaria (CIAI).<\/p>\n\n\n\n<blockquote class=\"wp-block-quote\">\n<p>En el sector de indumentaria repasan las cifras de inflaci\u00f3n del Indec de febrero y remacan que el rubro viene creciendo en precios mucho menos que el promedio<\/p>\n<\/blockquote>\n\n\n\n<p>Sobre la posibilidad de que los comercios puedan mejorar sus precios mediante la&nbsp;<a rel=\"noreferrer noopener\" href=\"https:\/\/www.infobae.com\/economia\/2024\/03\/12\/como-impactara-en-el-bolsillo-de-los-consumidores-la-apertura-de-las-importaciones-de-la-canasta-basica\/\" target=\"_blank\">mayor importaci\u00f3n<\/a>, tanto desde el sector textil como en algunas marcas consultadas lo relativizaron y coincidieron en que el impacto ser\u00eda bajo. \u201cHist\u00f3ricamente, podr\u00edamos decir que el importado era competitivo por costo, calidad y abastecimiento. Al dispararse el tipo de cambio, empiezan a perder competitividad. Pero ahora que se plancha el tipo de cambio y los costos nacionales siguen subiendo vuelve a ser competitivo\u201d, dijo una fuente de una marca de ropa femenina con locales en shoppings.<\/p>\n\n\n\n<p>Sin embargo, tambi\u00e9n reconoci\u00f3 que \u201cel costo del producto propiamente dicho en el precio final neto de IVA no es lo m\u00e1s significativo, a diferencia de otros costos como el de ocupaci\u00f3n, laboral, impuestos y tasas, fletes, servicios, mantenimiento, obras y estructura empresaria\u201d.<\/p>\n\n\n\n<p><img decoding=\"async\" loading=\"lazy\" alt=\"La industria textil es una de las m\u00e1s afectadas por el freno de la actividad; la utilizaci\u00f3n de la capacidad instalada de febrero fue del 36 por ciento\" height=\"1200\" width=\"1800\" src=\"https:\/\/www.infobae.com\/new-resizer\/oJ8-99y1ifyYaH9Cao-dIMQMzF8=\/420x280\/filters:format(webp):quality(85)\/cloudfront-us-east-1.images.arcpublishing.com\/infobae\/PYXQOEQJ7JD3RGLKPUVZCACLXY.jpg%20420w\" srcset=\"https:\/\/www.infobae.com\/new-resizer\/oJ8-99y1ifyYaH9Cao-dIMQMzF8=\/420x280\/filters:format(webp):quality(85)\/cloudfront-us-east-1.images.arcpublishing.com\/infobae\/PYXQOEQJ7JD3RGLKPUVZCACLXY.jpg 420w,https:\/\/www.infobae.com\/new-resizer\/jFKAAvS4inhEWHkJq0KaoRIrWbk=\/768x512\/filters:format(webp):quality(85)\/cloudfront-us-east-1.images.arcpublishing.com\/infobae\/PYXQOEQJ7JD3RGLKPUVZCACLXY.jpg 768w,https:\/\/www.infobae.com\/new-resizer\/6eKHBMdp6P9ZO5Jed4J9pTQHeoA=\/992x661\/filters:format(webp):quality(85)\/cloudfront-us-east-1.images.arcpublishing.com\/infobae\/PYXQOEQJ7JD3RGLKPUVZCACLXY.jpg 992w,https:\/\/www.infobae.com\/new-resizer\/06U47ZDz2anc5Ue9KZcDc6vFBEM=\/1200x800\/filters:format(webp):quality(85)\/cloudfront-us-east-1.images.arcpublishing.com\/infobae\/PYXQOEQJ7JD3RGLKPUVZCACLXY.jpg 1200w,https:\/\/www.infobae.com\/new-resizer\/JiYN7FumuvNYlvEdvHAd7DHSbW8=\/1440x960\/filters:format(webp):quality(85)\/cloudfront-us-east-1.images.arcpublishing.com\/infobae\/PYXQOEQJ7JD3RGLKPUVZCACLXY.jpg 1440w\">La industria textil es una de las m\u00e1s afectadas por el freno de la actividad; la utilizaci\u00f3n de la capacidad instalada de febrero fue del 36 por ciento<\/p>\n\n\n\n<p>Por otra parte, en un contexto de&nbsp;<a rel=\"noreferrer noopener\" href=\"https:\/\/www.infobae.com\/economia\/2024\/03\/13\/recesion-se-derrumban-casi-todos-los-rubros-de-consumo-y-especialistas-comparan-el-freno-con-2002\/\" target=\"_blank\">ca\u00edda de ventas<\/a>&nbsp;que se perfila para este 2024, con un aumento sostenido de costos y gastos fijos, la ecuaci\u00f3n cambia significativamente y el impacto en precio de comprar una prenda en el exterior en lugar de fabricarla localmente podr\u00eda ser mucho menor todav\u00eda, precis\u00f3 la fuente. \u201cLo que manda es la demanda. Si el consumo tira, por m\u00e1s importado que traigas, los precios no van a bajar\u201d, se sincer\u00f3 otro industrial del sector.<\/p>\n\n\n\n<p>El sector de&nbsp;<a rel=\"noreferrer noopener\" href=\"https:\/\/www.infobae.com\/economia\/2024\/03\/14\/recesion-la-industria-maderera-alerta-sobre-el-parate-de-la-actividad-y-la-posibilidad-inminente-de-despidos-masivos\/\" target=\"_blank\">madera y muebles<\/a>&nbsp;es otro de los que se encuentra en una situaci\u00f3n muy compleja. De hecho, la Federaci\u00f3n Argentina de la Industria Maderera y Afines (Faima) emiti\u00f3 un comunicado en el que afirma que la actividad de los aserraderos proveedores del mercado interno han experimentado una disminuci\u00f3n del 40% en su actividad en los \u00faltimos 60 d\u00edas y que a pesar de haber recuperado cierta competitividad en el mercado internacional gracias a la devaluaci\u00f3n, \u201cel acelerado ritmo inflacionario gener\u00f3 un atraso del tipo de cambio real que pone en peligro la viabilidad de las exportaciones foresto industriales\u201d.<\/p>\n\n\n\n<p>Tambi\u00e9n se est\u00e1 viendo golpeada la fabricaci\u00f3n de tableros contrachapados, ligado estrechamente a la industria de la construcci\u00f3n, lo mismo que el sector de carpinter\u00eda en obra y construcci\u00f3n con madera.<\/p>\n\n\n\n<blockquote class=\"wp-block-quote\">\n<p>La ca\u00edda en la producci\u00f3n de muebles y colchones en enero fue del 24,6% interanual<\/p>\n<\/blockquote>\n\n\n\n<p>En cuanto al sector mueblero, la demanda interna cay\u00f3 fuerte por la merma salarial y la falta de financiamiento. La ca\u00edda en la producci\u00f3n de muebles y colchones en enero fue del 24,6% interanual y esta situaci\u00f3n se ve agravada por el aumento de los costos de producci\u00f3n y la apertura comercial, dice el comunicado, al mencionar el riesgo laboral en un sector que tiene 30.000 empleos directos y 15.000 indirectos.<\/p>\n\n\n\n<h2>\u00bfReuni\u00f3n con Econom\u00eda?<\/h2>\n\n\n\n<p>En este contexto, en el que nadie sabe si la actividad arrancar\u00e1 o no, y si lo hace, en qu\u00e9 tiempo lo har\u00e1, los empresarios nucleados en la UIA quieren volver a reunirse con el ministro de Econom\u00eda,&nbsp;<a rel=\"noreferrer noopener\" href=\"https:\/\/www.infobae.com\/economia\/2024\/03\/12\/la-uia-critico-la-importacion-de-alimentos-y-dijo-que-representa-un-trato-desigual-para-los-productores-locales\/\" target=\"_blank\"><strong>Luis Caputo<\/strong><\/a>.<\/p>\n\n\n\n<p>\u201cToto\u201d, como lo llaman, ya estuvo en la sede de la entidad apenas asumi\u00f3 el Gobierno, pero la idea ahora es escuchar c\u00f3mo marcha su plan y qu\u00e9 perspectivas avizora para los pr\u00f3ximos meses. En principio, algunos estar\u00e1n presentes en el almuerzo del Consejo Interamericano de Comercio y Producci\u00f3n (Cicyp) al que asistir\u00e1 el ministro, el pr\u00f3ximo jueves.<\/p>\n\n\n\n<p><img decoding=\"async\" loading=\"lazy\" alt=\"\u201cToto\u201d, como lo llaman todos, ya estuvo en la sede de la entidad apenas asumi\u00f3 el Gobierno, pero la idea ahora es escuchar c\u00f3mo marcha su plan y qu\u00e9 perspectivas avizora para los pr\u00f3ximos meses (Reuters)\" height=\"3834\" width=\"5500\" src=\"https:\/\/www.infobae.com\/new-resizer\/RbfaX5VNFZete0CiE7UxT0fSyck=\/420x280\/filters:format(webp):quality(85)\/cloudfront-us-east-1.images.arcpublishing.com\/infobae\/EEX3FVVJVTUEPC2S5KBHYLPBLE.jpg%20420w\" srcset=\"https:\/\/www.infobae.com\/new-resizer\/RbfaX5VNFZete0CiE7UxT0fSyck=\/420x280\/filters:format(webp):quality(85)\/cloudfront-us-east-1.images.arcpublishing.com\/infobae\/EEX3FVVJVTUEPC2S5KBHYLPBLE.jpg 420w,https:\/\/www.infobae.com\/new-resizer\/XY9l66oyrhFt5RnsnQznJs5rx8g=\/768x512\/filters:format(webp):quality(85)\/cloudfront-us-east-1.images.arcpublishing.com\/infobae\/EEX3FVVJVTUEPC2S5KBHYLPBLE.jpg 768w,https:\/\/www.infobae.com\/new-resizer\/ys2cpMrBSxcKzJ2Rwh-0vVhLIPI=\/992x661\/filters:format(webp):quality(85)\/cloudfront-us-east-1.images.arcpublishing.com\/infobae\/EEX3FVVJVTUEPC2S5KBHYLPBLE.jpg 992w,https:\/\/www.infobae.com\/new-resizer\/AUgrLgwrtNbE2A6fPRyjaWvjCq0=\/1200x800\/filters:format(webp):quality(85)\/cloudfront-us-east-1.images.arcpublishing.com\/infobae\/EEX3FVVJVTUEPC2S5KBHYLPBLE.jpg 1200w,https:\/\/www.infobae.com\/new-resizer\/MCrEZtR0rZta1pkGuxkVzczr4ZY=\/1440x960\/filters:format(webp):quality(85)\/cloudfront-us-east-1.images.arcpublishing.com\/infobae\/EEX3FVVJVTUEPC2S5KBHYLPBLE.jpg 1440w\">\u201cToto\u201d, como lo llaman todos, ya estuvo en la sede de la entidad apenas asumi\u00f3 el Gobierno, pero la idea ahora es escuchar c\u00f3mo marcha su plan y qu\u00e9 perspectivas avizora para los pr\u00f3ximos meses (Reuters)<\/p>\n\n\n\n<p>\u201cHay bastante conciencia en la UIA de que parte de la recesi\u00f3n actual fue generada por el gobierno anterior, pero lo que agudiza bastante el malestar es que falta un discurso que contenga un poco. Este gobierno no te mima en t\u00e9rminos de pol\u00edtica industrial\u201d, cont\u00f3 a este medio un dirigente fabril.<\/p>\n\n\n\n<p>Con respecto a las posiciones dentro de la central fabril, la fuente remarc\u00f3 que est\u00e1n los industriales que creen que la macroeconom\u00eda se va a ordenar y la actividad se terminar\u00e1 recuperando en el mediano plazo; los m\u00e1s pesimistas que sostienen que el programa no funcionar\u00e1 y la actividad seguir\u00e1 en ca\u00edda; y aquellos que sostienen que la macro se mantendr\u00e1 ordenada a costa de una recesi\u00f3n prolongada.<\/p>\n\n\n\n<blockquote class=\"wp-block-quote\">\n<p>Hay bastante conciencia en la UIA de que parte de la recesi\u00f3n actual fue generada por el gobierno anterior, pero lo que agudiza bastante el malestar es que falta un discurso que contenga un poco<\/p>\n<\/blockquote>\n\n\n\n<p>\u201cQueremos hablar con \u00e9l sobre el plan. C\u00f3mo se acomoda la macro, del impacto en las empresas, de las \u00faltimas medidas (vinculadas con las importaciones de alimentos) y ver qu\u00e9 se puede hacer con las pymes, ver c\u00f3mo se las puede ayudar para atravesar este per\u00edodo recesivo\u201d, precis\u00f3 un miembro del comit\u00e9 ejecutivo de la UIA.<\/p>\n\n\n\n<p>Y otro dijo: \u201cLa expectativa es tratar de explicarle al ministro qu\u00e9 cosa puede hacer el industrial y qu\u00e9 cosas tiene que hacer el Estado para mejorarle la econom\u00eda a la gente. Las reformas de primera, segunda y tercera generaci\u00f3n van a impactar m\u00e1s que habilitar una mayor importaci\u00f3n\u201d.<\/p>\n\n\n\n<p>FUENTE: INFOBAE<\/p>\n","protected":false},"excerpt":{"rendered":"<div class=\"mh-excerpt\"><p>\u201cLos industriales necesitan que los mimen un poco\u201d, dijo a\u00a0Infobae\u00a0d\u00edas atr\u00e1s un directivo de la UIA, horas despu\u00e9s de que el Ministerio de Econom\u00eda anunciara\u00a0facilidades financieras e impositivas\u00a0para los importadores de productos b\u00e1sicos de alimentos y art\u00edculos de higiene y limpieza, con el objetivo de forzar una baja de precios al consumidor. La decisi\u00f3n gener\u00f3 sorpresa entre los fabricantes, no s\u00f3lo por la medida misma, sino por los argumentos esgrimidos por el presidente&nbsp;Javier Milei&nbsp;para justificarla. Los trat\u00f3 de \u201cformadores de precios que no quieren bajar los productos que&nbsp;pricearon&nbsp;con un d\u00f3lar a $1.500\u2033, frase que circul\u00f3, con estupor, por los grupos <a class=\"mh-excerpt-more\" href=\"http:\/\/dsrmedios.com.ar\/diario\/archivos\/43504\" title=\"Atraso cambiario, m\u00e1s importaciones y ca\u00edda de actividad: las preocupaciones de la industria y un pedido a Caputo\">[Leer m\u00e1s]<\/a><\/p>\n<\/div>","protected":false},"author":8,"featured_media":43505,"comment_status":"open","ping_status":"closed","sticky":false,"template":"","format":"standard","meta":{"_jetpack_newsletter_access":""},"categories":[6],"tags":[],"jetpack_featured_media_url":"http:\/\/dsrmedios.com.ar\/diario\/wp-content\/uploads\/2024\/03\/ERRE6WPCTFDZHBLUP3M6JXJLF4-1.jpg","jetpack_sharing_enabled":true,"jetpack_shortlink":"https:\/\/wp.me\/p9fihK-bjG","_links":{"self":[{"href":"http:\/\/dsrmedios.com.ar\/diario\/wp-json\/wp\/v2\/posts\/43504"}],"collection":[{"href":"http:\/\/dsrmedios.com.ar\/diario\/wp-json\/wp\/v2\/posts"}],"about":[{"href":"http:\/\/dsrmedios.com.ar\/diario\/wp-json\/wp\/v2\/types\/post"}],"author":[{"embeddable":true,"href":"http:\/\/dsrmedios.com.ar\/diario\/wp-json\/wp\/v2\/users\/8"}],"replies":[{"embeddable":true,"href":"http:\/\/dsrmedios.com.ar\/diario\/wp-json\/wp\/v2\/comments?post=43504"}],"version-history":[{"count":1,"href":"http:\/\/dsrmedios.com.ar\/diario\/wp-json\/wp\/v2\/posts\/43504\/revisions"}],"predecessor-version":[{"id":43506,"href":"http:\/\/dsrmedios.com.ar\/diario\/wp-json\/wp\/v2\/posts\/43504\/revisions\/43506"}],"wp:featuredmedia":[{"embeddable":true,"href":"http:\/\/dsrmedios.com.ar\/diario\/wp-json\/wp\/v2\/media\/43505"}],"wp:attachment":[{"href":"http:\/\/dsrmedios.com.ar\/diario\/wp-json\/wp\/v2\/media?parent=43504"}],"wp:term":[{"taxonomy":"category","embeddable":true,"href":"http:\/\/dsrmedios.com.ar\/diario\/wp-json\/wp\/v2\/categories?post=43504"},{"taxonomy":"post_tag","embeddable":true,"href":"http:\/\/dsrmedios.com.ar\/diario\/wp-json\/wp\/v2\/tags?post=43504"}],"curies":[{"name":"wp","href":"https:\/\/api.w.org\/{rel}","templated":true}]}}