{"id":43500,"date":"2024-03-15T21:57:00","date_gmt":"2024-03-16T00:57:00","guid":{"rendered":"http:\/\/dsrmedios.com.ar\/diario\/?p=43500"},"modified":"2024-03-15T21:57:52","modified_gmt":"2024-03-16T00:57:52","slug":"salliquelo-abrazo-simbolico-al-banco-nacion-en-contra-de-su-privatizacion","status":"publish","type":"post","link":"http:\/\/dsrmedios.com.ar\/diario\/archivos\/43500","title":{"rendered":"Abrazo simb\u00f3lico al Banco Naci\u00f3n en contra de su privatizaci\u00f3n en Salliquel\u00f3"},"content":{"rendered":"\n<h2>La movilizaci\u00f3n fue convocada por el sindicato La Bancaria y participaron el intendente Succurro, el ex intendente Nosetti, concejales de ambos bloques, representantes gremiales y empleados de otras entidades bancarias.<\/h2>\n\n\n\n<p>Se realiz\u00f3 el pasado jueves una movilizaci\u00f3n en la sucursal del Banco Naci\u00f3n en Salliquel\u00f3, que tuvo por objetivo manifestar rechazo a la privatizaci\u00f3n de esta entidad p\u00fablica. Seg\u00fan afirmaron d\u00edas atr\u00e1s desde el gremio&nbsp;La Bancaria,&nbsp;el Gobierno Nacional avanza en ese sentido y ya se habr\u00eda tomado contacto con los&nbsp;directivos para instruirlos sobre la transformaci\u00f3n en una&nbsp;Sociedad An\u00f3nima.<\/p>\n\n\n\n<p>La concentraci\u00f3n realizada en la intersecci\u00f3n de las calles 9 de Julio y Pueyrred\u00f3n, donde se encuentra ubicada la sucursal, fue convocada para las 15:30 hs por la Seccional Bah\u00eda Blanca del sindicato La Bancaria.<\/p>\n\n\n\n<p>Una de las empleadas dirigi\u00f3 la palabra a los presentes agradeci\u00e9ndoles por el acompa\u00f1amiento al reclamo y \u201cpor el apoyo en esta lucha que hoy nos toca encabezar para que el Banco de la Naci\u00f3n Argentina no se privatice, no se transforme en una sociedad an\u00f3nima o sociedad mixta, como hoy quieren enmascarar la venta del banco y de las empresas del Grupo Naci\u00f3n\u201d.<\/p>\n\n\n\n<figure class=\"wp-block-image\"><img decoding=\"async\" src=\"https:\/\/cambio2000.com.ar\/site\/wp-content\/uploads\/2024\/03\/Salliquelo-Abrazo-simbolico-Nacion-I-03-24.jpg\" alt=\"\" class=\"wp-image-189378\"\/><\/figure>\n\n\n\n<p>Luego de dar lectura a un comunicado, se invit\u00f3 al Intendente Municipal, Ariel Succurro, a que haga uso de la palabra. El mandatario comunal felicit\u00f3 al personal de la entidad por movilizarse y convoc\u00f3 a seguir reclamando sin miedo a las consecuencias, afirmando al respecto que se intentar\u00e1 menospreciar a quienes lo hagan.<\/p>\n\n\n\n<p>Adem\u00e1s, destac\u00f3 la importancia del Banco Naci\u00f3n indicando que el 80% de los cr\u00e9ditos que otorga est\u00e1n destinados a peque\u00f1as y medianas empresas y advirti\u00f3 que para intentar justificar la privatizaci\u00f3n de esta entidad bancaria que es solvente y genera recursos, desde el Gobierno Nacional se le mentir\u00e1 al pueblo para hacerle creer que da p\u00e9rdidas. \u201cEs un gobierno al que no le interesa lo que le pasa a la gente y responde m\u00e1s a los intereses privados de los grandes grupos econ\u00f3micos financieros que al inter\u00e9s general y a trabajar por el bien com\u00fan, como trabaja el Banco Naci\u00f3n\u201d, afirm\u00f3 Succurro.<\/p>\n\n\n\n<p>Para dar por finalizada la movilizaci\u00f3n, se procedi\u00f3 a realizar un abrazo simb\u00f3lico a las instalaciones del banco y se invit\u00f3 a participar de la junta de firmas con la que se intentar\u00e1 frenar su eventual privatizaci\u00f3n. Estuvieron presentes, adem\u00e1s del intendente y parte de su equipo de gobierno, el ex intendente Juan Miguel Nosetti, el presidente del HCD y concejales de ambos bloques, representantes gremiales de diferentes sectores, personal y directivos de la sucursal del Banco Naci\u00f3n y empleados de las dem\u00e1s entidades bancarias que cuentan con sucursal en Salliquel\u00f3.<\/p>\n\n\n\n<figure class=\"wp-block-image\"><img decoding=\"async\" src=\"https:\/\/cambio2000.com.ar\/site\/wp-content\/uploads\/2024\/03\/Salliquelo-Abrazo-simbolico-Nacion-II-03-24.jpg\" alt=\"\" class=\"wp-image-189379\"\/><\/figure>\n\n\n\n<p>A continuaci\u00f3n, se reproduce de manera textual el comunicado le\u00eddo durante la manifestaci\u00f3n por la empleada que represent\u00f3 a sus compa\u00f1eros.<\/p>\n\n\n\n<p>Con un discurso en el cual ponen al Banco como empresa del Estado que genera un gasto y\/o erogaci\u00f3n monetaria es mi responsabilidad comunicarles la realidad, que est\u00e1 escrita en la Carta Org\u00e1nica del Banco, y que es Publica y de f\u00e1cil acceso de corroborar.<\/p>\n\n\n\n<p>\u2013 El Banco de la Naci\u00f3n Argentina es una entidad aut\u00e1rquica del Estado, con autonom\u00eda presupuestaria y administrativa.<\/p>\n\n\n\n<p>\u2013 El capital del Banco asciende a sesenta mil millones de pesos ($ 60.000.000.000). En el a\u00f1o 2023 ha tenido una ganancia estimada de 700 mil millones. De las utilidades l\u00edquidas y realizadas que resulten al cierre del ejercicio una vez efectuadas las amortizaciones y deducidos los castigos provisionales y previsionales que el Directorio juzgue convenientes, se destinar\u00e1 hasta el veinte por ciento (20%), al Tesoro Nacional.<\/p>\n\n\n\n<p>Para dejarlo m\u00e1s claro, el Banco no genera p\u00e9rdida para en Estado sino todo lo contrario. Por ley estamos obligados a transferir al Tesoro Nacional hasta el 20% de los resultados.<\/p>\n\n\n\n<p>Desde el sindicato y como empleada, junto con mis compa\u00f1eros, a los cuales agradezco su apoyo, lucharemos para que el Banco no se venda, porque consideramos que tiene que seguir cumpliendo con la funci\u00f3n por la cual fue creado, seguir cumpliendo su objeto primordial: prestar asistencia financiera a las micro, peque\u00f1as y medianas empresas, cualquiera fuere la actividad econ\u00f3mica en la que act\u00faen y seguir cumpliendo el rol social que cumple en cada ciudad y pueblo de la Argentina, estando en cada punto en donde ning\u00fan banco privado llega porque no es redituable.&nbsp;<\/p>\n\n\n\n<p>Fuente: Facebook veradia<\/p>\n","protected":false},"excerpt":{"rendered":"<div class=\"mh-excerpt\"><p>La movilizaci\u00f3n fue convocada por el sindicato La Bancaria y participaron el intendente Succurro, el ex intendente Nosetti, concejales de ambos bloques, representantes gremiales y empleados de otras entidades bancarias. Se realiz\u00f3 el pasado jueves una movilizaci\u00f3n en la sucursal del Banco Naci\u00f3n en Salliquel\u00f3, que tuvo por objetivo manifestar rechazo a la privatizaci\u00f3n de esta entidad p\u00fablica. Seg\u00fan afirmaron d\u00edas atr\u00e1s desde el gremio&nbsp;La Bancaria,&nbsp;el Gobierno Nacional avanza en ese sentido y ya se habr\u00eda tomado contacto con los&nbsp;directivos para instruirlos sobre la transformaci\u00f3n en una&nbsp;Sociedad An\u00f3nima. La concentraci\u00f3n realizada en la intersecci\u00f3n de las calles 9 de Julio <a class=\"mh-excerpt-more\" href=\"http:\/\/dsrmedios.com.ar\/diario\/archivos\/43500\" title=\"Abrazo simb\u00f3lico al Banco Naci\u00f3n en contra de su privatizaci\u00f3n en Salliquel\u00f3\">[Leer m\u00e1s]<\/a><\/p>\n<\/div>","protected":false},"author":8,"featured_media":43501,"comment_status":"open","ping_status":"closed","sticky":false,"template":"","format":"standard","meta":{"_jetpack_newsletter_access":""},"categories":[8],"tags":[],"jetpack_featured_media_url":"http:\/\/dsrmedios.com.ar\/diario\/wp-content\/uploads\/2024\/03\/Salliquelo-Abrazo-simbolico-Nacion-03-24.jpg","jetpack_sharing_enabled":true,"jetpack_shortlink":"https:\/\/wp.me\/p9fihK-bjC","_links":{"self":[{"href":"http:\/\/dsrmedios.com.ar\/diario\/wp-json\/wp\/v2\/posts\/43500"}],"collection":[{"href":"http:\/\/dsrmedios.com.ar\/diario\/wp-json\/wp\/v2\/posts"}],"about":[{"href":"http:\/\/dsrmedios.com.ar\/diario\/wp-json\/wp\/v2\/types\/post"}],"author":[{"embeddable":true,"href":"http:\/\/dsrmedios.com.ar\/diario\/wp-json\/wp\/v2\/users\/8"}],"replies":[{"embeddable":true,"href":"http:\/\/dsrmedios.com.ar\/diario\/wp-json\/wp\/v2\/comments?post=43500"}],"version-history":[{"count":2,"href":"http:\/\/dsrmedios.com.ar\/diario\/wp-json\/wp\/v2\/posts\/43500\/revisions"}],"predecessor-version":[{"id":43503,"href":"http:\/\/dsrmedios.com.ar\/diario\/wp-json\/wp\/v2\/posts\/43500\/revisions\/43503"}],"wp:featuredmedia":[{"embeddable":true,"href":"http:\/\/dsrmedios.com.ar\/diario\/wp-json\/wp\/v2\/media\/43501"}],"wp:attachment":[{"href":"http:\/\/dsrmedios.com.ar\/diario\/wp-json\/wp\/v2\/media?parent=43500"}],"wp:term":[{"taxonomy":"category","embeddable":true,"href":"http:\/\/dsrmedios.com.ar\/diario\/wp-json\/wp\/v2\/categories?post=43500"},{"taxonomy":"post_tag","embeddable":true,"href":"http:\/\/dsrmedios.com.ar\/diario\/wp-json\/wp\/v2\/tags?post=43500"}],"curies":[{"name":"wp","href":"https:\/\/api.w.org\/{rel}","templated":true}]}}