{"id":43365,"date":"2024-03-11T09:46:23","date_gmt":"2024-03-11T12:46:23","guid":{"rendered":"http:\/\/dsrmedios.com.ar\/diario\/?p=43365"},"modified":"2024-03-11T09:46:26","modified_gmt":"2024-03-11T12:46:26","slug":"un-chico-de-23-anos-fallecio-tras-un-choque-frontal-en-la-ruta-3-al-kilometro-679","status":"publish","type":"post","link":"http:\/\/dsrmedios.com.ar\/diario\/archivos\/43365","title":{"rendered":"Un chico de 23 a\u00f1os falleci\u00f3 tras un choque frontal en la ruta 3 al kil\u00f3metro 679"},"content":{"rendered":"\n<p><strong>Un joven falleci\u00f3 tras un impactante choque frontal en la ruta 3, a la altura del kil\u00f3metro 679.<\/strong><\/p>\n\n\n\n<p>Se trata de Franco Dietrich, de 23 a\u00f1os quien perdi\u00f3 la vida minutos despu\u00e9s del choque, cuando estaba en el Hospital Penna.<\/p>\n\n\n\n<figure class=\"wp-block-image\"><img decoding=\"async\" src=\"https:\/\/www.canalsiete.com.ar\/wp-content\/uploads\/2024\/03\/WhatsApp-Image-2024-03-11-at-06.38.01-1.jpeg.webp\" alt=\"\" class=\"wp-image-345414\"\/><\/figure>\n\n\n\n<p>Seg\u00fan informaron, en el lugar colisionaron dos autom\u00f3viles de frente, un Peugeot 206 en el que iba Dietrich acompa\u00f1ado de un joven de 21 a\u00f1os quienes se dirig\u00edan hacia Ingeniero White; y un Fiat uno tambi\u00e9n ocupado por dos masculinos de 44 y 42 a\u00f1os.<\/p>\n\n\n\n<figure class=\"wp-block-image\"><img decoding=\"async\" src=\"https:\/\/www.canalsiete.com.ar\/wp-content\/uploads\/2024\/03\/WhatsApp-Image-2024-03-11-at-06.38.02.jpeg.webp\" alt=\"\" class=\"wp-image-345413\"\/><\/figure>\n\n\n\n<p>Las cuatro personas hab\u00edan sido trasladadas por personal de emergencias, todas con politraumatismos graves.<\/p>\n\n\n\n<p>Personal de bomberos White debi\u00f3 cortar ambos veh\u00edculos para retirar a las personas que estaban atrapadas.<\/p>\n\n\n\n<p>Tambi\u00e9n trabajo personal de tr\u00e1nsito, polic\u00eda, guardia de defensa Civil y Polic\u00eda Cient\u00edfica.<\/p>\n\n\n\n<p>Fuente: canal siete bahia<\/p>\n","protected":false},"excerpt":{"rendered":"<div class=\"mh-excerpt\"><p>Un joven falleci\u00f3 tras un impactante choque frontal en la ruta 3, a la altura del kil\u00f3metro 679. Se trata de Franco Dietrich, de 23 a\u00f1os quien perdi\u00f3 la vida minutos despu\u00e9s del choque, cuando estaba en el Hospital Penna. Seg\u00fan informaron, en el lugar colisionaron dos autom\u00f3viles de frente, un Peugeot 206 en el que iba Dietrich acompa\u00f1ado de un joven de 21 a\u00f1os quienes se dirig\u00edan hacia Ingeniero White; y un Fiat uno tambi\u00e9n ocupado por dos masculinos de 44 y 42 a\u00f1os. Las cuatro personas hab\u00edan sido trasladadas por personal de emergencias, todas con politraumatismos graves. Personal <a class=\"mh-excerpt-more\" href=\"http:\/\/dsrmedios.com.ar\/diario\/archivos\/43365\" title=\"Un chico de 23 a\u00f1os falleci\u00f3 tras un choque frontal en la ruta 3 al kil\u00f3metro 679\">[Leer m\u00e1s]<\/a><\/p>\n<\/div>","protected":false},"author":8,"featured_media":43370,"comment_status":"open","ping_status":"closed","sticky":false,"template":"","format":"standard","meta":{"_jetpack_newsletter_access":""},"categories":[8],"tags":[],"jetpack_featured_media_url":"http:\/\/dsrmedios.com.ar\/diario\/wp-content\/uploads\/2024\/03\/WhatsApp-Image-2024-03-11-at-06.38.02.jpeg.webp","jetpack_sharing_enabled":true,"jetpack_shortlink":"https:\/\/wp.me\/p9fihK-bhr","_links":{"self":[{"href":"http:\/\/dsrmedios.com.ar\/diario\/wp-json\/wp\/v2\/posts\/43365"}],"collection":[{"href":"http:\/\/dsrmedios.com.ar\/diario\/wp-json\/wp\/v2\/posts"}],"about":[{"href":"http:\/\/dsrmedios.com.ar\/diario\/wp-json\/wp\/v2\/types\/post"}],"author":[{"embeddable":true,"href":"http:\/\/dsrmedios.com.ar\/diario\/wp-json\/wp\/v2\/users\/8"}],"replies":[{"embeddable":true,"href":"http:\/\/dsrmedios.com.ar\/diario\/wp-json\/wp\/v2\/comments?post=43365"}],"version-history":[{"count":1,"href":"http:\/\/dsrmedios.com.ar\/diario\/wp-json\/wp\/v2\/posts\/43365\/revisions"}],"predecessor-version":[{"id":43371,"href":"http:\/\/dsrmedios.com.ar\/diario\/wp-json\/wp\/v2\/posts\/43365\/revisions\/43371"}],"wp:featuredmedia":[{"embeddable":true,"href":"http:\/\/dsrmedios.com.ar\/diario\/wp-json\/wp\/v2\/media\/43370"}],"wp:attachment":[{"href":"http:\/\/dsrmedios.com.ar\/diario\/wp-json\/wp\/v2\/media?parent=43365"}],"wp:term":[{"taxonomy":"category","embeddable":true,"href":"http:\/\/dsrmedios.com.ar\/diario\/wp-json\/wp\/v2\/categories?post=43365"},{"taxonomy":"post_tag","embeddable":true,"href":"http:\/\/dsrmedios.com.ar\/diario\/wp-json\/wp\/v2\/tags?post=43365"}],"curies":[{"name":"wp","href":"https:\/\/api.w.org\/{rel}","templated":true}]}}