{"id":43357,"date":"2024-03-11T09:43:45","date_gmt":"2024-03-11T12:43:45","guid":{"rendered":"http:\/\/dsrmedios.com.ar\/diario\/?p=43357"},"modified":"2024-03-11T09:43:48","modified_gmt":"2024-03-11T12:43:48","slug":"milei-echo-al-secretario-de-trabajo-por-el-escandalo-de-los-aumentos-de-sueldos-a-cargos-jerarquicos","status":"publish","type":"post","link":"http:\/\/dsrmedios.com.ar\/diario\/archivos\/43357","title":{"rendered":"Milei ech\u00f3 al secretario de Trabajo por el esc\u00e1ndalo de los aumentos de sueldos a cargos jer\u00e1rquicos"},"content":{"rendered":"\n<p>Tras el esc\u00e1ndalo por el aumento de sueldos a cargos jer\u00e1rquicos en el Ejecutivo el presidente&nbsp;<a href=\"https:\/\/tn.com.ar\/politica\/2024\/03\/10\/milei-anulo-su-aumento-y-desafio-a-cristina-kirchner-que-le-parece-si-le-asigno-una-jubilacion-minima\/\" target=\"_blank\" rel=\"noreferrer noopener\"><strong>Javier Milei<\/strong><\/a>&nbsp;anunci\u00f3 el&nbsp;<strong>despido&nbsp;<\/strong>del secretario de Trabajo,&nbsp;<strong>Omar Yas\u00edn:<\/strong>&nbsp;\u201cAl secretario de trabajo lo he&nbsp;<strong>despedido por este error,<\/strong>&nbsp;un error que no deber\u00eda haber cometido\u201d.<\/p>\n\n\n\n<p>El Presidente explic\u00f3 que en uno de los aumentos de salarios en el sector p\u00fablico se activ\u00f3 un decreto de la exmandataria,\u00a0<a rel=\"noreferrer noopener\" href=\"https:\/\/tn.com.ar\/politica\/2024\/03\/10\/cristina-kirchner-le-contesto-a-javier-milei-y-siguen-los-cruces-calmese-presidente\/\" target=\"_blank\"><strong>Cristina Kirchner<\/strong><\/a><strong>,<\/strong>\u00a0que determinaba que los sueldos en los puestos jer\u00e1rquicos no pueden ser menores a los que est\u00e1n debajo de ellos en la estructura y que fue ese mecanismo el que activ\u00f3 el aumento.<\/p>\n\n\n\n<p>Milei explic\u00f3: \u201cNosotros en el mes de enero dimos la orden de<strong>&nbsp;no aumentar sueldos<\/strong>&nbsp;del personal jer\u00e1rquico\u201d, y aclar\u00f3 que cuando se le otorg\u00f3 el primer aumento a la planta de empleados estatales&nbsp;\u201cno se les dio a los cargos pol\u00edticos\u201d.<\/p>\n\n\n\n<p>El Presidente dijo que en el \u00faltimo acuerdo paritario tras implementar la suba salarial \u201cse dispara un decreto de Cristina Kirchner, que hace que estos puestos no pueden ganar menos que los que est\u00e1n debajo de ellos en la estructura\u201d, y explic\u00f3:\u201cAh\u00ed dispara el aumento\u201d.<\/p>\n\n\n\n<h2>Javier Milei ech\u00f3 al secretario de Trabajo por el esc\u00e1ndalo de los aumentos de sueldos a cargos jer\u00e1rquicos<\/h2>\n\n\n\n<p>Milei dijo que el s\u00e1bado envi\u00f3 un decreto \u201cpara retrotraer ese aumento\u201d de sueldos a cargos jer\u00e1rquicos, que \u201cel mes que viene se descuenta cuando se hace el pago, el ajuste lo pagan todos y en especial la pol\u00edtica\u201d, y luego anunci\u00f3: \u201cDesped\u00ed al secretario de Trabajo, en este momento lo est\u00e1n notificando por este error\u201d, en declaraciones a\u00a0<em>LN+.<\/em><\/p>\n\n\n\n<p>Fuente: TN<\/p>\n","protected":false},"excerpt":{"rendered":"<div class=\"mh-excerpt\"><p>Tras el esc\u00e1ndalo por el aumento de sueldos a cargos jer\u00e1rquicos en el Ejecutivo el presidente&nbsp;Javier Milei&nbsp;anunci\u00f3 el&nbsp;despido&nbsp;del secretario de Trabajo,&nbsp;Omar Yas\u00edn:&nbsp;\u201cAl secretario de trabajo lo he&nbsp;despedido por este error,&nbsp;un error que no deber\u00eda haber cometido\u201d. El Presidente explic\u00f3 que en uno de los aumentos de salarios en el sector p\u00fablico se activ\u00f3 un decreto de la exmandataria,\u00a0Cristina Kirchner,\u00a0que determinaba que los sueldos en los puestos jer\u00e1rquicos no pueden ser menores a los que est\u00e1n debajo de ellos en la estructura y que fue ese mecanismo el que activ\u00f3 el aumento. Milei explic\u00f3: \u201cNosotros en el mes de enero dimos <a class=\"mh-excerpt-more\" href=\"http:\/\/dsrmedios.com.ar\/diario\/archivos\/43357\" title=\"Milei ech\u00f3 al secretario de Trabajo por el esc\u00e1ndalo de los aumentos de sueldos a cargos jer\u00e1rquicos\">[Leer m\u00e1s]<\/a><\/p>\n<\/div>","protected":false},"author":8,"featured_media":43301,"comment_status":"open","ping_status":"closed","sticky":false,"template":"","format":"standard","meta":{"_jetpack_newsletter_access":""},"categories":[6],"tags":[],"jetpack_featured_media_url":"http:\/\/dsrmedios.com.ar\/diario\/wp-content\/uploads\/2024\/03\/milei4.jpg","jetpack_sharing_enabled":true,"jetpack_shortlink":"https:\/\/wp.me\/p9fihK-bhj","_links":{"self":[{"href":"http:\/\/dsrmedios.com.ar\/diario\/wp-json\/wp\/v2\/posts\/43357"}],"collection":[{"href":"http:\/\/dsrmedios.com.ar\/diario\/wp-json\/wp\/v2\/posts"}],"about":[{"href":"http:\/\/dsrmedios.com.ar\/diario\/wp-json\/wp\/v2\/types\/post"}],"author":[{"embeddable":true,"href":"http:\/\/dsrmedios.com.ar\/diario\/wp-json\/wp\/v2\/users\/8"}],"replies":[{"embeddable":true,"href":"http:\/\/dsrmedios.com.ar\/diario\/wp-json\/wp\/v2\/comments?post=43357"}],"version-history":[{"count":1,"href":"http:\/\/dsrmedios.com.ar\/diario\/wp-json\/wp\/v2\/posts\/43357\/revisions"}],"predecessor-version":[{"id":43363,"href":"http:\/\/dsrmedios.com.ar\/diario\/wp-json\/wp\/v2\/posts\/43357\/revisions\/43363"}],"wp:featuredmedia":[{"embeddable":true,"href":"http:\/\/dsrmedios.com.ar\/diario\/wp-json\/wp\/v2\/media\/43301"}],"wp:attachment":[{"href":"http:\/\/dsrmedios.com.ar\/diario\/wp-json\/wp\/v2\/media?parent=43357"}],"wp:term":[{"taxonomy":"category","embeddable":true,"href":"http:\/\/dsrmedios.com.ar\/diario\/wp-json\/wp\/v2\/categories?post=43357"},{"taxonomy":"post_tag","embeddable":true,"href":"http:\/\/dsrmedios.com.ar\/diario\/wp-json\/wp\/v2\/tags?post=43357"}],"curies":[{"name":"wp","href":"https:\/\/api.w.org\/{rel}","templated":true}]}}