{"id":43348,"date":"2024-03-08T11:06:30","date_gmt":"2024-03-08T14:06:30","guid":{"rendered":"http:\/\/dsrmedios.com.ar\/diario\/?p=43348"},"modified":"2024-03-08T11:06:33","modified_gmt":"2024-03-08T14:06:33","slug":"alerta-amarilla-para-nuestra-region","status":"publish","type":"post","link":"http:\/\/dsrmedios.com.ar\/diario\/archivos\/43348","title":{"rendered":"ALERTA AMARILLA PARA NUESTRA REGION"},"content":{"rendered":"\n<p>La alerta amarilla por tormentas compromete a casi todo el territorio de las provincias de Corrientes, Misiones, La Pampa, Buenos Aires y San Luis. En tanto, rige en un sector del norte de Entre R\u00edos, el sur de C\u00f3rdoba, el noreste de Mendoza y sur de Santa Fe.<\/p>\n\n\n\n<p>Las tormentas fuertes con r\u00e1fagas y ocasional ca\u00edda de granizo podr\u00edan ocurrir en la provincia de Buenos Aires: Adolfo Alsina, Daireaux, Guamini, Hipolito Yrigoyen, Pehuajo, Pellegrini, Salliquelo, Trenque Lauquen, Tres Lomas, Cnel Dorrego, Coronel Rosales y Monte Hermoso.<\/p>\n\n\n\n<p>Seg\u00fan el organismo, el nivel de alerta amarilla significa la presencia de posibles fen\u00f3menos meteorol\u00f3gicos con capacidad de da\u00f1o y riesgo de interrupci\u00f3n moment\u00e1nea de actividades cotidianas.<\/p>\n\n\n\n<p>Ante esta situaci\u00f3n, se recomienda no sacar la basura, retirar objetos que impidan que el agua escurra, evitar actividades al aire libre, no refugiarse cerca de \u00e1rboles y postes de electricidad que puedan caerse, no permanecer en playas, r\u00edos, lagunas o piletas y prestar atenci\u00f3n ante la posible ca\u00edda de granizo.<\/p>\n","protected":false},"excerpt":{"rendered":"<div class=\"mh-excerpt\"><p>La alerta amarilla por tormentas compromete a casi todo el territorio de las provincias de Corrientes, Misiones, La Pampa, Buenos Aires y San Luis. En tanto, rige en un sector del norte de Entre R\u00edos, el sur de C\u00f3rdoba, el noreste de Mendoza y sur de Santa Fe. Las tormentas fuertes con r\u00e1fagas y ocasional ca\u00edda de granizo podr\u00edan ocurrir en la provincia de Buenos Aires: Adolfo Alsina, Daireaux, Guamini, Hipolito Yrigoyen, Pehuajo, Pellegrini, Salliquelo, Trenque Lauquen, Tres Lomas, Cnel Dorrego, Coronel Rosales y Monte Hermoso. Seg\u00fan el organismo, el nivel de alerta amarilla significa la presencia de posibles fen\u00f3menos <a class=\"mh-excerpt-more\" href=\"http:\/\/dsrmedios.com.ar\/diario\/archivos\/43348\" title=\"ALERTA AMARILLA PARA NUESTRA REGION\">[Leer m\u00e1s]<\/a><\/p>\n<\/div>","protected":false},"author":5,"featured_media":43349,"comment_status":"open","ping_status":"closed","sticky":false,"template":"","format":"standard","meta":{"_jetpack_newsletter_access":""},"categories":[18,31],"tags":[],"jetpack_featured_media_url":"http:\/\/dsrmedios.com.ar\/diario\/wp-content\/uploads\/2024\/03\/tormenta.jpg","jetpack_sharing_enabled":true,"jetpack_shortlink":"https:\/\/wp.me\/p9fihK-bha","_links":{"self":[{"href":"http:\/\/dsrmedios.com.ar\/diario\/wp-json\/wp\/v2\/posts\/43348"}],"collection":[{"href":"http:\/\/dsrmedios.com.ar\/diario\/wp-json\/wp\/v2\/posts"}],"about":[{"href":"http:\/\/dsrmedios.com.ar\/diario\/wp-json\/wp\/v2\/types\/post"}],"author":[{"embeddable":true,"href":"http:\/\/dsrmedios.com.ar\/diario\/wp-json\/wp\/v2\/users\/5"}],"replies":[{"embeddable":true,"href":"http:\/\/dsrmedios.com.ar\/diario\/wp-json\/wp\/v2\/comments?post=43348"}],"version-history":[{"count":1,"href":"http:\/\/dsrmedios.com.ar\/diario\/wp-json\/wp\/v2\/posts\/43348\/revisions"}],"predecessor-version":[{"id":43350,"href":"http:\/\/dsrmedios.com.ar\/diario\/wp-json\/wp\/v2\/posts\/43348\/revisions\/43350"}],"wp:featuredmedia":[{"embeddable":true,"href":"http:\/\/dsrmedios.com.ar\/diario\/wp-json\/wp\/v2\/media\/43349"}],"wp:attachment":[{"href":"http:\/\/dsrmedios.com.ar\/diario\/wp-json\/wp\/v2\/media?parent=43348"}],"wp:term":[{"taxonomy":"category","embeddable":true,"href":"http:\/\/dsrmedios.com.ar\/diario\/wp-json\/wp\/v2\/categories?post=43348"},{"taxonomy":"post_tag","embeddable":true,"href":"http:\/\/dsrmedios.com.ar\/diario\/wp-json\/wp\/v2\/tags?post=43348"}],"curies":[{"name":"wp","href":"https:\/\/api.w.org\/{rel}","templated":true}]}}