{"id":43337,"date":"2024-03-07T15:21:14","date_gmt":"2024-03-07T18:21:14","guid":{"rendered":"http:\/\/dsrmedios.com.ar\/diario\/?p=43337"},"modified":"2024-03-07T15:21:20","modified_gmt":"2024-03-07T18:21:20","slug":"en-expoagro-jorge-macri-apoyo-la-gestion-de-milei-y-cruzo-a-axel-kicillof-por-su-rechazo-al-pacto-de-mayo","status":"publish","type":"post","link":"http:\/\/dsrmedios.com.ar\/diario\/archivos\/43337","title":{"rendered":"En Expoagro, Jorge Macri apoy\u00f3 la gesti\u00f3n de Milei y cruz\u00f3 a Axel Kicillof por su rechazo al Pacto de Mayo"},"content":{"rendered":"\n<p>EL jefe de Gobierno Porte\u00f1o,<strong>&nbsp;Jorge Macri,&nbsp;<\/strong>recorri\u00f3 este mi\u00e9rcoles la megamuestra Expoagro, que se desarrolla hasta este viernes 8 en San Nicol\u00e1s, y cuestion\u00f3 al gobernador bonaerense,&nbsp;<strong>Axel Kicillof,&nbsp;<\/strong>por rechazar el<strong>&nbsp;Pacto de Mayo.<\/strong><\/p>\n\n\n\n<p>\u201cEs una pena, porque\u00a0<strong>uno nunca tiene que dejar de ir a una mesa antes de sentarse<\/strong>. Despu\u00e9s de una reuni\u00f3n, se pueden plantear diferencias, pero si no vas, ni siquiera hubo chances de manifestar las diferencias. M\u00e1s all\u00e1 del signo pol\u00edtico de Kicillof, \u00e9l tiene que gobernar para todos los bonaerenses y eso significa sentarse con el Presidente de todos los argentinos\u201d, afirm\u00f3 en una entrevista exclusiva con\u00a0<strong>TN.<\/strong><\/p>\n\n\n\n<p>A su vez, Macri reiter\u00f3 su apoyo a la gesti\u00f3n de Milei. \u201c<strong>Tengo mucha confianza. Creo que el Presidente est\u00e1 haciendo un gran esfuerzo por ordenar las cuentas p\u00fablicas nacionales<\/strong>\u201d, dijo al recorrer la megamuestra, donde se encontr\u00f3 con el ex senador y ex ministro de Educaci\u00f3n,<strong>&nbsp;Esteban Bullrich,&nbsp;<\/strong>en la carpa institucional.<\/p>\n\n\n\n<h3>\u00bfQuer\u00e9s recibir m\u00e1s informaci\u00f3n sobre el campo?<\/h3>\n\n\n\n<p>En cuanto al v\u00ednculo del campo con la ciudad, Macri coment\u00f3: \u201cLa verdad que muy contento, Expoagro es un lugar que amo visitar y no me he perdido ninguna de las muestras, llueve o truene. Para m\u00ed es un orgullo ver esta pujanza y capacidad de emprender que tiene el campo. El cambio m\u00e1s relevante de los \u00faltimos 10 a\u00f1os ha sido la irrupci\u00f3n de la tecnolog\u00eda, lo que genera un nuevo v\u00ednculo entre la ciudad y el campo\u201d.<\/p>\n\n\n\n<p>En ese sentido, resalt\u00f3 que ya exist\u00eda desde siempre hubo \u201cuna relaci\u00f3n natural\u201d entre ambos \u00e1mbitos.<\/p>\n\n\n\n<p>\u201cMucha gente del campo vive en la ciudad, que adem\u00e1s es el gran mercado de los alimentos. Pero cuando irrumpi\u00f3 la tecnolog\u00eda, adem\u00e1s se sumaron las empresas que en Buenos Aires son proveedoras de ese equipamiento. Inclusive, en el parque de la innovaci\u00f3n tenemos startups que est\u00e1n trabajando en innovaciones para el agro\u201d.<\/p>\n\n\n\n<p>El jefe de Gobierno porte\u00f1o, adem\u00e1s, destac\u00f3 que el\u00a0<strong>Congreso de la\u00a0<\/strong>Asociaci\u00f3n Argentina de Productores en Siembra Directa<strong>\u00a0(Aapresid) 2024, por primera vez, se har\u00e1 en la Ciudad de Buenos Aires, del 7 al 9 de agosto.<\/strong>\u00a0\u201cEs una gran noticia\u201d, manifest\u00f3.<\/p>\n\n\n\n<p>Fuente: TN<\/p>\n","protected":false},"excerpt":{"rendered":"<div class=\"mh-excerpt\"><p>EL jefe de Gobierno Porte\u00f1o,&nbsp;Jorge Macri,&nbsp;recorri\u00f3 este mi\u00e9rcoles la megamuestra Expoagro, que se desarrolla hasta este viernes 8 en San Nicol\u00e1s, y cuestion\u00f3 al gobernador bonaerense,&nbsp;Axel Kicillof,&nbsp;por rechazar el&nbsp;Pacto de Mayo. \u201cEs una pena, porque\u00a0uno nunca tiene que dejar de ir a una mesa antes de sentarse. Despu\u00e9s de una reuni\u00f3n, se pueden plantear diferencias, pero si no vas, ni siquiera hubo chances de manifestar las diferencias. M\u00e1s all\u00e1 del signo pol\u00edtico de Kicillof, \u00e9l tiene que gobernar para todos los bonaerenses y eso significa sentarse con el Presidente de todos los argentinos\u201d, afirm\u00f3 en una entrevista exclusiva con\u00a0TN. A <a class=\"mh-excerpt-more\" href=\"http:\/\/dsrmedios.com.ar\/diario\/archivos\/43337\" title=\"En Expoagro, Jorge Macri apoy\u00f3 la gesti\u00f3n de Milei y cruz\u00f3 a Axel Kicillof por su rechazo al Pacto de Mayo\">[Leer m\u00e1s]<\/a><\/p>\n<\/div>","protected":false},"author":8,"featured_media":43338,"comment_status":"open","ping_status":"closed","sticky":false,"template":"","format":"standard","meta":{"_jetpack_newsletter_access":""},"categories":[7],"tags":[],"jetpack_featured_media_url":"http:\/\/dsrmedios.com.ar\/diario\/wp-content\/uploads\/2024\/03\/SRWIARYWMZHUBETED2XKI27AKU.jpg","jetpack_sharing_enabled":true,"jetpack_shortlink":"https:\/\/wp.me\/p9fihK-bgZ","_links":{"self":[{"href":"http:\/\/dsrmedios.com.ar\/diario\/wp-json\/wp\/v2\/posts\/43337"}],"collection":[{"href":"http:\/\/dsrmedios.com.ar\/diario\/wp-json\/wp\/v2\/posts"}],"about":[{"href":"http:\/\/dsrmedios.com.ar\/diario\/wp-json\/wp\/v2\/types\/post"}],"author":[{"embeddable":true,"href":"http:\/\/dsrmedios.com.ar\/diario\/wp-json\/wp\/v2\/users\/8"}],"replies":[{"embeddable":true,"href":"http:\/\/dsrmedios.com.ar\/diario\/wp-json\/wp\/v2\/comments?post=43337"}],"version-history":[{"count":1,"href":"http:\/\/dsrmedios.com.ar\/diario\/wp-json\/wp\/v2\/posts\/43337\/revisions"}],"predecessor-version":[{"id":43339,"href":"http:\/\/dsrmedios.com.ar\/diario\/wp-json\/wp\/v2\/posts\/43337\/revisions\/43339"}],"wp:featuredmedia":[{"embeddable":true,"href":"http:\/\/dsrmedios.com.ar\/diario\/wp-json\/wp\/v2\/media\/43338"}],"wp:attachment":[{"href":"http:\/\/dsrmedios.com.ar\/diario\/wp-json\/wp\/v2\/media?parent=43337"}],"wp:term":[{"taxonomy":"category","embeddable":true,"href":"http:\/\/dsrmedios.com.ar\/diario\/wp-json\/wp\/v2\/categories?post=43337"},{"taxonomy":"post_tag","embeddable":true,"href":"http:\/\/dsrmedios.com.ar\/diario\/wp-json\/wp\/v2\/tags?post=43337"}],"curies":[{"name":"wp","href":"https:\/\/api.w.org\/{rel}","templated":true}]}}