{"id":43334,"date":"2024-03-07T15:18:22","date_gmt":"2024-03-07T18:18:22","guid":{"rendered":"http:\/\/dsrmedios.com.ar\/diario\/?p=43334"},"modified":"2024-03-07T15:18:25","modified_gmt":"2024-03-07T18:18:25","slug":"confirmaron-un-caso-de-sindrome-uremico-hemolitico-en-un-bebe-de-guamini","status":"publish","type":"post","link":"http:\/\/dsrmedios.com.ar\/diario\/archivos\/43334","title":{"rendered":"Confirmaron un caso de S\u00edndrome Ur\u00e9mico Hemol\u00edtico en un beb\u00e9 de Guamin\u00ed"},"content":{"rendered":"\n<p>La&nbsp;<strong>Asociaci\u00f3n para la Prevenci\u00f3n del S\u00edndrome Ur\u00e9mico Hemolitico (APRESUH)<\/strong>&nbsp;confirm\u00f3 el primer caso de esta&nbsp;<a href=\"https:\/\/infocielo.com\/enfermedad-a1485\">enfermedad&nbsp;<\/a>en un beb\u00e9 de&nbsp;<strong><a href=\"https:\/\/infocielo.com\/guamini\">Guamin\u00ed<\/a><\/strong>, ciudad ubicada al sudoeste de la&nbsp;<strong>provincia de Buenos Aires<\/strong>. Conoc\u00e9 qu\u00e9 es el SUH y los s\u00edntomas principales.<\/p>\n\n\n\n<p>A trav\u00e9s de su\u00a0<a rel=\"noreferrer noopener\" href=\"https:\/\/www.instagram.com\/p\/C4J4QAarvBC\/\" target=\"_blank\">cuenta oficial de Instagram<\/a>, la APRESUH inform\u00f3: &#8220;Lamentamos informar el primer caso de SUH atendido en la ciudad de\u00a0<strong>Bah\u00eda Blanca<\/strong>\u00a0en el a\u00f1o 2024.\u00a0<strong>Se trata de un paciente de 12 meses; var\u00f3n; oriundo de la localidad de Guamin\u00ed, internado en el HIGA Jos\u00e9 Penna desde el d\u00eda 28\/02<\/strong><\/p>\n\n\n\n<p>Asimismo detall\u00f3 que el ni\u00f1o se encuentra estable, en tratamiento de di\u00e1lisis y habiendo sido transfundido y agreg\u00f3 que, &#8220;si bien se investigan los posibles focos de infecci\u00f3n, se recomienda a la poblaci\u00f3n extremar medidas para evitar el contagio de la bacteria&#8221;.<\/p>\n\n\n\n<h2>\u00bfQu\u00e9 es el&nbsp;<a href=\"https:\/\/infocielo.com\/sindrome-uremico-hemolitico-a13406\">S\u00edndrome Ur\u00e9mico Hemol\u00edtico<\/a>?<\/h2>\n\n\n\n<p>Seg\u00fan la APRESUH, se trata de&nbsp;<strong>una enfermedad que afecta especialmente los ri\u00f1ones y que suele presentarse con mayor frecuencia en ni\u00f1os menores de 5 a\u00f1os<\/strong>, sin embargo, ni\u00f1os m\u00e1s grandes y adultos pueden padecerla tambien. Su nombre describe bien de qu\u00e9 se trata:<\/p>\n\n\n\n<ul>\n<li><strong>S\u00edndrome:<\/strong>&nbsp;porque tiene m\u00faltiples causas y afecta a varios \u00f3rganos, entre otros, al Sistema Nervioso Central, al coraz\u00f3n, a la sangre, al ri\u00f1\u00f3n y al p\u00e1ncreas.<\/li>\n\n\n\n<li><strong>Ur\u00e9mico:<\/strong>&nbsp;porque sube la urea, debido al da\u00f1o que causa en el ri\u00f1\u00f3n. Produce una p\u00e9rdida s\u00fabita de la capacidad del aparato urinario para eliminar los residuos t\u00f3xicos.<\/li>\n\n\n\n<li><strong>Hemol\u00edtico:<\/strong>&nbsp;porque se rompen los gl\u00f3bulos rojos y bajan las plaquetas.<\/li>\n<\/ul>\n\n\n\n<p><a href=\"https:\/\/infocielo.com\/sociedad\/que-es-el-sindrome-uremico-hemolitico-y-como-prevenir-la-enfermedad-n780679\" target=\"_blank\" rel=\"noreferrer noopener\">La enfermedad se contrae cuando la bacteria ingresa al organismo por ingesti\u00f3n de alimentos contaminados<\/a>, aguas contaminadas o de persona a persona.<\/p>\n\n\n\n<figure class=\"wp-block-image\"><img decoding=\"async\" src=\"https:\/\/media.infocielo.com\/p\/36ea9bb63126f93538f3b17d3b65c801\/adjuntos\/299\/imagenes\/001\/797\/0001797065\/887x0\/smart\/comida-carne-coccion.jpg\" alt=\"La Asociaci\u00f3n para la Prevenci\u00f3n del S\u00edndrome Ur\u00e9mico Hemolitico confirm\u00f3 el primer caso de esta enfermedad en un beb\u00e9 de Guamin\u00ed.\" title=\"La Asociaci\u00f3n para la Prevenci\u00f3n del S\u00edndrome Ur\u00e9mico Hemolitico confirm\u00f3 el primer caso de esta enfermedad en un beb\u00e9 de Guamin\u00ed.\"\/><\/figure>\n\n\n\n<p>La Asociaci\u00f3n para la Prevenci\u00f3n del S\u00edndrome Ur\u00e9mico Hemolitico confirm\u00f3 el primer caso de esta enfermedad en un beb\u00e9 de Guamin\u00ed.<\/p>\n\n\n\n<h2>\u00bfCu\u00e1les son los s\u00edntomas m\u00e1s comunes de la enfermedad?<\/h2>\n\n\n\n<p>El&nbsp;<strong>Ministerio de Salud de la Naci\u00f3n<\/strong>&nbsp;sostiene&nbsp;<a href=\"https:\/\/www.argentina.gob.ar\/anmat\/comunidad\/sindrome-uremico-hemolitico-todo-lo-que-debes-saber\" target=\"_blank\" rel=\"noreferrer noopener\">en su sitio oficial<\/a>&nbsp;que los sintomas m\u00e1s comunes del S\u00edndrome Ur\u00e9mico Hemolitico son:<\/p>\n\n\n\n<ul>\n<li>Cuadro de diarrea, generalmente con sangre.<\/li>\n\n\n\n<li>Fiebre.<\/li>\n\n\n\n<li>V\u00f3mitos.<\/li>\n\n\n\n<li>Dolor abdominal.<\/li>\n\n\n\n<li>Disminuci\u00f3n de la cantidad de orina.<\/li>\n\n\n\n<li>Decaimiento.<\/li>\n<\/ul>\n\n\n\n<h2>\u00bfQu\u00e9 alimentos se consideran \u201cde riesgo\u201d y consejos para evitar el contagio?<\/h2>\n\n\n\n<p>Algunos alimentos que en los que se puede encontrar la bacteria son:&nbsp;<strong>la carne picada mal cocida; las carnes jugosas de color rosado o rojo en el centro; los alimentos cocidos que tomaron contacto con carne cruda; los productos l\u00e1cteos que pierden la cadena de fr\u00edo; las frutas y verduras que no se lavaron adecuadamente; y hasta el agua no potable<\/strong>.<\/p>\n\n\n\n<p>Al momento de cocinar, es clave que puedas seguir las siguientes recomendaciones para evitar el contagio del S\u00edndrome Ur\u00e9mico Hemol\u00edtico:<\/p>\n\n\n\n<ul>\n<li>Lavarse las manos antes y despu\u00e9s de procesar los alimentos.<\/li>\n\n\n\n<li>Al terminar, lavar todo lo que ha tomado contacto con la carne cruda, con agua bien caliente y jabonosa.<\/li>\n\n\n\n<li>No utilizar los mismos cubiertos con la carne cruda y cocida.<\/li>\n\n\n\n<li>Lavar frutas y verduras con agua potable y, de no ser posible, agregar 2 gotas de lavandina por litro de agua, esperar 30 minutos y lavar.<\/li>\n\n\n\n<li>Asegurarse de que la carne no sea jugosa ni est\u00e9 rosada o roja en el centro.<\/li>\n\n\n\n<li>La carne picada est\u00e1 bien cocida cuando el suero que libera al cocinarse es transparente.<\/li>\n\n\n\n<li>Se recomienda lavar con lavandina al menos una vez por semana las tablas de madera donde se corta carne.<\/li>\n<\/ul>\n\n\n\n<figure class=\"wp-block-image\"><img decoding=\"async\" src=\"https:\/\/media.infocielo.com\/p\/9cc3801c6eda98d4cab0c577a88ee574\/adjuntos\/299\/imagenes\/001\/733\/0001733314\/887x0\/smart\/lavar-verduras-cocinar-cocina-alimentos-zanahoria.jpg\" alt=\"\" title=\"\"\/><\/figure>\n\n\n\n<p>Asimismo, hay una serie de consejos que pod\u00e9s seguir fuera del hogar:<\/p>\n\n\n\n<ul>\n<li>Para las viandas escolares, luncheras t\u00e9rmicas o bolsas t\u00e9rmicas.<\/li>\n\n\n\n<li>Evitar darle al chico para que lleve al colegio productos l\u00e1cteos.<\/li>\n\n\n\n<li>Si lleva alimentos que tienen que permanecer en fr\u00edo, colocar un gel refrigerante o una cajita de jugo congelado.<\/li>\n\n\n\n<li>Lavarse las manos antes y despu\u00e9s de cambiar los pa\u00f1ales, especialmente en las guarder\u00edas.<\/li>\n\n\n\n<li>Lavarse las manos luego de ir al ba\u00f1o.<\/li>\n\n\n\n<li>Clorar las aguas de nataci\u00f3n adecuadamente y aquella de consumo que no sea agua corriente.<\/li>\n<\/ul>\n\n\n\n<p>Fuente: Infocielo<\/p>\n","protected":false},"excerpt":{"rendered":"<div class=\"mh-excerpt\"><p>La&nbsp;Asociaci\u00f3n para la Prevenci\u00f3n del S\u00edndrome Ur\u00e9mico Hemolitico (APRESUH)&nbsp;confirm\u00f3 el primer caso de esta&nbsp;enfermedad&nbsp;en un beb\u00e9 de&nbsp;Guamin\u00ed, ciudad ubicada al sudoeste de la&nbsp;provincia de Buenos Aires. Conoc\u00e9 qu\u00e9 es el SUH y los s\u00edntomas principales. A trav\u00e9s de su\u00a0cuenta oficial de Instagram, la APRESUH inform\u00f3: &#8220;Lamentamos informar el primer caso de SUH atendido en la ciudad de\u00a0Bah\u00eda Blanca\u00a0en el a\u00f1o 2024.\u00a0Se trata de un paciente de 12 meses; var\u00f3n; oriundo de la localidad de Guamin\u00ed, internado en el HIGA Jos\u00e9 Penna desde el d\u00eda 28\/02 Asimismo detall\u00f3 que el ni\u00f1o se encuentra estable, en tratamiento de di\u00e1lisis y habiendo sido <a class=\"mh-excerpt-more\" href=\"http:\/\/dsrmedios.com.ar\/diario\/archivos\/43334\" title=\"Confirmaron un caso de S\u00edndrome Ur\u00e9mico Hemol\u00edtico en un beb\u00e9 de Guamin\u00ed\">[Leer m\u00e1s]<\/a><\/p>\n<\/div>","protected":false},"author":8,"featured_media":43335,"comment_status":"open","ping_status":"closed","sticky":false,"template":"","format":"standard","meta":{"_jetpack_newsletter_access":""},"categories":[8],"tags":[],"jetpack_featured_media_url":"http:\/\/dsrmedios.com.ar\/diario\/wp-content\/uploads\/2024\/03\/md-1.webp","jetpack_sharing_enabled":true,"jetpack_shortlink":"https:\/\/wp.me\/p9fihK-bgW","_links":{"self":[{"href":"http:\/\/dsrmedios.com.ar\/diario\/wp-json\/wp\/v2\/posts\/43334"}],"collection":[{"href":"http:\/\/dsrmedios.com.ar\/diario\/wp-json\/wp\/v2\/posts"}],"about":[{"href":"http:\/\/dsrmedios.com.ar\/diario\/wp-json\/wp\/v2\/types\/post"}],"author":[{"embeddable":true,"href":"http:\/\/dsrmedios.com.ar\/diario\/wp-json\/wp\/v2\/users\/8"}],"replies":[{"embeddable":true,"href":"http:\/\/dsrmedios.com.ar\/diario\/wp-json\/wp\/v2\/comments?post=43334"}],"version-history":[{"count":1,"href":"http:\/\/dsrmedios.com.ar\/diario\/wp-json\/wp\/v2\/posts\/43334\/revisions"}],"predecessor-version":[{"id":43336,"href":"http:\/\/dsrmedios.com.ar\/diario\/wp-json\/wp\/v2\/posts\/43334\/revisions\/43336"}],"wp:featuredmedia":[{"embeddable":true,"href":"http:\/\/dsrmedios.com.ar\/diario\/wp-json\/wp\/v2\/media\/43335"}],"wp:attachment":[{"href":"http:\/\/dsrmedios.com.ar\/diario\/wp-json\/wp\/v2\/media?parent=43334"}],"wp:term":[{"taxonomy":"category","embeddable":true,"href":"http:\/\/dsrmedios.com.ar\/diario\/wp-json\/wp\/v2\/categories?post=43334"},{"taxonomy":"post_tag","embeddable":true,"href":"http:\/\/dsrmedios.com.ar\/diario\/wp-json\/wp\/v2\/tags?post=43334"}],"curies":[{"name":"wp","href":"https:\/\/api.w.org\/{rel}","templated":true}]}}